{"id":23455,"date":"2014-06-11T00:00:00","date_gmt":"2014-06-11T00:00:00","guid":{"rendered":"http:\/\/194.35.43.170\/~aitamenninueva\/eucaristia-de-accion-de-gracias-en-la-basilica-de-begona-de-bilbao\/"},"modified":"2022-10-25T13:54:39","modified_gmt":"2022-10-25T13:54:39","slug":"eucaristia-de-accion-de-gracias-en-la-basilica-de-begona-de-bilbao","status":"publish","type":"post","link":"https:\/\/ospitalarioakfundazioaeuskadi.org\/es\/eucaristia-de-accion-de-gracias-en-la-basilica-de-begona-de-bilbao\/","title":{"rendered":"Eucarist\u00eda de Acci\u00f3n de Gracias en la Bas\u00edlica de Bego\u00f1a de Bilbao"},"content":{"rendered":"<p><a title=\"Eucarist\u00eda de Acci\u00f3n de Gracias en la Bas\u00edlica de Bego\u00f1a de Bilbao\" href=\"http:\/\/www.aita-menni.org\/es\/noticias\/eucaristia-accion-gracias-basilica-begona-8244.html\" rel=\"nofollow noopener\" target=\"_blank\">Ver esta noticia en la web del Hospital Aita Menni<\/a><\/p>\n","protected":false},"excerpt":{"rendered":"<div class=\"entry-summary\">\nVer esta noticia en la web del Hospital Aita Menni\n<\/div>\n<div class=\"link-more\"><a href=\"https:\/\/ospitalarioakfundazioaeuskadi.org\/es\/eucaristia-de-accion-de-gracias-en-la-basilica-de-begona-de-bilbao\/\" class=\"more-link\">Seguir leyendo<span class=\"screen-reader-text\"> &ldquo;Eucarist\u00eda de Acci\u00f3n de Gracias en la Bas\u00edlica de Bego\u00f1a de Bilbao&rdquo;<\/span>&hellip;<\/a><\/div>\n","protected":false},"author":1,"featured_media":33,"comment_status":"closed","ping_status":"closed","sticky":false,"template":"","format":"standard","meta":{"footnotes":""},"categories":[648],"tags":[708],"linea-asistencial":[980],"class_list":["post-23455","post","type-post","status-publish","format-standard","has-post-thumbnail","hentry","category-residencia-txurdinagabarri-bilbao","tag-aita-menni","linea-asistencial-4-persona-mayor","entry"],"_links":{"self":[{"href":"https:\/\/ospitalarioakfundazioaeuskadi.org\/es\/wp-json\/wp\/v2\/posts\/23455","targetHints":{"allow":["GET"]}}],"collection":[{"href":"https:\/\/ospitalarioakfundazioaeuskadi.org\/es\/wp-json\/wp\/v2\/posts"}],"about":[{"href":"https:\/\/ospitalarioakfundazioaeuskadi.org\/es\/wp-json\/wp\/v2\/types\/post"}],"author":[{"embeddable":true,"href":"https:\/\/ospitalarioakfundazioaeuskadi.org\/es\/wp-json\/wp\/v2\/users\/1"}],"replies":[{"embeddable":true,"href":"https:\/\/ospitalarioakfundazioaeuskadi.org\/es\/wp-json\/wp\/v2\/comments?post=23455"}],"version-history":[{"count":1,"href":"https:\/\/ospitalarioakfundazioaeuskadi.org\/es\/wp-json\/wp\/v2\/posts\/23455\/revisions"}],"predecessor-version":[{"id":55407,"href":"https:\/\/ospitalarioakfundazioaeuskadi.org\/es\/wp-json\/wp\/v2\/posts\/23455\/revisions\/55407"}],"wp:featuredmedia":[{"embeddable":true,"href":"https:\/\/ospitalarioakfundazioaeuskadi.org\/es\/wp-json\/wp\/v2\/media\/33"}],"wp:attachment":[{"href":"https:\/\/ospitalarioakfundazioaeuskadi.org\/es\/wp-json\/wp\/v2\/media?parent=23455"}],"wp:term":[{"taxonomy":"category","embeddable":true,"href":"https:\/\/ospitalarioakfundazioaeuskadi.org\/es\/wp-json\/wp\/v2\/categories?post=23455"},{"taxonomy":"post_tag","embeddable":true,"href":"https:\/\/ospitalarioakfundazioaeuskadi.org\/es\/wp-json\/wp\/v2\/tags?post=23455"},{"taxonomy":"linea-asistencial","embeddable":true,"href":"https:\/\/ospitalarioakfundazioaeuskadi.org\/es\/wp-json\/wp\/v2\/linea-asistencial?post=23455"}],"curies":[{"name":"wp","href":"https:\/\/api.w.org\/{rel}","templated":true}]}}