{"id":23457,"date":"2014-06-30T00:00:00","date_gmt":"2014-06-30T00:00:00","guid":{"rendered":"http:\/\/194.35.43.170\/~aitamenninueva\/residentes-de-joxe-miel-barandiaran-participan-en-un-taller-intercultural-con-personas-inmigrantes\/"},"modified":"2022-10-25T13:54:37","modified_gmt":"2022-10-25T13:54:37","slug":"residentes-de-joxe-miel-barandiaran-participan-en-un-taller-intercultural-con-personas-inmigrantes","status":"publish","type":"post","link":"https:\/\/ospitalarioakfundazioaeuskadi.org\/es\/residentes-de-joxe-miel-barandiaran-participan-en-un-taller-intercultural-con-personas-inmigrantes\/","title":{"rendered":"Residentes de Joxe Miel Barandiaran participan en un taller intercultural con personas inmigrantes"},"content":{"rendered":"<p>A lo largo de los meses de Abril, Mayo y Junio, un grupo de 35 personas, conformado por residentes de la Residencia Joxe Miel Barandiar\u00e1n e inmigrantes ha compartido experiencias en el contexto de un taller intercultural promovido por el Ayuntamiento de Durango, la Fundaci\u00f3n Ignacio Ellacur\u00eda y el propio centro residencial.<\/p>\n<p>El objetivo inicial del proyecto fue la contribuci\u00f3n a la creaci\u00f3n de espacios de integraci\u00f3n social y ciudadana para los colectivos de personas mayores e inmigrantes; as\u00ed como la transformaci\u00f3n de la funci\u00f3n social atribuida a personas inmigrantes en situaci\u00f3n de exclusi\u00f3n social hacia la adquisici\u00f3n de un rol activo en la comunidad a trav\u00e9s de su participaci\u00f3n voluntaria en proyectos comunitarios.<\/p>\n<p><!--more--><\/p>\n<p>El grupo se ha reunido en tres ocasiones, las dos primeras en la residencia, y la tercera, en una salida conjunta a Urkiola donde han podido visitar el Santuario y compartir elementos propios de cada cultura en forma de productos t\u00edpicos y canciones populares.<\/p>\n<p>Marije, una de las usuarias del centro y participante en el taller, asegura estar encantada con la experiencia, y muestra su deseo de repetir actividades como esta. \u00ab\u00a1Que majos son! Nos lo hemos pasado muy bien&#8230; \u00a1y qu\u00e9 bien cocinan! Al llegar a casa s\u00f3lo he podido comer un yogur. Yo conoc\u00ed a uno de los del grupo en un curso de euskera que hice el a\u00f1o pasado y es maj\u00edsimo. Espero que les vaya muy bien a todos y que pasen por la residencia a visitarnos o encontrarnos por Durango alg\u00fan d\u00eda.\u00bb<\/p>\n<p><a href=\"https:\/\/www.personamayor.org\/wp-content\/uploads\/image003.jpg\" rel=\"nofollow noopener\" target=\"_blank\"><img loading=\"lazy\" decoding=\"async\" class=\"alignleft size-large wp-image-2226\" alt=\"Taller intercultural\" src=\"https:\/\/www.ospitalarioakfundazioaeuskadi.org\/wp-content\/uploads\/2021\/09\/image003-800x507-1.jpg\" width=\"550\" height=\"348\" title=\"\"><\/a> <a href=\"https:\/\/www.ospitalarioakfundazioaeuskadi.org\/wp-content\/uploads\/2021\/09\/image005.jpg\"><img loading=\"lazy\" decoding=\"async\" class=\"alignleft size-full wp-image-2227\" alt=\"Taller intercultural\" src=\"https:\/\/www.ospitalarioakfundazioaeuskadi.org\/wp-content\/uploads\/2021\/09\/image005.jpg\" width=\"540\" height=\"960\" title=\"\"><\/a><\/p>\n","protected":false},"excerpt":{"rendered":"<p>A lo largo de los meses de Abril, Mayo y Junio, un grupo de 35 personas, conformado por residentes de la Residencia Joxe Miel Barandiar\u00e1n e inmigrantes ha compartido experiencias en el contexto de un taller intercultural promovido por el Ayuntamiento de Durango, la Fundaci\u00f3n Ignacio Ellacur\u00eda y el propio centro residencial.<\/p>\n<p>El objetivo inicial del proyecto fue la contribuci\u00f3n a la creaci\u00f3n de espacios de integraci\u00f3n social y ciudadana para los colectivos de personas mayores e inmigrantes; as\u00ed como la transformaci\u00f3n de la funci\u00f3n social atribuida a personas inmigrantes en situaci\u00f3n de exclusi\u00f3n social hacia la adquisici\u00f3n de un rol activo en la comunidad a trav\u00e9s de su participaci\u00f3n voluntaria en proyectos comunitarios.<\/p>\n<div class=\"link-more\"><a href=\"https:\/\/ospitalarioakfundazioaeuskadi.org\/es\/residentes-de-joxe-miel-barandiaran-participan-en-un-taller-intercultural-con-personas-inmigrantes\/#more-23457\" class=\"more-link\">Seguir leyendo<span class=\"screen-reader-text\"> &ldquo;Residentes de Joxe Miel Barandiaran participan en un taller intercultural con personas inmigrantes&rdquo;<\/span>&hellip;<\/a><\/div>\n","protected":false},"author":1,"featured_media":43,"comment_status":"closed","ping_status":"closed","sticky":false,"template":"","format":"standard","meta":{"footnotes":""},"categories":[647,650],"tags":[],"linea-asistencial":[980],"class_list":["post-23457","post","type-post","status-publish","format-standard","has-post-thumbnail","hentry","category-persona-mayor","category-residencia-joxe-miel-barandiaran-durango","linea-asistencial-4-persona-mayor","entry"],"_links":{"self":[{"href":"https:\/\/ospitalarioakfundazioaeuskadi.org\/es\/wp-json\/wp\/v2\/posts\/23457","targetHints":{"allow":["GET"]}}],"collection":[{"href":"https:\/\/ospitalarioakfundazioaeuskadi.org\/es\/wp-json\/wp\/v2\/posts"}],"about":[{"href":"https:\/\/ospitalarioakfundazioaeuskadi.org\/es\/wp-json\/wp\/v2\/types\/post"}],"author":[{"embeddable":true,"href":"https:\/\/ospitalarioakfundazioaeuskadi.org\/es\/wp-json\/wp\/v2\/users\/1"}],"replies":[{"embeddable":true,"href":"https:\/\/ospitalarioakfundazioaeuskadi.org\/es\/wp-json\/wp\/v2\/comments?post=23457"}],"version-history":[{"count":1,"href":"https:\/\/ospitalarioakfundazioaeuskadi.org\/es\/wp-json\/wp\/v2\/posts\/23457\/revisions"}],"predecessor-version":[{"id":55403,"href":"https:\/\/ospitalarioakfundazioaeuskadi.org\/es\/wp-json\/wp\/v2\/posts\/23457\/revisions\/55403"}],"wp:featuredmedia":[{"embeddable":true,"href":"https:\/\/ospitalarioakfundazioaeuskadi.org\/es\/wp-json\/wp\/v2\/media\/43"}],"wp:attachment":[{"href":"https:\/\/ospitalarioakfundazioaeuskadi.org\/es\/wp-json\/wp\/v2\/media?parent=23457"}],"wp:term":[{"taxonomy":"category","embeddable":true,"href":"https:\/\/ospitalarioakfundazioaeuskadi.org\/es\/wp-json\/wp\/v2\/categories?post=23457"},{"taxonomy":"post_tag","embeddable":true,"href":"https:\/\/ospitalarioakfundazioaeuskadi.org\/es\/wp-json\/wp\/v2\/tags?post=23457"},{"taxonomy":"linea-asistencial","embeddable":true,"href":"https:\/\/ospitalarioakfundazioaeuskadi.org\/es\/wp-json\/wp\/v2\/linea-asistencial?post=23457"}],"curies":[{"name":"wp","href":"https:\/\/api.w.org\/{rel}","templated":true}]}}