{"id":23465,"date":"2014-09-16T00:00:00","date_gmt":"2014-09-16T00:00:00","guid":{"rendered":"http:\/\/194.35.43.170\/~aitamenninueva\/residentes-de-joxe-miel-barandiaran-de-durango-ponen-en-marcha-un-huerto-urbano-ecologico\/"},"modified":"2022-10-25T13:54:33","modified_gmt":"2022-10-25T13:54:33","slug":"residentes-de-joxe-miel-barandiaran-de-durango-ponen-en-marcha-un-huerto-urbano-ecologico","status":"publish","type":"post","link":"https:\/\/ospitalarioakfundazioaeuskadi.org\/es\/residentes-de-joxe-miel-barandiaran-de-durango-ponen-en-marcha-un-huerto-urbano-ecologico\/","title":{"rendered":"Residentes de Joxe Miel Barandiaran de Durango ponen en marcha un huerto urbano ecol\u00f3gico"},"content":{"rendered":"<p>La Residencia Joxe Miel Barandiaran de Durango cuenta desde este verano con un huerto ecol\u00f3gico en el que los residentes han plantado diversas variedades y que cuidan a diario, constituyendo para ellos una actividad entretenida y estimulante.<\/p>\n<p><!--more--><\/p>\n<p>El huerto esta situado en el patio, al que todos los residentes tienen acceso. Un grupo de estos residentes, formado por Gabriel, Josemari, Juan, Ram\u00f3n y Mari, entre otros, acompa\u00f1ados por la monitora del centro Elo, se han hecho responsables de la puesta en marcha del primer cultivo, y a la vista de los primeros frutos, se han ido sumado muchas otras personas que han querido colaborar espont\u00e1neamente con el proyecto. Han elegido un cultivo totalmente ecol\u00f3gico y no han utilizado ning\u00fan tipo de pesticidas, aplicando \u00fanicamente medios naturales. En este primer cultivo de verano, han plantado calabaza pimiento, vaina baja, tres variedades lechuga, escarola, roble y com\u00fan, tomates y albahaca. esta \u00faltima, por su experiencia y sabidur\u00eda, para mantener el pulg\u00f3n alejado de las plantas.<\/p>\n<p>Para muchos ha supuesto retomar una actividad que ha formado parte de su vida y de su infancia, una actividad llena de beneficios, sociales, ocupacionales y terap\u00e9uticos. entre ellos, las relaciones personales, una actividad constante que atender y la estimulaci\u00f3n sensorial. El huerto cuenta adem\u00e1s con una bomba cl\u00e1sica manual, que recupera el agua del riego y de la lluvia y que adem\u00e1s da un ejercicio ligero y muy reconfortante.<\/p>\n<p>La instalaci\u00f3n la empresa de Jardiner\u00eda Kasaku, que ha instalado un huerto urbano de la marca GITMA.<\/p>\n<p><a href=\"https:\/\/www.ospitalarioakfundazioaeuskadi.org\/wp-content\/uploads\/2021\/09\/image004.jpg\"><img loading=\"lazy\" decoding=\"async\" class=\"alignnone size-full wp-image-2543\" alt=\"Huerto ecol\u00f3gico en la Residencia Joxe Miel Barandiaran de Durango\" src=\"https:\/\/www.ospitalarioakfundazioaeuskadi.org\/wp-content\/uploads\/2021\/09\/image004.jpg\" width=\"728\" height=\"546\" title=\"\"><\/a><\/p>\n<p><a href=\"https:\/\/www.ospitalarioakfundazioaeuskadi.org\/wp-content\/uploads\/2021\/09\/image0072.jpg\"><img loading=\"lazy\" decoding=\"async\" class=\"alignnone size-full wp-image-2545\" alt=\"Huerto ecol\u00f3gico en la Residencia Joxe Miel Barandiaran de Durango\" src=\"https:\/\/www.ospitalarioakfundazioaeuskadi.org\/wp-content\/uploads\/2021\/09\/image0072.jpg\" width=\"728\" height=\"546\" title=\"\"><\/a><\/p>\n<p><a href=\"https:\/\/www.ospitalarioakfundazioaeuskadi.org\/wp-content\/uploads\/2021\/09\/image002.jpg\"><img loading=\"lazy\" decoding=\"async\" class=\"alignnone size-full wp-image-2542\" alt=\"Huerto ecol\u00f3gico en la Residencia Joxe Miel Barandiaran de Durango\" src=\"https:\/\/www.ospitalarioakfundazioaeuskadi.org\/wp-content\/uploads\/2021\/09\/image002.jpg\" width=\"728\" height=\"546\" title=\"\"><\/a><\/p>\n","protected":false},"excerpt":{"rendered":"<p>La Residencia Joxe Miel Barandiaran de Durango cuenta desde este verano con un huerto ecol\u00f3gico en el que los residentes han plantado diversas variedades y que cuidan a diario, constituyendo para ellos una actividad entretenida y estimulante.<\/p>\n<div class=\"link-more\"><a href=\"https:\/\/ospitalarioakfundazioaeuskadi.org\/es\/residentes-de-joxe-miel-barandiaran-de-durango-ponen-en-marcha-un-huerto-urbano-ecologico\/#more-23465\" class=\"more-link\">Seguir leyendo<span class=\"screen-reader-text\"> &ldquo;Residentes de Joxe Miel Barandiaran de Durango ponen en marcha un huerto urbano ecol\u00f3gico&rdquo;<\/span>&hellip;<\/a><\/div>\n","protected":false},"author":1,"featured_media":131,"comment_status":"closed","ping_status":"closed","sticky":false,"template":"","format":"standard","meta":{"footnotes":""},"categories":[650],"tags":[],"linea-asistencial":[980],"class_list":["post-23465","post","type-post","status-publish","format-standard","has-post-thumbnail","hentry","category-residencia-joxe-miel-barandiaran-durango","linea-asistencial-4-persona-mayor","entry"],"_links":{"self":[{"href":"https:\/\/ospitalarioakfundazioaeuskadi.org\/es\/wp-json\/wp\/v2\/posts\/23465","targetHints":{"allow":["GET"]}}],"collection":[{"href":"https:\/\/ospitalarioakfundazioaeuskadi.org\/es\/wp-json\/wp\/v2\/posts"}],"about":[{"href":"https:\/\/ospitalarioakfundazioaeuskadi.org\/es\/wp-json\/wp\/v2\/types\/post"}],"author":[{"embeddable":true,"href":"https:\/\/ospitalarioakfundazioaeuskadi.org\/es\/wp-json\/wp\/v2\/users\/1"}],"replies":[{"embeddable":true,"href":"https:\/\/ospitalarioakfundazioaeuskadi.org\/es\/wp-json\/wp\/v2\/comments?post=23465"}],"version-history":[{"count":1,"href":"https:\/\/ospitalarioakfundazioaeuskadi.org\/es\/wp-json\/wp\/v2\/posts\/23465\/revisions"}],"predecessor-version":[{"id":55394,"href":"https:\/\/ospitalarioakfundazioaeuskadi.org\/es\/wp-json\/wp\/v2\/posts\/23465\/revisions\/55394"}],"wp:featuredmedia":[{"embeddable":true,"href":"https:\/\/ospitalarioakfundazioaeuskadi.org\/es\/wp-json\/wp\/v2\/media\/131"}],"wp:attachment":[{"href":"https:\/\/ospitalarioakfundazioaeuskadi.org\/es\/wp-json\/wp\/v2\/media?parent=23465"}],"wp:term":[{"taxonomy":"category","embeddable":true,"href":"https:\/\/ospitalarioakfundazioaeuskadi.org\/es\/wp-json\/wp\/v2\/categories?post=23465"},{"taxonomy":"post_tag","embeddable":true,"href":"https:\/\/ospitalarioakfundazioaeuskadi.org\/es\/wp-json\/wp\/v2\/tags?post=23465"},{"taxonomy":"linea-asistencial","embeddable":true,"href":"https:\/\/ospitalarioakfundazioaeuskadi.org\/es\/wp-json\/wp\/v2\/linea-asistencial?post=23465"}],"curies":[{"name":"wp","href":"https:\/\/api.w.org\/{rel}","templated":true}]}}