{"id":23469,"date":"2014-11-10T00:00:00","date_gmt":"2014-11-10T00:00:00","guid":{"rendered":"http:\/\/194.35.43.170\/~aitamenninueva\/residentes-de-joxe-miel-barandiaran-visitan-la-feria-nagusi\/"},"modified":"2022-10-25T13:54:29","modified_gmt":"2022-10-25T13:54:29","slug":"residentes-de-joxe-miel-barandiaran-visitan-la-feria-nagusi","status":"publish","type":"post","link":"https:\/\/ospitalarioakfundazioaeuskadi.org\/es\/residentes-de-joxe-miel-barandiaran-visitan-la-feria-nagusi\/","title":{"rendered":"Residentes de Joxe Miel Barandiaran visitan la feria Nagusi"},"content":{"rendered":"<p>Un grupo de residentes de Joxe Miel Barandiar\u00e1n pudieron disfrutar el 17 de octubre de una salida a la feria Nagusi, que se celebraba en las instalaciones del BEC en Barakaldo. Nagusi es una feria en la que instituciones p\u00fablicas, asociaciones y entidades privadas muestran los productos y servicios que ofrecen destinados espec\u00edficamente a las personas mayores y a sus familias y cuidadores.<\/p>\n<p><!--more--><\/p>\n<p>La salida desde Joxe Miel Barandiaran, que se realizaba por segundo a\u00f1o consecutivo, fue posible gracias a la colaboraci\u00f3n de un grupo de apoyo que nos ayud\u00f3 durante el tiempo que pasamos en las instalaciones del BEC y con el que lo pasamos francamente bien.<\/p>\n<p>En Nagusi pudimos participar en diversas actividades, y una de las que m\u00e1s nos gust\u00f3 fue la actuaci\u00f3n del Orfe\u00f3n Baracald\u00e9s, en la que hubo alg\u00fan reencuentro.<\/p>\n<p>Tambi\u00e9n nos llamaron mucho la atenci\u00f3n un stand con dispositivos inform\u00e1ticos en el que pudimos utilizar unas tabletas, o la exposici\u00f3n sobre setas y hongos en la que usamos un microscopio, as\u00ed como otros talleres y actividades divertidas.<\/p>\n<p>\u00a1Esperamos repetir el a\u00f1o que viene!<\/p>\n<figure id=\"attachment_2789\" aria-describedby=\"caption-attachment-2789\" style=\"width: 550px\" class=\"wp-caption alignleft\"><a href=\"https:\/\/www.personamayor.org\/wp-content\/uploads\/image00111.jpg\" rel=\"nofollow noopener\" target=\"_blank\"><img loading=\"lazy\" decoding=\"async\" class=\"size-large wp-image-2789\" alt=\"Los residentes de Joxe Miel Barandiaran, con el grupo de apoyo que les ayud\u00f3 durante su estancia en el BEC\" src=\"https:\/\/www.ospitalarioakfundazioaeuskadi.org\/wp-content\/uploads\/2021\/09\/image00111-600x450-1.jpg\" width=\"550\" height=\"412\" title=\"\"><\/a><figcaption id=\"caption-attachment-2789\" class=\"wp-caption-text\">Los residentes de Joxe Miel Barandiaran, con el grupo de apoyo que les ayud\u00f3 durante su estancia en el BEC<\/figcaption><\/figure>\n","protected":false},"excerpt":{"rendered":"<p>Un grupo de residentes de Joxe Miel Barandiar\u00e1n pudieron disfrutar el 17 de octubre de una salida a la feria Nagusi, que se celebraba en las instalaciones del BEC en Barakaldo. Nagusi es una feria en la que instituciones p\u00fablicas, asociaciones y entidades privadas muestran los productos y servicios que ofrecen destinados espec\u00edficamente a las personas mayores y a sus familias y cuidadores.<\/p>\n<div class=\"link-more\"><a href=\"https:\/\/ospitalarioakfundazioaeuskadi.org\/es\/residentes-de-joxe-miel-barandiaran-visitan-la-feria-nagusi\/#more-23469\" class=\"more-link\">Seguir leyendo<span class=\"screen-reader-text\"> &ldquo;Residentes de Joxe Miel Barandiaran visitan la feria Nagusi&rdquo;<\/span>&hellip;<\/a><\/div>\n","protected":false},"author":1,"featured_media":147,"comment_status":"closed","ping_status":"closed","sticky":false,"template":"","format":"standard","meta":{"footnotes":""},"categories":[650],"tags":[],"linea-asistencial":[980],"class_list":["post-23469","post","type-post","status-publish","format-standard","has-post-thumbnail","hentry","category-residencia-joxe-miel-barandiaran-durango","linea-asistencial-4-persona-mayor","entry"],"_links":{"self":[{"href":"https:\/\/ospitalarioakfundazioaeuskadi.org\/es\/wp-json\/wp\/v2\/posts\/23469","targetHints":{"allow":["GET"]}}],"collection":[{"href":"https:\/\/ospitalarioakfundazioaeuskadi.org\/es\/wp-json\/wp\/v2\/posts"}],"about":[{"href":"https:\/\/ospitalarioakfundazioaeuskadi.org\/es\/wp-json\/wp\/v2\/types\/post"}],"author":[{"embeddable":true,"href":"https:\/\/ospitalarioakfundazioaeuskadi.org\/es\/wp-json\/wp\/v2\/users\/1"}],"replies":[{"embeddable":true,"href":"https:\/\/ospitalarioakfundazioaeuskadi.org\/es\/wp-json\/wp\/v2\/comments?post=23469"}],"version-history":[{"count":1,"href":"https:\/\/ospitalarioakfundazioaeuskadi.org\/es\/wp-json\/wp\/v2\/posts\/23469\/revisions"}],"predecessor-version":[{"id":55389,"href":"https:\/\/ospitalarioakfundazioaeuskadi.org\/es\/wp-json\/wp\/v2\/posts\/23469\/revisions\/55389"}],"wp:featuredmedia":[{"embeddable":true,"href":"https:\/\/ospitalarioakfundazioaeuskadi.org\/es\/wp-json\/wp\/v2\/media\/147"}],"wp:attachment":[{"href":"https:\/\/ospitalarioakfundazioaeuskadi.org\/es\/wp-json\/wp\/v2\/media?parent=23469"}],"wp:term":[{"taxonomy":"category","embeddable":true,"href":"https:\/\/ospitalarioakfundazioaeuskadi.org\/es\/wp-json\/wp\/v2\/categories?post=23469"},{"taxonomy":"post_tag","embeddable":true,"href":"https:\/\/ospitalarioakfundazioaeuskadi.org\/es\/wp-json\/wp\/v2\/tags?post=23469"},{"taxonomy":"linea-asistencial","embeddable":true,"href":"https:\/\/ospitalarioakfundazioaeuskadi.org\/es\/wp-json\/wp\/v2\/linea-asistencial?post=23469"}],"curies":[{"name":"wp","href":"https:\/\/api.w.org\/{rel}","templated":true}]}}