{"id":23532,"date":"2015-10-09T00:00:00","date_gmt":"2015-10-09T00:00:00","guid":{"rendered":"http:\/\/194.35.43.170\/~aitamenninueva\/celebramos-los-25-anos-del-dia-internacional-de-las-personas-mayores\/"},"modified":"2022-10-25T13:52:17","modified_gmt":"2022-10-25T13:52:17","slug":"celebramos-los-25-anos-del-dia-internacional-de-las-personas-mayores","status":"publish","type":"post","link":"https:\/\/ospitalarioakfundazioaeuskadi.org\/es\/celebramos-los-25-anos-del-dia-internacional-de-las-personas-mayores\/","title":{"rendered":"Celebramos los 25 a\u00f1os del D\u00eda Internacional de las Personas Mayores"},"content":{"rendered":"<p>Este a\u00f1o se ha conmemorado el 25\u00b0 aniversario de la declaraci\u00f3n de 1 de octubre como D\u00eda Internacional de la Persona Mayor. En esta ocasi\u00f3n, el d\u00eda se centr\u00f3 en el impacto que las personas mayores tienen en el nuevo entorno urbano, as\u00ed como en el efecto que \u00e9ste tiene en ellas, teniendo como lema \u00abLa sostenibilidad y la inclusi\u00f3n de las personas mayores en el entorno urbano\u00bb.<\/p>\n<p><!--more--><\/p>\n<p>La Residencia y el Centro de D\u00eda de Personas Mayores Txurdinagabarri nos hemos unido a la celebraci\u00f3n del D\u00eda Internacional de la Persona Mayor como forma de contribuir a visibilizar este d\u00eda y dar valor e importancia a las personas mayores. Y qu\u00e9 mejor forma de hacerlo que hacer part\u00edcipes activos a nuestros mayores.<\/p>\n<p>As\u00ed, el d\u00eda 1 de octubre durante la ma\u00f1ana realizamos distintas actividades en las que, adem\u00e1s de disfrutar y pasarlo en grande, nuestros mayores pudieron reflexionar y dar su opini\u00f3n en torno a la pregunta \u00ab\u00bfQu\u00e9 aportamos las personas mayores a la sociedad?\u00bb.<\/p>\n<p>Y adem\u00e1s, haciendo visibles nuestras respuestas y opiniones sobre esta pregunta, con la colaboraci\u00f3n y aportaci\u00f3n tanto de los residentes como de familiares y trabajadores, formamos entre todos un mural con el s\u00edmbolo representativo de este d\u00eda: el lazo verde.<\/p>\n<p><a href=\"https:\/\/www.ospitalarioakfundazioaeuskadi.org\/wp-content\/uploads\/2021\/09\/DSC_1042.jpg\"><img loading=\"lazy\" decoding=\"async\" class=\"alignleft size-full wp-image-5569\" src=\"https:\/\/www.ospitalarioakfundazioaeuskadi.org\/wp-content\/uploads\/2021\/09\/DSC_1042.jpg\" alt=\"D\u00eda Internacional de las Personas Mayores\" width=\"715\" height=\"402\" title=\"\"><\/a><\/p>\n<p><a href=\"https:\/\/www.ospitalarioakfundazioaeuskadi.org\/wp-content\/uploads\/2021\/09\/DSC_1038.jpg\"><img loading=\"lazy\" decoding=\"async\" class=\"alignleft size-full wp-image-5567\" src=\"https:\/\/www.ospitalarioakfundazioaeuskadi.org\/wp-content\/uploads\/2021\/09\/DSC_1038.jpg\" alt=\"D\u00eda Internacional de las Personas Mayores\" width=\"715\" height=\"402\" title=\"\"><\/a><\/p>\n<p><a href=\"https:\/\/www.ospitalarioakfundazioaeuskadi.org\/wp-content\/uploads\/2021\/09\/DSC_1051.jpg\"><img loading=\"lazy\" decoding=\"async\" class=\"alignleft size-full wp-image-5571\" src=\"https:\/\/www.ospitalarioakfundazioaeuskadi.org\/wp-content\/uploads\/2021\/09\/DSC_1051.jpg\" alt=\"D\u00eda Internacional de las Personas Mayores\" width=\"715\" height=\"402\" title=\"\"><\/a><\/p>\n<p><a href=\"https:\/\/www.ospitalarioakfundazioaeuskadi.org\/wp-content\/uploads\/2021\/09\/IMG_20151001_122109.jpg\"><img loading=\"lazy\" decoding=\"async\" class=\"alignleft size-full wp-image-5577\" src=\"https:\/\/www.ospitalarioakfundazioaeuskadi.org\/wp-content\/uploads\/2021\/09\/IMG_20151001_122109.jpg\" alt=\"D\u00eda Internacional de las Personas Mayores\" width=\"715\" height=\"536\" title=\"\"><\/a><\/p>\n<p><a href=\"https:\/\/www.ospitalarioakfundazioaeuskadi.org\/wp-content\/uploads\/2021\/09\/IMG_20151001_122722.jpg\"><img loading=\"lazy\" decoding=\"async\" class=\"alignleft size-full wp-image-5579\" src=\"https:\/\/www.ospitalarioakfundazioaeuskadi.org\/wp-content\/uploads\/2021\/09\/IMG_20151001_122722.jpg\" alt=\"D\u00eda Internacional de las Personas Mayores\" width=\"715\" height=\"288\" title=\"\"><\/a><\/p>\n","protected":false},"excerpt":{"rendered":"<p>Este a\u00f1o se ha conmemorado el 25\u00b0 aniversario de la declaraci\u00f3n de 1 de octubre como D\u00eda Internacional de la Persona Mayor. En esta ocasi\u00f3n, el d\u00eda se centr\u00f3 en el impacto que las personas mayores tienen en el nuevo entorno urbano, as\u00ed como en el efecto que \u00e9ste tiene en ellas, teniendo como lema \u00abLa sostenibilidad y la inclusi\u00f3n de las personas mayores en el entorno urbano\u00bb.<\/p>\n<div class=\"link-more\"><a href=\"https:\/\/ospitalarioakfundazioaeuskadi.org\/es\/celebramos-los-25-anos-del-dia-internacional-de-las-personas-mayores\/#more-23532\" class=\"more-link\">Seguir leyendo<span class=\"screen-reader-text\"> &ldquo;Celebramos los 25 a\u00f1os del D\u00eda Internacional de las Personas Mayores&rdquo;<\/span>&hellip;<\/a><\/div>\n","protected":false},"author":1,"featured_media":1003,"comment_status":"closed","ping_status":"closed","sticky":false,"template":"","format":"standard","meta":{"footnotes":""},"categories":[646,647],"tags":[],"linea-asistencial":[980],"class_list":["post-23532","post","type-post","status-publish","format-standard","has-post-thumbnail","hentry","category-aita-menni","category-persona-mayor","linea-asistencial-4-persona-mayor","entry"],"_links":{"self":[{"href":"https:\/\/ospitalarioakfundazioaeuskadi.org\/es\/wp-json\/wp\/v2\/posts\/23532","targetHints":{"allow":["GET"]}}],"collection":[{"href":"https:\/\/ospitalarioakfundazioaeuskadi.org\/es\/wp-json\/wp\/v2\/posts"}],"about":[{"href":"https:\/\/ospitalarioakfundazioaeuskadi.org\/es\/wp-json\/wp\/v2\/types\/post"}],"author":[{"embeddable":true,"href":"https:\/\/ospitalarioakfundazioaeuskadi.org\/es\/wp-json\/wp\/v2\/users\/1"}],"replies":[{"embeddable":true,"href":"https:\/\/ospitalarioakfundazioaeuskadi.org\/es\/wp-json\/wp\/v2\/comments?post=23532"}],"version-history":[{"count":1,"href":"https:\/\/ospitalarioakfundazioaeuskadi.org\/es\/wp-json\/wp\/v2\/posts\/23532\/revisions"}],"predecessor-version":[{"id":55308,"href":"https:\/\/ospitalarioakfundazioaeuskadi.org\/es\/wp-json\/wp\/v2\/posts\/23532\/revisions\/55308"}],"wp:featuredmedia":[{"embeddable":true,"href":"https:\/\/ospitalarioakfundazioaeuskadi.org\/es\/wp-json\/wp\/v2\/media\/1003"}],"wp:attachment":[{"href":"https:\/\/ospitalarioakfundazioaeuskadi.org\/es\/wp-json\/wp\/v2\/media?parent=23532"}],"wp:term":[{"taxonomy":"category","embeddable":true,"href":"https:\/\/ospitalarioakfundazioaeuskadi.org\/es\/wp-json\/wp\/v2\/categories?post=23532"},{"taxonomy":"post_tag","embeddable":true,"href":"https:\/\/ospitalarioakfundazioaeuskadi.org\/es\/wp-json\/wp\/v2\/tags?post=23532"},{"taxonomy":"linea-asistencial","embeddable":true,"href":"https:\/\/ospitalarioakfundazioaeuskadi.org\/es\/wp-json\/wp\/v2\/linea-asistencial?post=23532"}],"curies":[{"name":"wp","href":"https:\/\/api.w.org\/{rel}","templated":true}]}}