{"id":23536,"date":"2015-10-26T00:00:00","date_gmt":"2015-10-26T00:00:00","guid":{"rendered":"http:\/\/194.35.43.170\/~aitamenninueva\/san-faustos-en-la-residencia-de-personas-mayores-barandiaran-de-durango\/"},"modified":"2022-10-25T13:52:15","modified_gmt":"2022-10-25T13:52:15","slug":"san-faustos-en-la-residencia-de-personas-mayores-barandiaran-de-durango","status":"publish","type":"post","link":"https:\/\/ospitalarioakfundazioaeuskadi.org\/es\/san-faustos-en-la-residencia-de-personas-mayores-barandiaran-de-durango\/","title":{"rendered":"San Faustos en la Residencia de Personas Mayores Barandiaran de Durango"},"content":{"rendered":"<p>La semana del 10 al 18 de Octubre se celebraron en Durango las fiestas m\u00e1s importantes del a\u00f1o, San Faustos, con una elevada participaci\u00f3n de las personas mayores de Joxe Miel barandiaran en la vida festiva el pueblo.<\/p>\n<p><!--more--><\/p>\n<p>En el Centro comenzamos las celebraciones un d\u00eda antes, el viernes 9 de octubre, con la pa\u00f1uelada tradicional y la decoraci\u00f3n de las plantas.<\/p>\n<p><a href=\"https:\/\/www.personamayor.org\/wp-content\/uploads\/image0024.jpg\" rel=\"nofollow noopener\" target=\"_blank\"><img loading=\"lazy\" decoding=\"async\" class=\"alignleft size-large wp-image-5642\" src=\"https:\/\/www.ospitalarioakfundazioaeuskadi.org\/wp-content\/uploads\/2021\/09\/image0024-600x451-1.jpg\" alt=\"San Faustos\" width=\"610\" height=\"495\" title=\"\"><\/a><\/p>\n<p>El programa de fiestas incluy\u00f3 la visita de la Banda de Durango el d\u00eda 11 y la asistencia de un gran n\u00famero de los residentes a la comida anual que organiza para los mayores el Ayuntamiento de Durango.<\/p>\n<p><a href=\"https:\/\/www.personamayor.org\/wp-content\/uploads\/image00320.jpg\" rel=\"nofollow noopener\" target=\"_blank\"><img loading=\"lazy\" decoding=\"async\" class=\"alignleft size-large wp-image-5644\" src=\"https:\/\/www.ospitalarioakfundazioaeuskadi.org\/wp-content\/uploads\/2021\/09\/image00320-600x450-1.jpg\" alt=\"San Faustos\" width=\"610\" height=\"495\" title=\"\"><\/a><\/p>\n<p>El men\u00fa, compuesto por langostinos, esp\u00e1rragos, pimientos rellenos, bacalao con tomate, redondo y profiteroles con chocolate y helado estuvo regado con champ\u00e1n. Al finalizar la comida nos obsequiaron con unas libretas muy bonitas.<\/p>\n<p>El d\u00eda Grande de las fiestas, el 13, hubo comida especial para todos en la Residencia; y para merendar, como todos los a\u00f1os, los t\u00edpicos \u00abartopilles\u00bb, unos dulces que tienen dentro un grano de ma\u00edz, que s\u00f3lo se hacen en los San Faustos.<\/p>\n<p><a href=\"https:\/\/www.personamayor.org\/wp-content\/uploads\/image0042.jpg\" rel=\"nofollow noopener\" target=\"_blank\"><img loading=\"lazy\" decoding=\"async\" class=\"alignleft size-large wp-image-5646\" src=\"https:\/\/www.ospitalarioakfundazioaeuskadi.org\/wp-content\/uploads\/2021\/09\/image0042-600x449-1.jpg\" alt=\"San Faustos\" width=\"610\" height=\"495\" title=\"\"><\/a><\/p>\n<p>La m\u00fasica y el baile continuaron formando parte de las fiestas con la guitarra de Arotza el dia 15 y la visita de un grupo de trikitilaris el s\u00e1bado 17, con quienes clausuramos la semana festiva.<\/p>\n<p><a href=\"https:\/\/www.personamayor.org\/wp-content\/uploads\/image0057.jpg\" rel=\"nofollow noopener\" target=\"_blank\"><img loading=\"lazy\" decoding=\"async\" class=\"alignleft size-large wp-image-5648\" src=\"https:\/\/www.ospitalarioakfundazioaeuskadi.org\/wp-content\/uploads\/2021\/09\/image0057-535x600-1.jpg\" alt=\"San Faustos\" width=\"610\" height=\"600\" title=\"\"><\/a><\/p>\n<p>\u00a1 Ahora toca recoger ikurri\u00f1as, pa\u00f1uelos y carteles y esperar al a\u00f1o que viene !<\/p>\n","protected":false},"excerpt":{"rendered":"<p>La semana del 10 al 18 de Octubre se celebraron en Durango las fiestas m\u00e1s importantes del a\u00f1o, San Faustos, con una elevada participaci\u00f3n de las personas mayores de Joxe Miel barandiaran en la vida festiva el pueblo.<\/p>\n<div class=\"link-more\"><a href=\"https:\/\/ospitalarioakfundazioaeuskadi.org\/es\/san-faustos-en-la-residencia-de-personas-mayores-barandiaran-de-durango\/#more-23536\" class=\"more-link\">Seguir leyendo<span class=\"screen-reader-text\"> &ldquo;San Faustos en la Residencia de Personas Mayores Barandiaran de Durango&rdquo;<\/span>&hellip;<\/a><\/div>\n","protected":false},"author":1,"featured_media":1075,"comment_status":"closed","ping_status":"closed","sticky":false,"template":"","format":"standard","meta":{"footnotes":""},"categories":[650],"tags":[],"linea-asistencial":[980],"class_list":["post-23536","post","type-post","status-publish","format-standard","has-post-thumbnail","hentry","category-residencia-joxe-miel-barandiaran-durango","linea-asistencial-4-persona-mayor","entry"],"_links":{"self":[{"href":"https:\/\/ospitalarioakfundazioaeuskadi.org\/es\/wp-json\/wp\/v2\/posts\/23536","targetHints":{"allow":["GET"]}}],"collection":[{"href":"https:\/\/ospitalarioakfundazioaeuskadi.org\/es\/wp-json\/wp\/v2\/posts"}],"about":[{"href":"https:\/\/ospitalarioakfundazioaeuskadi.org\/es\/wp-json\/wp\/v2\/types\/post"}],"author":[{"embeddable":true,"href":"https:\/\/ospitalarioakfundazioaeuskadi.org\/es\/wp-json\/wp\/v2\/users\/1"}],"replies":[{"embeddable":true,"href":"https:\/\/ospitalarioakfundazioaeuskadi.org\/es\/wp-json\/wp\/v2\/comments?post=23536"}],"version-history":[{"count":1,"href":"https:\/\/ospitalarioakfundazioaeuskadi.org\/es\/wp-json\/wp\/v2\/posts\/23536\/revisions"}],"predecessor-version":[{"id":55306,"href":"https:\/\/ospitalarioakfundazioaeuskadi.org\/es\/wp-json\/wp\/v2\/posts\/23536\/revisions\/55306"}],"wp:featuredmedia":[{"embeddable":true,"href":"https:\/\/ospitalarioakfundazioaeuskadi.org\/es\/wp-json\/wp\/v2\/media\/1075"}],"wp:attachment":[{"href":"https:\/\/ospitalarioakfundazioaeuskadi.org\/es\/wp-json\/wp\/v2\/media?parent=23536"}],"wp:term":[{"taxonomy":"category","embeddable":true,"href":"https:\/\/ospitalarioakfundazioaeuskadi.org\/es\/wp-json\/wp\/v2\/categories?post=23536"},{"taxonomy":"post_tag","embeddable":true,"href":"https:\/\/ospitalarioakfundazioaeuskadi.org\/es\/wp-json\/wp\/v2\/tags?post=23536"},{"taxonomy":"linea-asistencial","embeddable":true,"href":"https:\/\/ospitalarioakfundazioaeuskadi.org\/es\/wp-json\/wp\/v2\/linea-asistencial?post=23536"}],"curies":[{"name":"wp","href":"https:\/\/api.w.org\/{rel}","templated":true}]}}