{"id":23564,"date":"2016-05-10T00:00:00","date_gmt":"2016-05-10T00:00:00","guid":{"rendered":"http:\/\/194.35.43.170\/~aitamenninueva\/amonas-y-aitonas-del-centro-de-dia-de-personas-mayores-de-arrasate-dan-de-comer-ninas-y-ninos-de-arizmendi\/"},"modified":"2022-10-25T13:51:55","modified_gmt":"2022-10-25T13:51:55","slug":"amonas-y-aitonas-del-centro-de-dia-de-personas-mayores-de-arrasate-dan-de-comer-ninas-y-ninos-de-arizmendi","status":"publish","type":"post","link":"https:\/\/ospitalarioakfundazioaeuskadi.org\/es\/amonas-y-aitonas-del-centro-de-dia-de-personas-mayores-de-arrasate-dan-de-comer-ninas-y-ninos-de-arizmendi\/","title":{"rendered":"Amonas y aitonas del Centro de D\u00eda de Personas Mayores de Arrasate dan de comer a ni\u00f1as y ni\u00f1os de Arizmendi"},"content":{"rendered":"<p>El pasado 4 de mayo, un grupo de personas mayores del Centro de D\u00eda Aita Menni de Arrasate se trasladaron a la cercana Ikastola Arizmendi para participar en una de las actividades del <a title=\"El Centro de D\u00eda de Arrasate y la Ikastola Arizmendi ponen de nuevo en marcha el Programa Intergeneracional\" href=\"https:\/\/www.personamayor.org\/el-centro-de-dia-de-arrasate-y-la-ikastola-arizmendi-ponen-de-nuevo-en-marcha-el-programa-intergeneracional\/\" rel=\"nofollow noopener\" target=\"_blank\">Programa Intergeneracional<\/a>, que consist\u00eda en dar de comer a los m\u00e1s peque\u00f1os de la ikastola, las ni\u00f1as y ni\u00f1os de 2 a\u00f1os.<\/p>\n<p><!--more--><\/p>\n<p>Por un d\u00eda, sustituyeron a las andere\u00f1os \u00a0de Arizmendi y se encargaron, cuchara en mano, de ir dando de comer a la boca a los txikis, que se mostraron encantados con la novedad. Tanto, que no pusieron reparo alguno en seguir jugando con los y las visitantes una vez finalizada la comida.<\/p>\n<p>La actividad forma parte del Programa Intergeneracional que vienen desarrollando anualmente el Centro de Personas Mayores Aita Menni y la Ikastola Arizmendi de Arrasate, y que tiene como objetivo favorecer espacios de interacci\u00f3n e intercambio de conocimientos entre grupos de edades tan distintos, fomentar el respeto mutuo y, c\u00f3mo no, proporcionar a txikis\u00a0y mayores un rato de entretenimiento y diversi\u00f3n.<\/p>\n<p>&nbsp;<\/p>\n<p><a href=\"https:\/\/www.ospitalarioakfundazioaeuskadi.org\/wp-content\/uploads\/2021\/09\/DSCF3593.jpg\"><img loading=\"lazy\" decoding=\"async\" class=\"alignleft size-full wp-image-7065\" src=\"https:\/\/www.ospitalarioakfundazioaeuskadi.org\/wp-content\/uploads\/2021\/09\/DSCF3593.jpg\" alt=\"Amonas y aitonas del Centro de D\u00eda de Personas Mayores de Arrasate dan de comer a ni\u00f1as y ni\u00f1os de Arizmendi\" width=\"715\" height=\"403\" title=\"\"><\/a><\/p>\n<p><a href=\"https:\/\/www.ospitalarioakfundazioaeuskadi.org\/wp-content\/uploads\/2021\/09\/DSCF3602.jpg\"><img loading=\"lazy\" decoding=\"async\" class=\"alignleft size-full wp-image-7077\" src=\"https:\/\/www.ospitalarioakfundazioaeuskadi.org\/wp-content\/uploads\/2021\/09\/DSCF3602.jpg\" alt=\"Amonas y aitonas del Centro de D\u00eda de Personas Mayores de Arrasate dan de comer a ni\u00f1as y ni\u00f1os de Arizmendi\" width=\"715\" height=\"403\" title=\"\"><\/a><a href=\"https:\/\/www.ospitalarioakfundazioaeuskadi.org\/wp-content\/uploads\/2021\/09\/DSCF3594.jpg\"><img loading=\"lazy\" decoding=\"async\" class=\"alignleft size-full wp-image-7067\" src=\"https:\/\/www.ospitalarioakfundazioaeuskadi.org\/wp-content\/uploads\/2021\/09\/DSCF3594.jpg\" alt=\"Personas mayores del Centro de D\u00eda Aita Menni de Arrasate dan de comer a ni\u00f1os y ni\u00f1as de la Ikastola Arizmendi\" width=\"715\" height=\"457\" title=\"\"><\/a><br \/>\n<a href=\"https:\/\/www.ospitalarioakfundazioaeuskadi.org\/wp-content\/uploads\/2021\/09\/DSCF3623.jpg\"><img loading=\"lazy\" decoding=\"async\" class=\"alignleft size-full wp-image-7085\" src=\"https:\/\/www.ospitalarioakfundazioaeuskadi.org\/wp-content\/uploads\/2021\/09\/DSCF3623.jpg\" alt=\"Personas mayores del Centro de D\u00eda Aita Menni de Arrasate dan de comer a ni\u00f1os y ni\u00f1as de la Ikastola Arizmendi\" width=\"715\" height=\"401\" title=\"\"><\/a> <a href=\"https:\/\/www.ospitalarioakfundazioaeuskadi.org\/wp-content\/uploads\/2021\/09\/DSCF3614.jpg\"><img loading=\"lazy\" decoding=\"async\" class=\"alignleft size-full wp-image-7083\" src=\"https:\/\/www.ospitalarioakfundazioaeuskadi.org\/wp-content\/uploads\/2021\/09\/DSCF3614.jpg\" alt=\"Personas mayores del Centro de D\u00eda Aita Menni de Arrasate dan de comer a ni\u00f1os y ni\u00f1as de la Ikastola Arizmendi\" width=\"715\" height=\"403\" title=\"\"><\/a> <a href=\"https:\/\/www.ospitalarioakfundazioaeuskadi.org\/wp-content\/uploads\/2021\/09\/DSCF3609.jpg\"><img loading=\"lazy\" decoding=\"async\" class=\"alignleft size-full wp-image-7081\" src=\"https:\/\/www.ospitalarioakfundazioaeuskadi.org\/wp-content\/uploads\/2021\/09\/DSCF3609.jpg\" alt=\"Personas mayores del Centro de D\u00eda Aita Menni de Arrasate dan de comer a ni\u00f1os y ni\u00f1as de la Ikastola Arizmendi\" width=\"715\" height=\"403\" title=\"\"><\/a> <a href=\"https:\/\/www.ospitalarioakfundazioaeuskadi.org\/wp-content\/uploads\/2021\/09\/DSCF3608.jpg\"><img loading=\"lazy\" decoding=\"async\" class=\"alignleft size-full wp-image-7079\" src=\"https:\/\/www.ospitalarioakfundazioaeuskadi.org\/wp-content\/uploads\/2021\/09\/DSCF3608.jpg\" alt=\"Personas mayores del Centro de D\u00eda Aita Menni de Arrasate dan de comer a ni\u00f1os y ni\u00f1as de la Ikastola Arizmendi\" width=\"715\" height=\"403\" title=\"\"><\/a><a href=\"https:\/\/www.ospitalarioakfundazioaeuskadi.org\/wp-content\/uploads\/2021\/09\/DSCF3600.jpg\"><br \/>\n<img loading=\"lazy\" decoding=\"async\" class=\"alignleft size-full wp-image-7075\" src=\"https:\/\/www.ospitalarioakfundazioaeuskadi.org\/wp-content\/uploads\/2021\/09\/DSCF3600.jpg\" alt=\"Personas mayores del Centro de D\u00eda Aita Menni de Arrasate dan de comer a ni\u00f1os y ni\u00f1as de la Ikastola Arizmendi\" width=\"715\" height=\"842\" title=\"\"><\/a> <a href=\"https:\/\/www.ospitalarioakfundazioaeuskadi.org\/wp-content\/uploads\/2021\/09\/DSCF3598.jpg\"><img loading=\"lazy\" decoding=\"async\" class=\"alignleft size-full wp-image-7073\" src=\"https:\/\/www.ospitalarioakfundazioaeuskadi.org\/wp-content\/uploads\/2021\/09\/DSCF3598.jpg\" alt=\"Personas mayores del Centro de D\u00eda Aita Menni de Arrasate dan de comer a ni\u00f1os y ni\u00f1as de la Ikastola Arizmendi\" width=\"715\" height=\"469\" title=\"\"><\/a><a href=\"https:\/\/www.ospitalarioakfundazioaeuskadi.org\/wp-content\/uploads\/2021\/09\/DSCF3595.jpg\"><br \/>\n<img loading=\"lazy\" decoding=\"async\" class=\"alignleft size-full wp-image-7069\" src=\"https:\/\/www.ospitalarioakfundazioaeuskadi.org\/wp-content\/uploads\/2021\/09\/DSCF3595.jpg\" alt=\"Personas mayores del Centro de D\u00eda Aita Menni de Arrasate dan de comer a ni\u00f1os y ni\u00f1as de la Ikastola Arizmendi\" width=\"715\" height=\"521\" title=\"\"><\/a><\/p>\n<p><a href=\"https:\/\/www.ospitalarioakfundazioaeuskadi.org\/wp-content\/uploads\/2021\/09\/DSCF3594.jpg\"><img loading=\"lazy\" decoding=\"async\" class=\"alignleft size-full wp-image-7067\" src=\"https:\/\/www.ospitalarioakfundazioaeuskadi.org\/wp-content\/uploads\/2021\/09\/DSCF3594.jpg\" alt=\"Personas mayores del Centro de D\u00eda Aita Menni de Arrasate dan de comer a ni\u00f1os y ni\u00f1as de la Ikastola Arizmendi\" width=\"715\" height=\"457\" title=\"\"><\/a><a href=\"https:\/\/www.ospitalarioakfundazioaeuskadi.org\/wp-content\/uploads\/2021\/09\/DSCF3592.jpg\"><br \/>\n<img loading=\"lazy\" decoding=\"async\" class=\"alignleft size-full wp-image-7063\" src=\"https:\/\/www.ospitalarioakfundazioaeuskadi.org\/wp-content\/uploads\/2021\/09\/DSCF3592.jpg\" alt=\"Personas mayores del Centro de D\u00eda Aita Menni de Arrasate dan de comer a ni\u00f1os y ni\u00f1as de la Ikastola Arizmendi\" width=\"715\" height=\"403\" title=\"\"><\/a> <a href=\"https:\/\/www.ospitalarioakfundazioaeuskadi.org\/wp-content\/uploads\/2021\/09\/DSCF3589.jpg\"><img loading=\"lazy\" decoding=\"async\" class=\"alignleft size-full wp-image-7061\" src=\"https:\/\/www.ospitalarioakfundazioaeuskadi.org\/wp-content\/uploads\/2021\/09\/DSCF3589.jpg\" alt=\"Personas mayores del Centro de D\u00eda Aita Menni de Arrasate dan de comer a ni\u00f1os y ni\u00f1as de la Ikastola Arizmendi\" width=\"715\" height=\"987\" title=\"\"><\/a> <a href=\"https:\/\/www.ospitalarioakfundazioaeuskadi.org\/wp-content\/uploads\/2021\/09\/DSCF3588.jpg\"><img loading=\"lazy\" decoding=\"async\" class=\"alignleft size-full wp-image-7059\" src=\"https:\/\/www.ospitalarioakfundazioaeuskadi.org\/wp-content\/uploads\/2021\/09\/DSCF3588.jpg\" alt=\"Personas mayores del Centro de D\u00eda Aita Menni de Arrasate dan de comer a ni\u00f1os y ni\u00f1as de la Ikastola Arizmendi\" width=\"715\" height=\"834\" title=\"\"><\/a><\/p>\n","protected":false},"excerpt":{"rendered":"<p>El pasado 4 de mayo, un grupo de personas mayores del Centro de D\u00eda Aita Menni de Arrasate se trasladaron a la cercana Ikastola Arizmendi para participar en una de las actividades del <a title=\"El Centro de D\u00eda de Arrasate y la Ikastola Arizmendi ponen de nuevo en marcha el Programa Intergeneracional\" href=\"https:\/\/www.personamayor.org\/el-centro-de-dia-de-arrasate-y-la-ikastola-arizmendi-ponen-de-nuevo-en-marcha-el-programa-intergeneracional\/\" rel=\"nofollow noopener\" target=\"_blank\">Programa Intergeneracional<\/a>, que consist\u00eda en dar de comer a los m\u00e1s peque\u00f1os de la ikastola, las ni\u00f1as y ni\u00f1os de 2 a\u00f1os.<\/p>\n<div class=\"link-more\"><a href=\"https:\/\/ospitalarioakfundazioaeuskadi.org\/es\/amonas-y-aitonas-del-centro-de-dia-de-personas-mayores-de-arrasate-dan-de-comer-ninas-y-ninos-de-arizmendi\/#more-23564\" class=\"more-link\">Seguir leyendo<span class=\"screen-reader-text\"> &ldquo;Amonas y aitonas del Centro de D\u00eda de Personas Mayores de Arrasate dan de comer a ni\u00f1as y ni\u00f1os de Arizmendi&rdquo;<\/span>&hellip;<\/a><\/div>\n","protected":false},"author":1,"featured_media":1480,"comment_status":"closed","ping_status":"closed","sticky":false,"template":"","format":"standard","meta":{"footnotes":""},"categories":[651],"tags":[],"linea-asistencial":[980],"class_list":["post-23564","post","type-post","status-publish","format-standard","has-post-thumbnail","hentry","category-centro-de-dia-psicogeriatrico-arrasate","linea-asistencial-4-persona-mayor","entry"],"_links":{"self":[{"href":"https:\/\/ospitalarioakfundazioaeuskadi.org\/es\/wp-json\/wp\/v2\/posts\/23564","targetHints":{"allow":["GET"]}}],"collection":[{"href":"https:\/\/ospitalarioakfundazioaeuskadi.org\/es\/wp-json\/wp\/v2\/posts"}],"about":[{"href":"https:\/\/ospitalarioakfundazioaeuskadi.org\/es\/wp-json\/wp\/v2\/types\/post"}],"author":[{"embeddable":true,"href":"https:\/\/ospitalarioakfundazioaeuskadi.org\/es\/wp-json\/wp\/v2\/users\/1"}],"replies":[{"embeddable":true,"href":"https:\/\/ospitalarioakfundazioaeuskadi.org\/es\/wp-json\/wp\/v2\/comments?post=23564"}],"version-history":[{"count":1,"href":"https:\/\/ospitalarioakfundazioaeuskadi.org\/es\/wp-json\/wp\/v2\/posts\/23564\/revisions"}],"predecessor-version":[{"id":55265,"href":"https:\/\/ospitalarioakfundazioaeuskadi.org\/es\/wp-json\/wp\/v2\/posts\/23564\/revisions\/55265"}],"wp:featuredmedia":[{"embeddable":true,"href":"https:\/\/ospitalarioakfundazioaeuskadi.org\/es\/wp-json\/wp\/v2\/media\/1480"}],"wp:attachment":[{"href":"https:\/\/ospitalarioakfundazioaeuskadi.org\/es\/wp-json\/wp\/v2\/media?parent=23564"}],"wp:term":[{"taxonomy":"category","embeddable":true,"href":"https:\/\/ospitalarioakfundazioaeuskadi.org\/es\/wp-json\/wp\/v2\/categories?post=23564"},{"taxonomy":"post_tag","embeddable":true,"href":"https:\/\/ospitalarioakfundazioaeuskadi.org\/es\/wp-json\/wp\/v2\/tags?post=23564"},{"taxonomy":"linea-asistencial","embeddable":true,"href":"https:\/\/ospitalarioakfundazioaeuskadi.org\/es\/wp-json\/wp\/v2\/linea-asistencial?post=23564"}],"curies":[{"name":"wp","href":"https:\/\/api.w.org\/{rel}","templated":true}]}}