{"id":23580,"date":"2016-09-06T00:00:00","date_gmt":"2016-09-06T00:00:00","guid":{"rendered":"http:\/\/194.35.43.170\/~aitamenninueva\/directores-de-centros-residenciales-de-suiza-visitan-txurdinagabarri\/"},"modified":"2022-10-25T13:49:57","modified_gmt":"2022-10-25T13:49:57","slug":"directores-de-centros-residenciales-de-suiza-visitan-txurdinagabarri","status":"publish","type":"post","link":"https:\/\/ospitalarioakfundazioaeuskadi.org\/es\/directores-de-centros-residenciales-de-suiza-visitan-txurdinagabarri\/","title":{"rendered":"Directores de centros residenciales de Suiza visitan Txurdinagabarri"},"content":{"rendered":"<p>Integrantes del Consejo de Direcci\u00f3n de la <strong>Asociaci\u00f3n de Establecimientos Socio-sanitarios del Cant\u00f3n de Vaud<\/strong> (Suiza) han recorrido\u00a0hoy la <strong>Residencia de Personas Mayores Txurdinagabarri<\/strong> de Bilbao, gestionada por <strong>Aita Menni<\/strong>, en el marco de la visita que est\u00e1 realizando a Bizkaia\u00a0para conocer\u00a0las pol\u00edticas vinculadas a la atenci\u00f3n de las personas en situaci\u00f3n de dependencia que se aplican en nuestro Territorio.<\/p>\n<p><!--more-->Acompa\u00f1ados por\u00a0el\u00a0Director General de Promoci\u00f3n de la Autonom\u00eda Personal de la Diputaci\u00f3n Foral, <strong>Sergio Murillo<\/strong>, los representantes suizos han sido recibidos por <strong>Jos\u00e9 Antonio Ezquerra<\/strong>, director de Servicios Sociales Aita Menni, y <strong>Xabier Altuna<\/strong>, representantes ambos del Consejo de Direcci\u00f3n de Aita Menni. Ezquerra les ha explicado la estructura y el funcionamiento de Txurdinagabarri, as\u00ed como datos estad\u00edsticos sobre la actividad del centro, mientras que el doctor <strong>Carlos Arenas<\/strong> les ha hablado de la interconexi\u00f3n con los sistemas de Osakidetza para disponer de los historiales cl\u00ednicos de los residentes, y la trabajadora social <strong>Nagore Aguirregabiria<\/strong> ha expuesto la utilizaci\u00f3n de la metodolog\u00eda\u00a0RAI (Resident Assessment Instrument) para una valoraci\u00f3n personalizada de la situaci\u00f3n de cada residente.<\/p>\n<p>Posteriormente, el grupo ha visitado diversas zonas de la residencia, entre ellas el gimnasio o la <strong>sala de estimulaci\u00f3n sensorial<\/strong>, y ha compartido unos minutos con un grupo de residentes que se encontraban realizando actividades con las monitoras.<\/p>\n<p>Por la ma\u00f1ana, la Diputada foral de Acci\u00f3n Social <strong>Isabel S\u00e1nchez Robles<\/strong> ha recibido en el Palacio Foral a la delegaci\u00f3n suiza, que durante toda la ma\u00f1ana ha mantenido diversas reuniones de trabajo con representantes del departamento foral de Acci\u00f3n Social. El grupo est\u00e1 interesado en conocer la experiencia de Bizkaia en evaluaci\u00f3n y orientaci\u00f3n de las situaciones de dependencia. Las pol\u00edticas del Territorio, lideradas por la Diputaci\u00f3n, se han convertido en un referente a nivel europeo, por la forma de abordar el reto conjunto del cambio demogr\u00e1fico.<\/p>\n<p>Los diez ejecutivos de centros residenciales del cant\u00f3n suizo con capital en Lausana han mostrado especial inter\u00e9s en las pol\u00edticas que la Diputaci\u00f3n est\u00e1 liderando para promover un nuevo equilibrio en los cuidados; los sistemas de contrataci\u00f3n o concertaci\u00f3n de servicios sociales implementados y f\u00f3rmulas para garantizar la calidad de los mismos; la articulaci\u00f3n y coordinaci\u00f3n multinivel de las pol\u00edticas sociales y sanitarias y la implantaci\u00f3n de novedades tecnol\u00f3gicas vinculadas al envejecimiento y la discapacidad.<\/p>\n<p>La delegaci\u00f3n suiza ha conocido tambi\u00e9n los <strong>apartamentos Etxegoki<\/strong>, un innovador recurso foral pensado para impulsar los proyectos de vida y la participaci\u00f3n social de las personas con discapacidad f\u00edsica. Este servicio de la Diputaci\u00f3n Foral de Bizkaia, gestionado por Fekoor e integrado en el Cat\u00e1logo del Sistema Vasco de Servicios Sociales que abri\u00f3 sus puertas en 2011, est\u00e1 ubicado en el barrio de Txurdinaga (Bilbao), y en la actualidad aloja a 34 personas con discapacidad y diferentes grados de dependencia, con edades comprendidas entre 18 y 65 a\u00f1os. Los responsables de Etxegoki han mostrado los sistemas de control de entorno y dom\u00f3ticos de vanguardia con los que est\u00e1n dotadas las viviendas, sistemas muy avanzados que dan a los vecinos de Etxegoki una gran autonom\u00eda e independencia.<\/p>\n<p>&nbsp;<\/p>\n<figure id=\"attachment_7549\" aria-describedby=\"caption-attachment-7549\" style=\"width: 751px\" class=\"wp-caption alignnone\"><a href=\"https:\/\/www.ospitalarioakfundazioaeuskadi.org\/wp-content\/uploads\/2021\/09\/20160831-vaud-txurdinagabarri-baja-3.jpg\"><img loading=\"lazy\" decoding=\"async\" class=\"wp-image-7549\" src=\"https:\/\/www.ospitalarioakfundazioaeuskadi.org\/wp-content\/uploads\/2021\/09\/20160831-vaud-txurdinagabarri-baja-3.jpg\" alt=\"Visita a la Resdiencia de Personas Mayores Txurdinagabarri de Bilbao\" width=\"751\" height=\"501\" title=\"\"><\/a><figcaption id=\"caption-attachment-7549\" class=\"wp-caption-text\">A la izquierda, Jos\u00e9 Antonio Ezquerra, director de Servicios Sociales Aita Menni, y Sergio Murillo, Director General de Promoci\u00f3n de la Autonom\u00eda Personal de la Diputaci\u00f3n Foral de Bizkaia, con la delegaci\u00f3n suiza.<\/figcaption><\/figure>\n<p>&nbsp;<\/p>\n","protected":false},"excerpt":{"rendered":"<p>Integrantes del Consejo de Direcci\u00f3n de la <strong>Asociaci\u00f3n de Establecimientos Socio-sanitarios del Cant\u00f3n de Vaud<\/strong> (Suiza) han recorrido\u00a0hoy la <strong>Residencia de Personas Mayores Txurdinagabarri<\/strong> de Bilbao, gestionada por <strong>Aita Menni<\/strong>, en el marco de la visita que est\u00e1 realizando a Bizkaia\u00a0para conocer\u00a0las pol\u00edticas vinculadas a la atenci\u00f3n de las personas en situaci\u00f3n de dependencia que se aplican en nuestro Territorio.<\/p>\n<div class=\"link-more\"><a href=\"https:\/\/ospitalarioakfundazioaeuskadi.org\/es\/directores-de-centros-residenciales-de-suiza-visitan-txurdinagabarri\/#more-23580\" class=\"more-link\">Seguir leyendo<span class=\"screen-reader-text\"> &ldquo;Directores de centros residenciales de Suiza visitan Txurdinagabarri&rdquo;<\/span>&hellip;<\/a><\/div>\n","protected":false},"author":1,"featured_media":1688,"comment_status":"closed","ping_status":"closed","sticky":false,"template":"","format":"standard","meta":{"footnotes":""},"categories":[646,648],"tags":[],"linea-asistencial":[980],"class_list":["post-23580","post","type-post","status-publish","format-standard","has-post-thumbnail","hentry","category-aita-menni","category-residencia-txurdinagabarri-bilbao","linea-asistencial-4-persona-mayor","entry"],"_links":{"self":[{"href":"https:\/\/ospitalarioakfundazioaeuskadi.org\/es\/wp-json\/wp\/v2\/posts\/23580","targetHints":{"allow":["GET"]}}],"collection":[{"href":"https:\/\/ospitalarioakfundazioaeuskadi.org\/es\/wp-json\/wp\/v2\/posts"}],"about":[{"href":"https:\/\/ospitalarioakfundazioaeuskadi.org\/es\/wp-json\/wp\/v2\/types\/post"}],"author":[{"embeddable":true,"href":"https:\/\/ospitalarioakfundazioaeuskadi.org\/es\/wp-json\/wp\/v2\/users\/1"}],"replies":[{"embeddable":true,"href":"https:\/\/ospitalarioakfundazioaeuskadi.org\/es\/wp-json\/wp\/v2\/comments?post=23580"}],"version-history":[{"count":1,"href":"https:\/\/ospitalarioakfundazioaeuskadi.org\/es\/wp-json\/wp\/v2\/posts\/23580\/revisions"}],"predecessor-version":[{"id":55233,"href":"https:\/\/ospitalarioakfundazioaeuskadi.org\/es\/wp-json\/wp\/v2\/posts\/23580\/revisions\/55233"}],"wp:featuredmedia":[{"embeddable":true,"href":"https:\/\/ospitalarioakfundazioaeuskadi.org\/es\/wp-json\/wp\/v2\/media\/1688"}],"wp:attachment":[{"href":"https:\/\/ospitalarioakfundazioaeuskadi.org\/es\/wp-json\/wp\/v2\/media?parent=23580"}],"wp:term":[{"taxonomy":"category","embeddable":true,"href":"https:\/\/ospitalarioakfundazioaeuskadi.org\/es\/wp-json\/wp\/v2\/categories?post=23580"},{"taxonomy":"post_tag","embeddable":true,"href":"https:\/\/ospitalarioakfundazioaeuskadi.org\/es\/wp-json\/wp\/v2\/tags?post=23580"},{"taxonomy":"linea-asistencial","embeddable":true,"href":"https:\/\/ospitalarioakfundazioaeuskadi.org\/es\/wp-json\/wp\/v2\/linea-asistencial?post=23580"}],"curies":[{"name":"wp","href":"https:\/\/api.w.org\/{rel}","templated":true}]}}