{"id":23581,"date":"2016-08-29T00:00:00","date_gmt":"2016-08-29T00:00:00","guid":{"rendered":"http:\/\/194.35.43.170\/~aitamenninueva\/marijaia-visita-la-residencia-txurdinagabarri\/"},"modified":"2022-10-25T13:49:57","modified_gmt":"2022-10-25T13:49:57","slug":"marijaia-visita-la-residencia-txurdinagabarri","status":"publish","type":"post","link":"https:\/\/ospitalarioakfundazioaeuskadi.org\/es\/marijaia-visita-la-residencia-txurdinagabarri\/","title":{"rendered":"Marijaia visita la Residencia Txurdinagabarri"},"content":{"rendered":"<p>Como siempre, en la Aste Nagusia bilbaina no pod\u00eda faltar la visita de Marijaia, que nos acompa\u00f1\u00f3 por todas las plantas de la Residencia Txurdinagabarri, acercando las fiestas a nuestros mayores con m\u00fasica y baile.<\/p>\n<p><!--more-->Adem\u00e1s, hemos podido ver un documental especial sobre el recorrido de la Aste Nagusia a lo largo de estos a\u00f1os, con el que nuestros residentes se emocionaron al recordar vivencias pasadas.<\/p>\n<p>Y como en a\u00f1os anteriores, tambi\u00e9n disfrutamos de los fuegos artificiales en nuestra azotea comiendo unos ricos churros con chocolate.<\/p>\n<p>\u00a1Hasta el a\u00f1o que viene, Marijaia!<\/p>\n<p><a href=\"https:\/\/www.ospitalarioakfundazioaeuskadi.org\/wp-content\/uploads\/2021\/09\/mariajaia-personas-mayores-txurdinagabarri-bilbao-4.jpg\"><img loading=\"lazy\" decoding=\"async\" class=\"alignnone size-full wp-image-7591\" src=\"https:\/\/www.ospitalarioakfundazioaeuskadi.org\/wp-content\/uploads\/2021\/09\/mariajaia-personas-mayores-txurdinagabarri-bilbao-4.jpg\" alt=\"Marijaia visita a las personas mayores de Txurdinagabarri\" width=\"715\" height=\"536\" title=\"\"><\/a><\/p>\n<p><a href=\"https:\/\/www.ospitalarioakfundazioaeuskadi.org\/wp-content\/uploads\/2021\/09\/mariajaia-personas-mayores-txurdinagabarri-bilbao-1.jpg\"><img loading=\"lazy\" decoding=\"async\" class=\"alignnone size-full wp-image-7585\" src=\"https:\/\/www.ospitalarioakfundazioaeuskadi.org\/wp-content\/uploads\/2021\/09\/mariajaia-personas-mayores-txurdinagabarri-bilbao-1.jpg\" alt=\"Marijaia visita a las personas mayores de Txurdinagabarri\" width=\"715\" height=\"402\" title=\"\"><\/a><\/p>\n<p><a href=\"https:\/\/www.ospitalarioakfundazioaeuskadi.org\/wp-content\/uploads\/2021\/09\/mariajaia-personas-mayores-txurdinagabarri-bilbao-5.jpg\"><img loading=\"lazy\" decoding=\"async\" class=\"alignnone size-full wp-image-7593\" src=\"https:\/\/www.ospitalarioakfundazioaeuskadi.org\/wp-content\/uploads\/2021\/09\/mariajaia-personas-mayores-txurdinagabarri-bilbao-5.jpg\" alt=\"Marijaia visita a las personas mayores de Txurdinagabarri\" width=\"715\" height=\"497\" title=\"\"><\/a><\/p>\n<p><a href=\"https:\/\/www.ospitalarioakfundazioaeuskadi.org\/wp-content\/uploads\/2021\/09\/mariajaia-personas-mayores-txurdinagabarri-bilbao-6.jpg\"><img loading=\"lazy\" decoding=\"async\" class=\"alignnone size-full wp-image-7595\" src=\"https:\/\/www.ospitalarioakfundazioaeuskadi.org\/wp-content\/uploads\/2021\/09\/mariajaia-personas-mayores-txurdinagabarri-bilbao-6.jpg\" alt=\"Marijaia visita a las personas mayores de Txurdinagabarri\" width=\"715\" height=\"538\" title=\"\"><\/a><\/p>\n<p>&nbsp;<\/p>\n<p>&nbsp;<\/p>\n<p><a href=\"https:\/\/www.ospitalarioakfundazioaeuskadi.org\/wp-content\/uploads\/2021\/09\/mariajaia-personas-mayores-txurdinagabarri-bilbao-2.jpg\"><img loading=\"lazy\" decoding=\"async\" class=\"alignnone size-full wp-image-7587\" src=\"https:\/\/www.ospitalarioakfundazioaeuskadi.org\/wp-content\/uploads\/2021\/09\/mariajaia-personas-mayores-txurdinagabarri-bilbao-2.jpg\" alt=\"Marijaia visita a las personas mayores de Txurdinagabarri\" width=\"715\" height=\"536\" title=\"\"><\/a><\/p>\n","protected":false},"excerpt":{"rendered":"<p>Como siempre, en la Aste Nagusia bilbaina no pod\u00eda faltar la visita de Marijaia, que nos acompa\u00f1\u00f3 por todas las plantas de la Residencia Txurdinagabarri, acercando las fiestas a nuestros mayores con m\u00fasica y baile.<\/p>\n<div class=\"link-more\"><a href=\"https:\/\/ospitalarioakfundazioaeuskadi.org\/es\/marijaia-visita-la-residencia-txurdinagabarri\/#more-23581\" class=\"more-link\">Seguir leyendo<span class=\"screen-reader-text\"> &ldquo;Marijaia visita la Residencia Txurdinagabarri&rdquo;<\/span>&hellip;<\/a><\/div>\n","protected":false},"author":1,"featured_media":1703,"comment_status":"closed","ping_status":"closed","sticky":false,"template":"","format":"standard","meta":{"footnotes":""},"categories":[648],"tags":[],"linea-asistencial":[980],"class_list":["post-23581","post","type-post","status-publish","format-standard","has-post-thumbnail","hentry","category-residencia-txurdinagabarri-bilbao","linea-asistencial-4-persona-mayor","entry"],"_links":{"self":[{"href":"https:\/\/ospitalarioakfundazioaeuskadi.org\/es\/wp-json\/wp\/v2\/posts\/23581","targetHints":{"allow":["GET"]}}],"collection":[{"href":"https:\/\/ospitalarioakfundazioaeuskadi.org\/es\/wp-json\/wp\/v2\/posts"}],"about":[{"href":"https:\/\/ospitalarioakfundazioaeuskadi.org\/es\/wp-json\/wp\/v2\/types\/post"}],"author":[{"embeddable":true,"href":"https:\/\/ospitalarioakfundazioaeuskadi.org\/es\/wp-json\/wp\/v2\/users\/1"}],"replies":[{"embeddable":true,"href":"https:\/\/ospitalarioakfundazioaeuskadi.org\/es\/wp-json\/wp\/v2\/comments?post=23581"}],"version-history":[{"count":1,"href":"https:\/\/ospitalarioakfundazioaeuskadi.org\/es\/wp-json\/wp\/v2\/posts\/23581\/revisions"}],"predecessor-version":[{"id":55236,"href":"https:\/\/ospitalarioakfundazioaeuskadi.org\/es\/wp-json\/wp\/v2\/posts\/23581\/revisions\/55236"}],"wp:featuredmedia":[{"embeddable":true,"href":"https:\/\/ospitalarioakfundazioaeuskadi.org\/es\/wp-json\/wp\/v2\/media\/1703"}],"wp:attachment":[{"href":"https:\/\/ospitalarioakfundazioaeuskadi.org\/es\/wp-json\/wp\/v2\/media?parent=23581"}],"wp:term":[{"taxonomy":"category","embeddable":true,"href":"https:\/\/ospitalarioakfundazioaeuskadi.org\/es\/wp-json\/wp\/v2\/categories?post=23581"},{"taxonomy":"post_tag","embeddable":true,"href":"https:\/\/ospitalarioakfundazioaeuskadi.org\/es\/wp-json\/wp\/v2\/tags?post=23581"},{"taxonomy":"linea-asistencial","embeddable":true,"href":"https:\/\/ospitalarioakfundazioaeuskadi.org\/es\/wp-json\/wp\/v2\/linea-asistencial?post=23581"}],"curies":[{"name":"wp","href":"https:\/\/api.w.org\/{rel}","templated":true}]}}