{"id":23589,"date":"2016-10-06T00:00:00","date_gmt":"2016-10-06T00:00:00","guid":{"rendered":"http:\/\/194.35.43.170\/~aitamenninueva\/carmen-sanz-residente-de-joxe-miel-barandiaran-cumple-100-anos-zorionak\/"},"modified":"2022-10-25T13:49:53","modified_gmt":"2022-10-25T13:49:53","slug":"carmen-sanz-residente-de-joxe-miel-barandiaran-cumple-100-anos-zorionak","status":"publish","type":"post","link":"https:\/\/ospitalarioakfundazioaeuskadi.org\/es\/carmen-sanz-residente-de-joxe-miel-barandiaran-cumple-100-anos-zorionak\/","title":{"rendered":"Carmen Sanz, residente de Joxe Miel Barandiaran, cumple 100 a\u00f1os. Zorionak!"},"content":{"rendered":"<p>(Foto: Durangon.com)<\/p>\n<p><strong>Carmen Sanz Conde<\/strong>, una de nuestras residentes de Joxe Miel Barandiaran, en Durango, <strong>cumpli\u00f3 ayer 100 a\u00f1os<\/strong> rodeada de sus familiares y de quienes formamos la \u00abfamilia\u00bb de la Residencia.<\/p>\n<p><!--more-->El acontecimiento cont\u00f3 con la presencia de un nutrido grupo de familiares de todas las edades que se acercaron a mediod\u00eda a felicitar a Carmen, igual que hizo <strong>Eneritz Odriozola<\/strong> en representaci\u00f3n del Departamento de Acci\u00f3n Social de la Diputaci\u00f3n Foral de Bizkaia. La homenajeada recibi\u00f3 como regalo un cuadro y un ramo de flores. No ser\u00edan las \u00fanicas, ya que por la tarde, la segunda teniente de alcalde de Durango, <strong>Mari Jose Balier<\/strong>, y la t\u00e9cnica <strong>Mar\u00eda Villar<\/strong>, del \u00e1rea de personas mayores del Ayuntamiento, le hicieron entrega tambi\u00e9n de un ramo.<\/p>\n<p>Carmen pos\u00f3 encantada para un mont\u00f3n de fotos de recuerdo, tanto con sus familiares como con las visitantes institucionales y con quienes convivimos d\u00eda a d\u00eda con ella\u00a0en la Residencia Barandiaran.<\/p>\n<p>Zorionak, Carmen!<\/p>\n<p>&nbsp;<\/p>\n","protected":false},"excerpt":{"rendered":"<p>(Foto: Durangon.com)<\/p>\n<p><strong>Carmen Sanz Conde<\/strong>, una de nuestras residentes de Joxe Miel Barandiaran, en Durango, <strong>cumpli\u00f3 ayer 100 a\u00f1os<\/strong> rodeada de sus familiares y de quienes formamos la \u00abfamilia\u00bb de la Residencia.<\/p>\n<div class=\"link-more\"><a href=\"https:\/\/ospitalarioakfundazioaeuskadi.org\/es\/carmen-sanz-residente-de-joxe-miel-barandiaran-cumple-100-anos-zorionak\/#more-23589\" class=\"more-link\">Seguir leyendo<span class=\"screen-reader-text\"> &ldquo;Carmen Sanz, residente de Joxe Miel Barandiaran, cumple 100 a\u00f1os. Zorionak!&rdquo;<\/span>&hellip;<\/a><\/div>\n","protected":false},"author":1,"featured_media":1807,"comment_status":"closed","ping_status":"closed","sticky":false,"template":"","format":"standard","meta":{"footnotes":""},"categories":[646,647,650],"tags":[],"linea-asistencial":[980],"class_list":["post-23589","post","type-post","status-publish","format-standard","has-post-thumbnail","hentry","category-aita-menni","category-persona-mayor","category-residencia-joxe-miel-barandiaran-durango","linea-asistencial-4-persona-mayor","entry"],"_links":{"self":[{"href":"https:\/\/ospitalarioakfundazioaeuskadi.org\/es\/wp-json\/wp\/v2\/posts\/23589","targetHints":{"allow":["GET"]}}],"collection":[{"href":"https:\/\/ospitalarioakfundazioaeuskadi.org\/es\/wp-json\/wp\/v2\/posts"}],"about":[{"href":"https:\/\/ospitalarioakfundazioaeuskadi.org\/es\/wp-json\/wp\/v2\/types\/post"}],"author":[{"embeddable":true,"href":"https:\/\/ospitalarioakfundazioaeuskadi.org\/es\/wp-json\/wp\/v2\/users\/1"}],"replies":[{"embeddable":true,"href":"https:\/\/ospitalarioakfundazioaeuskadi.org\/es\/wp-json\/wp\/v2\/comments?post=23589"}],"version-history":[{"count":1,"href":"https:\/\/ospitalarioakfundazioaeuskadi.org\/es\/wp-json\/wp\/v2\/posts\/23589\/revisions"}],"predecessor-version":[{"id":55227,"href":"https:\/\/ospitalarioakfundazioaeuskadi.org\/es\/wp-json\/wp\/v2\/posts\/23589\/revisions\/55227"}],"wp:featuredmedia":[{"embeddable":true,"href":"https:\/\/ospitalarioakfundazioaeuskadi.org\/es\/wp-json\/wp\/v2\/media\/1807"}],"wp:attachment":[{"href":"https:\/\/ospitalarioakfundazioaeuskadi.org\/es\/wp-json\/wp\/v2\/media?parent=23589"}],"wp:term":[{"taxonomy":"category","embeddable":true,"href":"https:\/\/ospitalarioakfundazioaeuskadi.org\/es\/wp-json\/wp\/v2\/categories?post=23589"},{"taxonomy":"post_tag","embeddable":true,"href":"https:\/\/ospitalarioakfundazioaeuskadi.org\/es\/wp-json\/wp\/v2\/tags?post=23589"},{"taxonomy":"linea-asistencial","embeddable":true,"href":"https:\/\/ospitalarioakfundazioaeuskadi.org\/es\/wp-json\/wp\/v2\/linea-asistencial?post=23589"}],"curies":[{"name":"wp","href":"https:\/\/api.w.org\/{rel}","templated":true}]}}