{"id":23602,"date":"2016-11-20T00:00:00","date_gmt":"2016-11-20T00:00:00","guid":{"rendered":"http:\/\/194.35.43.170\/~aitamenninueva\/zorionak-carmen\/"},"modified":"2022-10-25T13:49:46","modified_gmt":"2022-10-25T13:49:46","slug":"zorionak-carmen","status":"publish","type":"post","link":"https:\/\/ospitalarioakfundazioaeuskadi.org\/es\/zorionak-carmen\/","title":{"rendered":"Zorionak Carmen!"},"content":{"rendered":"<p>Una de las\u00a0usuarias\u00a0de la <strong>Residencia de Personas Mayores Txurdinagabarri<\/strong>, <strong>Carmen Larrinaga, cumpli\u00f3 100 a\u00f1os<\/strong> el pasado 13 de noviembre, y lo celebramos con una gran fiesta junto a su familia y sus compa\u00f1eras y compa\u00f1eros\u00a0de planta.<\/p>\n<p><!--more-->Adem\u00e1s, nos acompa\u00f1aron representantes del Ayuntamiento de Bilbao y de la Diputaci\u00f3n Foral de Bizkaia, que abrieron la celebraci\u00f3n felicitando a Carmen y entreg\u00e1ndole un ramo de flores y varios detalles.<\/p>\n<p>La cumplea\u00f1era, tan alegre y dicharachera como siempre, disfrut\u00f3 de tan esperado d\u00eda y se emocion\u00f3 con las muestras de cari\u00f1o que recibi\u00f3.<\/p>\n<p>\u00a1Fue un gran d\u00eda para Carmen y su familia!<\/p>\n<p><a href=\"https:\/\/www.ospitalarioakfundazioaeuskadi.org\/wp-content\/uploads\/2021\/09\/residencia-personas-mayores-txurdinagabarri-centenaria4.jpg\"><img loading=\"lazy\" decoding=\"async\" class=\"alignnone size-full wp-image-8011\" src=\"https:\/\/www.ospitalarioakfundazioaeuskadi.org\/wp-content\/uploads\/2021\/09\/residencia-personas-mayores-txurdinagabarri-centenaria4.jpg\" alt=\"Zorionak, Carmen!\" width=\"1024\" height=\"1365\" title=\"\"><\/a><\/p>\n<p><a href=\"https:\/\/www.ospitalarioakfundazioaeuskadi.org\/wp-content\/uploads\/2021\/09\/residencia-personas-mayores-txurdinagabarri-centenaria3.jpg\"><img loading=\"lazy\" decoding=\"async\" class=\"alignnone size-full wp-image-8009\" src=\"https:\/\/www.ospitalarioakfundazioaeuskadi.org\/wp-content\/uploads\/2021\/09\/residencia-personas-mayores-txurdinagabarri-centenaria3.jpg\" alt=\"Zorionak, Carmen!\" width=\"1024\" height=\"768\" title=\"\"><\/a><\/p>\n<p><a href=\"https:\/\/www.ospitalarioakfundazioaeuskadi.org\/wp-content\/uploads\/2021\/09\/residencia-personas-mayores-txurdinagabarri-centenaria2.jpg\"><img loading=\"lazy\" decoding=\"async\" class=\"alignnone size-full wp-image-8007\" src=\"https:\/\/www.ospitalarioakfundazioaeuskadi.org\/wp-content\/uploads\/2021\/09\/residencia-personas-mayores-txurdinagabarri-centenaria2.jpg\" alt=\"Zorionak, Carmen!\" width=\"1024\" height=\"768\" title=\"\"><\/a><\/p>\n<p><a href=\"https:\/\/www.ospitalarioakfundazioaeuskadi.org\/wp-content\/uploads\/2021\/09\/residencia-personas-mayores-txurdinagabarri-centenaria1.jpg\"><img loading=\"lazy\" decoding=\"async\" class=\"alignnone size-full wp-image-8005\" src=\"https:\/\/www.ospitalarioakfundazioaeuskadi.org\/wp-content\/uploads\/2021\/09\/residencia-personas-mayores-txurdinagabarri-centenaria1.jpg\" alt=\"Zorionak, Carmen!\" width=\"1024\" height=\"807\" title=\"\"><\/a><\/p>\n","protected":false},"excerpt":{"rendered":"<p>Una de las\u00a0usuarias\u00a0de la <strong>Residencia de Personas Mayores Txurdinagabarri<\/strong>, <strong>Carmen Larrinaga, cumpli\u00f3 100 a\u00f1os<\/strong> el pasado 13 de noviembre, y lo celebramos con una gran fiesta junto a su familia y sus compa\u00f1eras y compa\u00f1eros\u00a0de planta.<\/p>\n<div class=\"link-more\"><a href=\"https:\/\/ospitalarioakfundazioaeuskadi.org\/es\/zorionak-carmen\/#more-23602\" class=\"more-link\">Seguir leyendo<span class=\"screen-reader-text\"> &ldquo;Zorionak Carmen!&rdquo;<\/span>&hellip;<\/a><\/div>\n","protected":false},"author":1,"featured_media":1978,"comment_status":"closed","ping_status":"closed","sticky":false,"template":"","format":"standard","meta":{"footnotes":""},"categories":[648],"tags":[],"linea-asistencial":[980],"class_list":["post-23602","post","type-post","status-publish","format-standard","has-post-thumbnail","hentry","category-residencia-txurdinagabarri-bilbao","linea-asistencial-4-persona-mayor","entry"],"_links":{"self":[{"href":"https:\/\/ospitalarioakfundazioaeuskadi.org\/es\/wp-json\/wp\/v2\/posts\/23602","targetHints":{"allow":["GET"]}}],"collection":[{"href":"https:\/\/ospitalarioakfundazioaeuskadi.org\/es\/wp-json\/wp\/v2\/posts"}],"about":[{"href":"https:\/\/ospitalarioakfundazioaeuskadi.org\/es\/wp-json\/wp\/v2\/types\/post"}],"author":[{"embeddable":true,"href":"https:\/\/ospitalarioakfundazioaeuskadi.org\/es\/wp-json\/wp\/v2\/users\/1"}],"replies":[{"embeddable":true,"href":"https:\/\/ospitalarioakfundazioaeuskadi.org\/es\/wp-json\/wp\/v2\/comments?post=23602"}],"version-history":[{"count":1,"href":"https:\/\/ospitalarioakfundazioaeuskadi.org\/es\/wp-json\/wp\/v2\/posts\/23602\/revisions"}],"predecessor-version":[{"id":55213,"href":"https:\/\/ospitalarioakfundazioaeuskadi.org\/es\/wp-json\/wp\/v2\/posts\/23602\/revisions\/55213"}],"wp:featuredmedia":[{"embeddable":true,"href":"https:\/\/ospitalarioakfundazioaeuskadi.org\/es\/wp-json\/wp\/v2\/media\/1978"}],"wp:attachment":[{"href":"https:\/\/ospitalarioakfundazioaeuskadi.org\/es\/wp-json\/wp\/v2\/media?parent=23602"}],"wp:term":[{"taxonomy":"category","embeddable":true,"href":"https:\/\/ospitalarioakfundazioaeuskadi.org\/es\/wp-json\/wp\/v2\/categories?post=23602"},{"taxonomy":"post_tag","embeddable":true,"href":"https:\/\/ospitalarioakfundazioaeuskadi.org\/es\/wp-json\/wp\/v2\/tags?post=23602"},{"taxonomy":"linea-asistencial","embeddable":true,"href":"https:\/\/ospitalarioakfundazioaeuskadi.org\/es\/wp-json\/wp\/v2\/linea-asistencial?post=23602"}],"curies":[{"name":"wp","href":"https:\/\/api.w.org\/{rel}","templated":true}]}}