{"id":23650,"date":"2017-05-02T00:00:00","date_gmt":"2017-05-02T00:00:00","guid":{"rendered":"http:\/\/194.35.43.170\/~aitamenninueva\/mayores-de-la-residencia-txurdinagabarri-en-el-centro-azkuna-de-bilbao\/"},"modified":"2022-11-20T08:27:54","modified_gmt":"2022-11-20T08:27:54","slug":"mayores-de-la-residencia-txurdinagabarri-en-el-centro-azkuna-de-bilbao","status":"publish","type":"post","link":"https:\/\/ospitalarioakfundazioaeuskadi.org\/es\/mayores-de-la-residencia-txurdinagabarri-en-el-centro-azkuna-de-bilbao\/","title":{"rendered":"Mayores de la Residencia Txurdinagabarri, en el Centro Azkuna de Bilbao"},"content":{"rendered":"<p>Como parte del del <a title=\"La Residencia Txurdinagabarri pone en marcha de nuevo el Programa Intergeneracional con Bego\u00f1azpi y Urdaneta\" href=\"https:\/\/www.personamayor.org\/la-residencia-txurdinagabarri-pone-en-marcha-de-nuevo-el-programa-intergeneracional-con-begonazpi-y-urdaneta\/\" rel=\"nofollow noopener\" target=\"_blank\">Programa Intergeneracional<\/a> que estamos llevando a cabo en la <a title=\"Bilbao \u2013 Residencia de Personas Mayores Txurdinagabarri\" href=\"https:\/\/www.personamayor.org\/nuestros-centros\/residencias\/residencia-de-ancianos-txurdinagabarri-bilbao\/\" rel=\"nofollow noopener\" target=\"_blank\">Residencia de personas mayores Txurdinagabarri de Bilbao<\/a>, el d\u00eda 5 de abril nos acercamos hasta el pleno centro de Bilbao para conocer el Centro Azkuna.<\/p>\n<p><!--more-->Una de las cosas que m\u00e1s nos gust\u00f3 fueron las numerosas columnas que all\u00ed hab\u00eda, sobre todo, por lo diferentes que eran unas de otras. De todas las que hab\u00eda, la que m\u00e1s nos gust\u00f3 fue la inspirada en la cultura china.<\/p>\n<p>Otra de las cosas que nos llam\u00f3 la atenci\u00f3n fue mirar al techo y ver los pies de la gente que se estaba ba\u00f1ando en la piscina que est\u00e1 ubicada en la planta superior del centro.<\/p>\n<p>Por otro lado, nuestros mayores nos hablaron un poco de la historia del propio centro, conocido como la Alh\u00f3ndiga. Seg\u00fan contaban, en el pasado aquel edificio se utilizaba para almacenar licores y vino, y en 1919 sufri\u00f3 un gran incendio que se prolong\u00f3 durante 5 d\u00edas y tuvo preocupado a todo Bilbao.<\/p>\n<p>Para terminar la tarde, fuimos a tomar un caf\u00e9 a la cafeter\u00eda donde tambi\u00e9n pudimos disfrutar de unos ricos bollos de mantequilla.<\/p>\n<p><a href=\"https:\/\/www.ospitalarioakfundazioaeuskadi.org\/wp-content\/uploads\/2021\/09\/personas-mayores-residncia-ancianos-alhondiga-bilbao-1.jpg\"><img loading=\"lazy\" decoding=\"async\" class=\"alignnone size-full wp-image-9734\" src=\"https:\/\/www.ospitalarioakfundazioaeuskadi.org\/wp-content\/uploads\/2021\/09\/personas-mayores-residncia-ancianos-alhondiga-bilbao-1.jpg\" alt=\"Visita de la Residencia de personas mayores Txurdinagabarri al Centro Azkuna de Bilbao\" width=\"715\" height=\"402\" title=\"\"><\/a> <a href=\"https:\/\/www.ospitalarioakfundazioaeuskadi.org\/wp-content\/uploads\/2021\/09\/personas-mayores-residncia-ancianos-alhondiga-bilbao-2.jpg\"><img loading=\"lazy\" decoding=\"async\" class=\"alignnone size-full wp-image-9736\" src=\"https:\/\/www.ospitalarioakfundazioaeuskadi.org\/wp-content\/uploads\/2021\/09\/personas-mayores-residncia-ancianos-alhondiga-bilbao-2.jpg\" alt=\"Visita de la Residencia de personas mayores Txurdinagabarri al Centro Azkuna de Bilbao\" width=\"715\" height=\"536\" title=\"\"><\/a><\/p>\n","protected":false},"excerpt":{"rendered":"<p>Como parte del del <a title=\"La Residencia Txurdinagabarri pone en marcha de nuevo el Programa Intergeneracional con Bego\u00f1azpi y Urdaneta\" href=\"https:\/\/www.personamayor.org\/la-residencia-txurdinagabarri-pone-en-marcha-de-nuevo-el-programa-intergeneracional-con-begonazpi-y-urdaneta\/\" rel=\"nofollow noopener\" target=\"_blank\">Programa Intergeneracional<\/a> que estamos llevando a cabo en la <a title=\"Bilbao \u2013 Residencia de Personas Mayores Txurdinagabarri\" href=\"https:\/\/www.personamayor.org\/nuestros-centros\/residencias\/residencia-de-ancianos-txurdinagabarri-bilbao\/\" rel=\"nofollow noopener\" target=\"_blank\">Residencia de personas mayores Txurdinagabarri de Bilbao<\/a>, el d\u00eda 5 de abril nos acercamos hasta el pleno centro de Bilbao para conocer el Centro Azkuna.<\/p>\n<div class=\"link-more\"><a href=\"https:\/\/ospitalarioakfundazioaeuskadi.org\/es\/mayores-de-la-residencia-txurdinagabarri-en-el-centro-azkuna-de-bilbao\/#more-23650\" class=\"more-link\">Seguir leyendo<span class=\"screen-reader-text\"> &ldquo;Mayores de la Residencia Txurdinagabarri, en el Centro Azkuna de Bilbao&rdquo;<\/span>&hellip;<\/a><\/div>\n","protected":false},"author":1,"featured_media":2749,"comment_status":"closed","ping_status":"closed","sticky":false,"template":"","format":"standard","meta":{"footnotes":""},"categories":[648],"tags":[702],"linea-asistencial":[980],"class_list":["post-23650","post","type-post","status-publish","format-standard","has-post-thumbnail","hentry","category-residencia-txurdinagabarri-bilbao","tag-residencia-txurdinagabarri","linea-asistencial-4-persona-mayor","entry"],"_links":{"self":[{"href":"https:\/\/ospitalarioakfundazioaeuskadi.org\/es\/wp-json\/wp\/v2\/posts\/23650","targetHints":{"allow":["GET"]}}],"collection":[{"href":"https:\/\/ospitalarioakfundazioaeuskadi.org\/es\/wp-json\/wp\/v2\/posts"}],"about":[{"href":"https:\/\/ospitalarioakfundazioaeuskadi.org\/es\/wp-json\/wp\/v2\/types\/post"}],"author":[{"embeddable":true,"href":"https:\/\/ospitalarioakfundazioaeuskadi.org\/es\/wp-json\/wp\/v2\/users\/1"}],"replies":[{"embeddable":true,"href":"https:\/\/ospitalarioakfundazioaeuskadi.org\/es\/wp-json\/wp\/v2\/comments?post=23650"}],"version-history":[{"count":1,"href":"https:\/\/ospitalarioakfundazioaeuskadi.org\/es\/wp-json\/wp\/v2\/posts\/23650\/revisions"}],"predecessor-version":[{"id":55152,"href":"https:\/\/ospitalarioakfundazioaeuskadi.org\/es\/wp-json\/wp\/v2\/posts\/23650\/revisions\/55152"}],"wp:featuredmedia":[{"embeddable":true,"href":"https:\/\/ospitalarioakfundazioaeuskadi.org\/es\/wp-json\/wp\/v2\/media\/2749"}],"wp:attachment":[{"href":"https:\/\/ospitalarioakfundazioaeuskadi.org\/es\/wp-json\/wp\/v2\/media?parent=23650"}],"wp:term":[{"taxonomy":"category","embeddable":true,"href":"https:\/\/ospitalarioakfundazioaeuskadi.org\/es\/wp-json\/wp\/v2\/categories?post=23650"},{"taxonomy":"post_tag","embeddable":true,"href":"https:\/\/ospitalarioakfundazioaeuskadi.org\/es\/wp-json\/wp\/v2\/tags?post=23650"},{"taxonomy":"linea-asistencial","embeddable":true,"href":"https:\/\/ospitalarioakfundazioaeuskadi.org\/es\/wp-json\/wp\/v2\/linea-asistencial?post=23650"}],"curies":[{"name":"wp","href":"https:\/\/api.w.org\/{rel}","templated":true}]}}