{"id":23655,"date":"2017-05-25T00:00:00","date_gmt":"2017-05-25T00:00:00","guid":{"rendered":"http:\/\/194.35.43.170\/~aitamenninueva\/grabacion-del-taller-de-reminiscencia-basada-en-el-futbol-de-deusto-para-la-television\/"},"modified":"2022-10-25T13:48:19","modified_gmt":"2022-10-25T13:48:19","slug":"grabacion-del-taller-de-reminiscencia-basada-en-el-futbol-de-deusto-para-la-television","status":"publish","type":"post","link":"https:\/\/ospitalarioakfundazioaeuskadi.org\/es\/grabacion-del-taller-de-reminiscencia-basada-en-el-futbol-de-deusto-para-la-television\/","title":{"rendered":"Grabaci\u00f3n del Taller de Reminiscencia basada en el F\u00fatbol de Deusto para Tele5 \/ Cuatro"},"content":{"rendered":"<p>Un equipo de televisi\u00f3n de la productora\u00a0Atlas estuvo grabando el martes 23 de mayo la sesi\u00f3n del <a title=\"El Taller de Reminiscencia basada en el F\u00fatbol comienza su andadura tambi\u00e9n en el Centro de D\u00eda de Deusto\" href=\"https:\/\/ospitalarioakfundazioaeuskadi.org\/es\/todos-santos-2020-58-134x179\/\">Taller de Reminiscencia basada en el F\u00fatbol<\/a> en el <a title=\"Bilbao (Deusto) \u2013 Centro de D\u00eda Psicogeri\u00e1trico Aita Menni\" href=\"https:\/\/ospitalarioakfundazioaeuskadi.org\/es\/?attachment_id=470\">Centro de D\u00eda de personas mayores de Deusto<\/a>, en la que contamos con la presencia de los ex-futbolistas del Athletic de Bilbao <strong>Rafa Alkorta<\/strong>, <strong>Javi Gonz\u00e1lez<\/strong> y <strong>Patxi Ferreira<\/strong>.\u00a0La grabaci\u00f3n tendr\u00e1 como destino los informativos de <strong>Cuatro<\/strong> o <strong>Tele5<\/strong>.<\/p>\n<p><!--more-->El taller, que trabaja\u00a0la reminiscencia a trav\u00e9s de recuerdos relacionados con el f\u00fatbol, est\u00e1 organizado por la <a title=\"FEAFV\" href=\"http:\/\/www.futbolistasfeafv.es\/\" target=\"_blank\" rel=\"external nofollow noopener\">Federaci\u00f3n Espa\u00f1ola de Futbolistas Veteranos<\/a> (FEAFV) y la <a title=\"AFE\" href=\"http:\/\/afe-futbol.com\/\" target=\"_blank\" rel=\"external nofollow noopener\">Asociaci\u00f3n de Futbolistas Espa\u00f1oles<\/a> (AFE), y ha llamado la atenci\u00f3n de estas cadenas de televisi\u00f3n, que est\u00e1n preparando <strong>una campa\u00f1a de informaci\u00f3n relacionada con la enfermedad de Alzheimer<\/strong>. Por ello, enviaron a un equipo a grabar el desarrollo del taller y a\u00a0entrevistar a las personas que lo organizan y que tienen participaci\u00f3n en \u00e9l.<\/p>\n<p><strong>Jos\u00e9 Antonio Ezquerra<\/strong>, director de la <a title=\"Bilbao \u2013 Residencia de Personas Mayores Txurdinagabarri\" href=\"https:\/\/ospitalarioakfundazioaeuskadi.org\/es\/centro\/residencia-mayores-bilbao-txurdinagabarri\/\" target=\"_blank\" rel=\"external nofollow noopener\">Residencia Txurdinagabarri<\/a> \u2013pionera en Euskadi en este tipo de talleres\u2013, \u00a0y la psic\u00f3loga del centro, <strong>Joana L\u00f3pez<\/strong>, explicaron los beneficios de la terapia de reminiscencia y las caracter\u00edsticas que hacen especial la reminiscencia relacionada con el f\u00fatbol; el presidente de la FEAFV, <strong>Juan Mar\u00eda Zorriqueta<\/strong>, habl\u00f3 sobre el origen de este tipo de experiencias\u00a0y su puesta en pr\u00e1ctica\u00a0por parte de la FEAFV en\u00a0numerosas capitales espa\u00f1olas a trav\u00e9s de las asociaciones de futbolistas veteranos de los\u00a0equipos locales; y <strong>Rafa Alkorta<\/strong>, en representaci\u00f3n de los ex \u00ableones\u00bb invitados, destac\u00f3 su\u00a0satisfacci\u00f3n por poder echar una mano a la FEAFV y por ayudar a que nuestros mayores disfruten de un rato divertido y agradable en torno al f\u00fatbol.<\/p>\n<p>El equipo\u00a0de Atlas quiso tener tambi\u00e9n el testimonio de protagonistas del taller como <strong>Isaac<\/strong>, <strong>Julia<\/strong>, <strong>Isidro<\/strong> o <strong>Bego\u00f1a<\/strong>, que explicaron c\u00f3mo hay cosas que recuerdan con facilidad \u2013como la composici\u00f3n de la m\u00edtica delantera del Athletic formada por Iriondo, Venancio, Zarra, Panizo y Ga\u00ednza\u2013 pero otras les cuestan un poco m\u00e1s.<\/p>\n<p><strong>Andoni Ayarza<\/strong>, coordinador del taller y responsable de Comunicaci\u00f3n de la FEAFV, fue proponiendo\u00a0diversas actividades y juegos cuyo objetivo es estimular el recuerdo y la actividad cognitiva. <strong>Marce<\/strong>, <strong>Juana<\/strong>, Isidro, Isaac, Julia, <strong>Candi<\/strong> y Bego\u00f1a \u2013que acuden diariamente al Centro y participan en el taller\u2013 trataban de dar con las respuestas a las preguntas de Andoni, que en esta ocasi\u00f3n ten\u00eda unos colaboradores de lujo: los ex \u00ableones\u00bb Rafa Alkorta, Javi Gonz\u00e1lez y Patxi Ferreira. Con ellos, nuestros usuarios y usuarias cantaron los himnos del Athletic, narraron\u00a0an\u00e9cdotas del pasado, jugaron a reconocer\u00a0equipos y jugadores, recordaron grandes momentos\u00a0rojiblancos, vieron fotos de su <a title=\"Los Talleres de Reminiscencia basada en el F\u00fatbol de Durango y Deusto visitan el estadio de San Mam\u00e9s\" href=\"https:\/\/ospitalarioakfundazioaeuskadi.org\/es\/20200824-residencia-mayores-bilbao-aste-nagusia-panuelos-6-150x150\/\" target=\"_blank\" rel=\"external nofollow noopener\">reciente visita a San Mam\u00e9s<\/a>\u00a0 y dieron sus pron\u00f3sticos para la final de la Copa entre el\u00a0Barcelona y el Alav\u00e9s en la \u00abporra\u00bb que hacen semanalmente \u2013y que encabeza Isidro\u2013.<\/p>\n<p>La sesi\u00f3n cont\u00f3 con momentos muy divertidos y tambi\u00e9n con instantes en los que afloraron las emociones, y termin\u00f3 con fotos y con la cari\u00f1osa despedida de los veteranos rojiblancos de nuestros usuarios y usuarias, que\u00a0pasaron un rato estupendo con ellos.<\/p>\n","protected":false},"excerpt":{"rendered":"<p>Un equipo de televisi\u00f3n de la productora\u00a0Atlas estuvo grabando el martes 23 de mayo la sesi\u00f3n del <a title=\"El Taller de Reminiscencia basada en el F\u00fatbol comienza su andadura tambi\u00e9n en el Centro de D\u00eda de Deusto\" href=\"https:\/\/ospitalarioakfundazioaeuskadi.org\/es\/todos-santos-2020-58-134x179\/\">Taller de Reminiscencia basada en el F\u00fatbol<\/a> en el <a title=\"Bilbao (Deusto) \u2013 Centro de D\u00eda Psicogeri\u00e1trico Aita Menni\" href=\"https:\/\/ospitalarioakfundazioaeuskadi.org\/es\/?attachment_id=470\">Centro de D\u00eda de personas mayores de Deusto<\/a>, en la que contamos con la presencia de los ex-futbolistas del Athletic de Bilbao <strong>Rafa Alkorta<\/strong>, <strong>Javi Gonz\u00e1lez<\/strong> y <strong>Patxi Ferreira<\/strong>.\u00a0La grabaci\u00f3n tendr\u00e1 como destino los informativos de <strong>Cuatro<\/strong> o <strong>Tele5<\/strong>.<\/p>\n<div class=\"link-more\"><a href=\"https:\/\/ospitalarioakfundazioaeuskadi.org\/es\/grabacion-del-taller-de-reminiscencia-basada-en-el-futbol-de-deusto-para-la-television\/#more-23655\" class=\"more-link\">Seguir leyendo<span class=\"screen-reader-text\"> &ldquo;Grabaci\u00f3n del Taller de Reminiscencia basada en el F\u00fatbol de Deusto para Tele5 \/ Cuatro&rdquo;<\/span>&hellip;<\/a><\/div>\n","protected":false},"author":1,"featured_media":0,"comment_status":"closed","ping_status":"closed","sticky":false,"template":"","format":"standard","meta":{"footnotes":""},"categories":[646],"tags":[807],"linea-asistencial":[980],"class_list":["post-23655","post","type-post","status-publish","format-standard","hentry","category-aita-menni","tag-centro-de-dia-de-deusto","linea-asistencial-4-persona-mayor","entry"],"_links":{"self":[{"href":"https:\/\/ospitalarioakfundazioaeuskadi.org\/es\/wp-json\/wp\/v2\/posts\/23655","targetHints":{"allow":["GET"]}}],"collection":[{"href":"https:\/\/ospitalarioakfundazioaeuskadi.org\/es\/wp-json\/wp\/v2\/posts"}],"about":[{"href":"https:\/\/ospitalarioakfundazioaeuskadi.org\/es\/wp-json\/wp\/v2\/types\/post"}],"author":[{"embeddable":true,"href":"https:\/\/ospitalarioakfundazioaeuskadi.org\/es\/wp-json\/wp\/v2\/users\/1"}],"replies":[{"embeddable":true,"href":"https:\/\/ospitalarioakfundazioaeuskadi.org\/es\/wp-json\/wp\/v2\/comments?post=23655"}],"version-history":[{"count":1,"href":"https:\/\/ospitalarioakfundazioaeuskadi.org\/es\/wp-json\/wp\/v2\/posts\/23655\/revisions"}],"predecessor-version":[{"id":55143,"href":"https:\/\/ospitalarioakfundazioaeuskadi.org\/es\/wp-json\/wp\/v2\/posts\/23655\/revisions\/55143"}],"wp:attachment":[{"href":"https:\/\/ospitalarioakfundazioaeuskadi.org\/es\/wp-json\/wp\/v2\/media?parent=23655"}],"wp:term":[{"taxonomy":"category","embeddable":true,"href":"https:\/\/ospitalarioakfundazioaeuskadi.org\/es\/wp-json\/wp\/v2\/categories?post=23655"},{"taxonomy":"post_tag","embeddable":true,"href":"https:\/\/ospitalarioakfundazioaeuskadi.org\/es\/wp-json\/wp\/v2\/tags?post=23655"},{"taxonomy":"linea-asistencial","embeddable":true,"href":"https:\/\/ospitalarioakfundazioaeuskadi.org\/es\/wp-json\/wp\/v2\/linea-asistencial?post=23655"}],"curies":[{"name":"wp","href":"https:\/\/api.w.org\/{rel}","templated":true}]}}