{"id":23673,"date":"2017-07-19T00:00:00","date_gmt":"2017-07-19T00:00:00","guid":{"rendered":"http:\/\/194.35.43.170\/~aitamenninueva\/residencia-ancianos-durango-playa-plentzia\/"},"modified":"2022-10-25T13:48:07","modified_gmt":"2022-10-25T13:48:07","slug":"residencia-ancianos-durango-playa-plentzia","status":"publish","type":"post","link":"https:\/\/ospitalarioakfundazioaeuskadi.org\/es\/residencia-ancianos-durango-playa-plentzia\/","title":{"rendered":"Excursi\u00f3n a la Playa de Plentzia"},"content":{"rendered":"<p>En la <a title=\"Durango \u2013 Residencia de Personas Mayores Joxe Miel Barandiaran\" href=\"https:\/\/www.personamayor.org\/nuestros-centros\/residencias\/durango-residencia-joxe-miel-barandiaran\/\" rel=\"nofollow noopener\" target=\"_blank\">Residencia de personas mayores Joxe Miel Barandiaran de Durango<\/a> hemos hecho\u00a0ya <strong>nuestra primera excursi\u00f3n de este verano a la playa de Plentzia<\/strong>. Nos hizo un tiempo buen\u00edsimo, con\u00a0sol y una brisita maravillosa.<\/p>\n<p><!--more-->Al bajarnos del autob\u00fas, nos recibieron los chicos y chicas del programa <a title=\"Hondartza Denontzat\" href=\"http:\/\/www.bidaideak.org\/services2\/hondartza-denontzat\/\" target=\"_blank\" rel=\"external nofollow noopener\">\u00abHondartza denontzat\u00bb<\/a> de <a title=\"Bidaideak\" href=\"http:\/\/www.bidaideak.org\/\" target=\"_blank\" rel=\"external nofollow noopener\">Bidaideak<\/a>, que nos ayudan a ba\u00f1arnos con las sillas especiales. Bidaideak es una asociaci\u00f3n sin \u00e1nimo de lucro que trabaja con personas\u00a0con diversidad funcional. Entre otras muchas cosas que hacen, en verano ayudan a que las personas que tienen dificultades para moverse puedan disfrutar de la playa y del agua, acompa\u00f1\u00e1ndoles\u00a0y ofreciendo sillas especiales\u00a0y otros aquipamientos t\u00e9cnicos.<\/p>\n<p><strong>Gabriel<\/strong> fue el m\u00e1s valiente de todos, y\u00a0se meti\u00f3 en el agua hasta el cuello.<\/p>\n<p><strong> Conchi<\/strong> y <strong>Santiago<\/strong> tambi\u00e9n probaron las aguas de la Playa de Plentzia, y se ba\u00f1aron con las sillas especiales de la gente de Bidaideak.<\/p>\n<p>Hubo otras que a pesar de no ba\u00f1arse, lo pasaron tambi\u00e9n muy bien, porque adem\u00e1s hac\u00eda a\u00f1os que no iban a la playa, como <strong>Juliana<\/strong>.<\/p>\n<p>Despu\u00e9s del ba\u00f1ito tocaba comernos los bocadillo de tortilla de patatas que tra\u00edamos de la Residencia. \u00a1Qu\u00e9 rico nos supo! Y para rematar, nos comimos un rico heladito.<\/p>\n<p>Lo pasamos fenomenal, y se nos pas\u00f3 el tiempo volando. Antes de darnos cuenta, ya est\u00e1bamos de nuevo montando en el bus de regreso a Durango, pero con la satisfacci\u00f3n de haber disfrutado de un d\u00eda buen\u00edsimo.<\/p>\n<p><a href=\"https:\/\/www.personamayor.org\/wp-content\/uploads\/residencia-ancianos-durango-playa-2.jpg\" rel=\"nofollow noopener\" target=\"_blank\"><img loading=\"lazy\" decoding=\"async\" class=\"alignnone size-large wp-image-11723\" src=\"https:\/\/www.ospitalarioakfundazioaeuskadi.org\/wp-content\/uploads\/2021\/09\/residencia-ancianos-durango-playa-2-715x536-1.jpg\" alt=\"En la playa de Plentzia\" width=\"550\" height=\"412\" title=\"\"><\/a> <a href=\"https:\/\/www.personamayor.org\/wp-content\/uploads\/residencia-ancianos-durango-playa-3.jpg\" rel=\"nofollow noopener\" target=\"_blank\"><img loading=\"lazy\" decoding=\"async\" class=\"alignnone size-large wp-image-11725\" src=\"https:\/\/www.ospitalarioakfundazioaeuskadi.org\/wp-content\/uploads\/2021\/09\/residencia-ancianos-durango-playa-3-715x536-1.jpg\" alt=\"En la playa de Plentzia\" width=\"550\" height=\"412\" title=\"\"><\/a>\u00a0<a href=\"https:\/\/www.personamayor.org\/wp-content\/uploads\/residencia-ancianos-durango-playa-5.jpg\" rel=\"nofollow noopener\" target=\"_blank\"><img loading=\"lazy\" decoding=\"async\" class=\"alignnone size-large wp-image-11729\" src=\"https:\/\/www.ospitalarioakfundazioaeuskadi.org\/wp-content\/uploads\/2021\/09\/residencia-ancianos-durango-playa-5-715x536-1.jpg\" alt=\"En la playa de Plentzia\" width=\"550\" height=\"412\" title=\"\"><\/a> <a href=\"https:\/\/www.personamayor.org\/wp-content\/uploads\/residencia-ancianos-durango-playa-6.jpg\" rel=\"nofollow noopener\" target=\"_blank\"><img loading=\"lazy\" decoding=\"async\" class=\"alignnone size-large wp-image-11731\" src=\"https:\/\/www.ospitalarioakfundazioaeuskadi.org\/wp-content\/uploads\/2021\/09\/residencia-ancianos-durango-playa-6-715x534-1.jpg\" alt=\"En la playa de Plentzia\" width=\"550\" height=\"411\" title=\"\"><\/a> <a href=\"https:\/\/www.personamayor.org\/wp-content\/uploads\/residencia-ancianos-durango-playa-1.jpg\" rel=\"nofollow noopener\" target=\"_blank\"><img loading=\"lazy\" decoding=\"async\" class=\"alignnone size-large wp-image-11721\" src=\"https:\/\/www.ospitalarioakfundazioaeuskadi.org\/wp-content\/uploads\/2021\/09\/residencia-ancianos-durango-playa-1-715x536-1.jpg\" alt=\"En la playa de Plentzia\" width=\"550\" height=\"412\" title=\"\"><\/a><\/p>\n","protected":false},"excerpt":{"rendered":"<p>En la <a title=\"Durango \u2013 Residencia de Personas Mayores Joxe Miel Barandiaran\" href=\"https:\/\/www.personamayor.org\/nuestros-centros\/residencias\/durango-residencia-joxe-miel-barandiaran\/\" rel=\"nofollow noopener\" target=\"_blank\">Residencia de personas mayores Joxe Miel Barandiaran de Durango<\/a> hemos hecho\u00a0ya <strong>nuestra primera excursi\u00f3n de este verano a la playa de Plentzia<\/strong>. Nos hizo un tiempo buen\u00edsimo, con\u00a0sol y una brisita maravillosa.<\/p>\n<div class=\"link-more\"><a href=\"https:\/\/ospitalarioakfundazioaeuskadi.org\/es\/residencia-ancianos-durango-playa-plentzia\/#more-23673\" class=\"more-link\">Seguir leyendo<span class=\"screen-reader-text\"> &ldquo;Excursi\u00f3n a la Playa de Plentzia&rdquo;<\/span>&hellip;<\/a><\/div>\n","protected":false},"author":1,"featured_media":3279,"comment_status":"closed","ping_status":"closed","sticky":false,"template":"","format":"standard","meta":{"footnotes":""},"categories":[650],"tags":[728],"linea-asistencial":[980],"class_list":["post-23673","post","type-post","status-publish","format-standard","has-post-thumbnail","hentry","category-residencia-joxe-miel-barandiaran-durango","tag-residencia-joxe-miel-barandiaran","linea-asistencial-4-persona-mayor","entry"],"_links":{"self":[{"href":"https:\/\/ospitalarioakfundazioaeuskadi.org\/es\/wp-json\/wp\/v2\/posts\/23673","targetHints":{"allow":["GET"]}}],"collection":[{"href":"https:\/\/ospitalarioakfundazioaeuskadi.org\/es\/wp-json\/wp\/v2\/posts"}],"about":[{"href":"https:\/\/ospitalarioakfundazioaeuskadi.org\/es\/wp-json\/wp\/v2\/types\/post"}],"author":[{"embeddable":true,"href":"https:\/\/ospitalarioakfundazioaeuskadi.org\/es\/wp-json\/wp\/v2\/users\/1"}],"replies":[{"embeddable":true,"href":"https:\/\/ospitalarioakfundazioaeuskadi.org\/es\/wp-json\/wp\/v2\/comments?post=23673"}],"version-history":[{"count":1,"href":"https:\/\/ospitalarioakfundazioaeuskadi.org\/es\/wp-json\/wp\/v2\/posts\/23673\/revisions"}],"predecessor-version":[{"id":55120,"href":"https:\/\/ospitalarioakfundazioaeuskadi.org\/es\/wp-json\/wp\/v2\/posts\/23673\/revisions\/55120"}],"wp:featuredmedia":[{"embeddable":true,"href":"https:\/\/ospitalarioakfundazioaeuskadi.org\/es\/wp-json\/wp\/v2\/media\/3279"}],"wp:attachment":[{"href":"https:\/\/ospitalarioakfundazioaeuskadi.org\/es\/wp-json\/wp\/v2\/media?parent=23673"}],"wp:term":[{"taxonomy":"category","embeddable":true,"href":"https:\/\/ospitalarioakfundazioaeuskadi.org\/es\/wp-json\/wp\/v2\/categories?post=23673"},{"taxonomy":"post_tag","embeddable":true,"href":"https:\/\/ospitalarioakfundazioaeuskadi.org\/es\/wp-json\/wp\/v2\/tags?post=23673"},{"taxonomy":"linea-asistencial","embeddable":true,"href":"https:\/\/ospitalarioakfundazioaeuskadi.org\/es\/wp-json\/wp\/v2\/linea-asistencial?post=23673"}],"curies":[{"name":"wp","href":"https:\/\/api.w.org\/{rel}","templated":true}]}}