{"id":23684,"date":"2017-08-31T00:00:00","date_gmt":"2017-08-31T00:00:00","guid":{"rendered":"http:\/\/194.35.43.170\/~aitamenninueva\/viendo-el-ambiente-previo-de-la-aste-nagusia-de-bilbao\/"},"modified":"2022-10-25T13:48:00","modified_gmt":"2022-10-25T13:48:00","slug":"viendo-el-ambiente-previo-de-la-aste-nagusia-de-bilbao","status":"publish","type":"post","link":"https:\/\/ospitalarioakfundazioaeuskadi.org\/es\/viendo-el-ambiente-previo-de-la-aste-nagusia-de-bilbao\/","title":{"rendered":"Viendo el ambiente previo de la Aste Nagusia de Bilbao"},"content":{"rendered":"<p>Cada a\u00f1o, en la\u00a0<a title=\"Residencia de ancianos Txurdinagabarri de Bilbao\" href=\"https:\/\/www.personamayor.org\/nuestros-centros\/residencias\/residencia-de-ancianos-txurdinagabarri-bilbao\/\" rel=\"nofollow noopener\" target=\"_blank\">Residencia de personas mayores Txurdinagabarri de Bilbao<\/a>\u00a0esperamos con ilusi\u00f3n la llegada de la\u00a0<strong>Aste Nagusia<\/strong>, y el d\u00eda antes del comienzo de las fiestas solemos ir al Arenal a disfrutar del ambiente.<\/p>\n<p><!--more--><\/p>\n<p>Recorrimos la zona viendo c\u00f3mo se terminaban de montar las txosnas y comentando la decoraci\u00f3n de cada una de ellas, y estuvimos sac\u00e1ndonos fotos delante de una imagen de Marijaia que estaba en la de Moskotarrak.<\/p>\n<p>Tambi\u00e9n tuvimos tiempo de tomarnos un aperitivo en el bar del Kiosko, rodeados de todo el traj\u00edn previo al inicio de la\u00a0semana festiva.<\/p>\n<p>&nbsp;<\/p>\n<p><img loading=\"lazy\" decoding=\"async\" class=\"size-large wp-image-12073\" src=\"https:\/\/www.ospitalarioakfundazioaeuskadi.org\/wp-content\/uploads\/2021\/09\/residencia-ancianos-bilbao-aste-nagusia-21-715x610-1.jpg\" alt=\"En el Arenal\" width=\"550\" height=\"469\" title=\"\"><\/p>\n<p><img loading=\"lazy\" decoding=\"async\" class=\"size-large wp-image-12075\" src=\"https:\/\/www.ospitalarioakfundazioaeuskadi.org\/wp-content\/uploads\/2021\/09\/residencia-ancianos-bilbao-aste-nagusia-31-715x536-1.jpg\" alt=\"En el Arenal\" width=\"550\" height=\"412\" title=\"\"><\/p>\n<p><img loading=\"lazy\" decoding=\"async\" class=\"size-large wp-image-12077\" src=\"https:\/\/www.ospitalarioakfundazioaeuskadi.org\/wp-content\/uploads\/2021\/09\/residencia-ancianos-bilbao-aste-nagusia-41-715x536-1.jpg\" alt=\"En el Arenal\" width=\"550\" height=\"412\" title=\"\"><\/p>\n<p><img loading=\"lazy\" decoding=\"async\" class=\"size-large wp-image-12079\" src=\"https:\/\/www.ospitalarioakfundazioaeuskadi.org\/wp-content\/uploads\/2021\/09\/residencia-ancianos-bilbao-aste-nagusia-51-715x536-1.jpg\" alt=\"En el Arenal\" width=\"550\" height=\"412\" title=\"\"><\/p>\n","protected":false},"excerpt":{"rendered":"<p>Cada a\u00f1o, en la\u00a0<a title=\"Residencia de ancianos Txurdinagabarri de Bilbao\" href=\"https:\/\/www.personamayor.org\/nuestros-centros\/residencias\/residencia-de-ancianos-txurdinagabarri-bilbao\/\" rel=\"nofollow noopener\" target=\"_blank\">Residencia de personas mayores Txurdinagabarri de Bilbao<\/a>\u00a0esperamos con ilusi\u00f3n la llegada de la\u00a0<strong>Aste Nagusia<\/strong>, y el d\u00eda antes del comienzo de las fiestas solemos ir al Arenal a disfrutar del ambiente.<\/p>\n<div class=\"link-more\"><a href=\"https:\/\/ospitalarioakfundazioaeuskadi.org\/es\/viendo-el-ambiente-previo-de-la-aste-nagusia-de-bilbao\/#more-23684\" class=\"more-link\">Seguir leyendo<span class=\"screen-reader-text\"> &ldquo;Viendo el ambiente previo de la Aste Nagusia de Bilbao&rdquo;<\/span>&hellip;<\/a><\/div>\n","protected":false},"author":1,"featured_media":3668,"comment_status":"closed","ping_status":"closed","sticky":false,"template":"","format":"standard","meta":{"footnotes":""},"categories":[648],"tags":[],"linea-asistencial":[980],"class_list":["post-23684","post","type-post","status-publish","format-standard","has-post-thumbnail","hentry","category-residencia-txurdinagabarri-bilbao","linea-asistencial-4-persona-mayor","entry"],"_links":{"self":[{"href":"https:\/\/ospitalarioakfundazioaeuskadi.org\/es\/wp-json\/wp\/v2\/posts\/23684","targetHints":{"allow":["GET"]}}],"collection":[{"href":"https:\/\/ospitalarioakfundazioaeuskadi.org\/es\/wp-json\/wp\/v2\/posts"}],"about":[{"href":"https:\/\/ospitalarioakfundazioaeuskadi.org\/es\/wp-json\/wp\/v2\/types\/post"}],"author":[{"embeddable":true,"href":"https:\/\/ospitalarioakfundazioaeuskadi.org\/es\/wp-json\/wp\/v2\/users\/1"}],"replies":[{"embeddable":true,"href":"https:\/\/ospitalarioakfundazioaeuskadi.org\/es\/wp-json\/wp\/v2\/comments?post=23684"}],"version-history":[{"count":1,"href":"https:\/\/ospitalarioakfundazioaeuskadi.org\/es\/wp-json\/wp\/v2\/posts\/23684\/revisions"}],"predecessor-version":[{"id":55108,"href":"https:\/\/ospitalarioakfundazioaeuskadi.org\/es\/wp-json\/wp\/v2\/posts\/23684\/revisions\/55108"}],"wp:featuredmedia":[{"embeddable":true,"href":"https:\/\/ospitalarioakfundazioaeuskadi.org\/es\/wp-json\/wp\/v2\/media\/3668"}],"wp:attachment":[{"href":"https:\/\/ospitalarioakfundazioaeuskadi.org\/es\/wp-json\/wp\/v2\/media?parent=23684"}],"wp:term":[{"taxonomy":"category","embeddable":true,"href":"https:\/\/ospitalarioakfundazioaeuskadi.org\/es\/wp-json\/wp\/v2\/categories?post=23684"},{"taxonomy":"post_tag","embeddable":true,"href":"https:\/\/ospitalarioakfundazioaeuskadi.org\/es\/wp-json\/wp\/v2\/tags?post=23684"},{"taxonomy":"linea-asistencial","embeddable":true,"href":"https:\/\/ospitalarioakfundazioaeuskadi.org\/es\/wp-json\/wp\/v2\/linea-asistencial?post=23684"}],"curies":[{"name":"wp","href":"https:\/\/api.w.org\/{rel}","templated":true}]}}