{"id":23691,"date":"2017-09-25T00:00:00","date_gmt":"2017-09-25T00:00:00","guid":{"rendered":"http:\/\/194.35.43.170\/~aitamenninueva\/reminiscencia-en-el-centro-de-personas-mayores-de-arrasate\/"},"modified":"2022-10-25T13:47:56","modified_gmt":"2022-10-25T13:47:56","slug":"reminiscencia-en-el-centro-de-personas-mayores-de-arrasate","status":"publish","type":"post","link":"https:\/\/ospitalarioakfundazioaeuskadi.org\/es\/reminiscencia-en-el-centro-de-personas-mayores-de-arrasate\/","title":{"rendered":"Reminiscencia en el Centro de personas mayores de Arrasate"},"content":{"rendered":"<p>Este mes ha dado comienzo en el <a title=\"Arrasate \u2013 Centro de D\u00eda Psicogeri\u00e1trico Aita Menni\" href=\"https:\/\/ospitalarioakfundazioaeuskadi.org\/es\/p1030352-600x450\/\">Centro de D\u00eda de personas mayores Aita Menni<\/a> de Arrasate-Mondrag\u00f3n (Gipuzkoa) el <strong>Taller de <a href=\"https:\/\/ospitalarioakfundazioaeuskadi.org\/es\/todos-santos-2020-58-134x179\/\">Reminiscencia basada en el F\u00fatbol<\/a><\/strong> que organizan la <a title=\"Federaci\u00f3n Espa\u00f1ola de Asociaciones de Futbolistas Veteranos\" href=\"http:\/\/www.futbolistasfeafv.com\/\" target=\"_blank\" rel=\"external nofollow noopener\">Federaci\u00f3n Espa\u00f1ola de Asociaciones de Futbolistas Veteranos<\/a> (FEAFV) y la <a title=\"Asociaci\u00f3n de Futbolistas Espa\u00f1oles\" href=\"http:\/\/afe-futbol.com\/\" target=\"_blank\" rel=\"external nofollow noopener\">Asociaci\u00f3n de Futbolistas Espa\u00f1oles<\/a> (AFE).<\/p>\n<p><!--more-->Para el desarrollo de las sesiones, se cuenta con la participaci\u00f3n y colaboraci\u00f3n tanto de la <strong>Asociaci\u00f3n de Ex Futbolistas de la Real Sociedad<\/strong> como de la <strong>Fundaci\u00f3n<\/strong> del club txuriurdin.<\/p>\n<p>En la sesi\u00f3n inaugural, el pasado d\u00eda 11, adem\u00e1s de las personas usuarias de la Residencia que participan en el taller y sus familiares m\u00e1s cercanos, estuvieron presentes <strong>Elena Berecibar<\/strong>, responsable del Centro de D\u00eda de Arrasate y del Departamento\u00a0de Trabajo Social de Aita Menni; <strong>Alberto G\u00f3rriz<\/strong>, ex futbolista de la Real Sociedad y\u00a0presidente de la agrupaci\u00f3n de veteranos realistas; <strong>Mitxel Loinaz<\/strong>, tambi\u00e9n ex jugador txuriurdin; <strong>Juan Mar\u00eda Zorriqueta<\/strong> y <strong>Andoni Ayarza<\/strong>, por parte de la FEAFV; y las monitoras <strong>Marijo<\/strong> y <strong>Vanesa<\/strong>.<\/p>\n<p>En este taller se llevar\u00e1n a cabo 12 sesiones de dos horas de duraci\u00f3n, a raz\u00f3n de una sesi\u00f3n por semana, hasta el 27 de noviembre, y en ellas se utilizar\u00e1n materiales como fotograf\u00edas, v\u00eddeos, himnos, canciones populares y objetos diversos relacionados con la Real Sociedad y el f\u00fatbol en general. Adem\u00e1s, se celebrar\u00e1n tres sesiones extras con visitas de destacados ex jugadores\u00a0y salidas programadas a ubicaciones\u00a0como el Estadio de Anoeta o las instalaciones de\u00a0de Zubieta, campo\u00a0de entrenamiento del primer equipo y centro de formaci\u00f3n de la cantera de la Real.<\/p>\n","protected":false},"excerpt":{"rendered":"<p>Este mes ha dado comienzo en el <a title=\"Arrasate \u2013 Centro de D\u00eda Psicogeri\u00e1trico Aita Menni\" href=\"https:\/\/ospitalarioakfundazioaeuskadi.org\/es\/p1030352-600x450\/\">Centro de D\u00eda de personas mayores Aita Menni<\/a> de Arrasate-Mondrag\u00f3n (Gipuzkoa) el <strong>Taller de <a href=\"https:\/\/ospitalarioakfundazioaeuskadi.org\/es\/todos-santos-2020-58-134x179\/\">Reminiscencia basada en el F\u00fatbol<\/a><\/strong> que organizan la <a title=\"Federaci\u00f3n Espa\u00f1ola de Asociaciones de Futbolistas Veteranos\" href=\"http:\/\/www.futbolistasfeafv.com\/\" target=\"_blank\" rel=\"external nofollow noopener\">Federaci\u00f3n Espa\u00f1ola de Asociaciones de Futbolistas Veteranos<\/a> (FEAFV) y la <a title=\"Asociaci\u00f3n de Futbolistas Espa\u00f1oles\" href=\"http:\/\/afe-futbol.com\/\" target=\"_blank\" rel=\"external nofollow noopener\">Asociaci\u00f3n de Futbolistas Espa\u00f1oles<\/a> (AFE).<\/p>\n<div class=\"link-more\"><a href=\"https:\/\/ospitalarioakfundazioaeuskadi.org\/es\/reminiscencia-en-el-centro-de-personas-mayores-de-arrasate\/#more-23691\" class=\"more-link\">Seguir leyendo<span class=\"screen-reader-text\"> &ldquo;Reminiscencia en el Centro de personas mayores de Arrasate&rdquo;<\/span>&hellip;<\/a><\/div>\n","protected":false},"author":1,"featured_media":3865,"comment_status":"closed","ping_status":"closed","sticky":false,"template":"","format":"standard","meta":{"footnotes":""},"categories":[646,651],"tags":[818],"linea-asistencial":[980],"class_list":["post-23691","post","type-post","status-publish","format-standard","has-post-thumbnail","hentry","category-aita-menni","category-centro-de-dia-psicogeriatrico-arrasate","tag-centro-de-dia-de-arrasate","linea-asistencial-4-persona-mayor","entry"],"_links":{"self":[{"href":"https:\/\/ospitalarioakfundazioaeuskadi.org\/es\/wp-json\/wp\/v2\/posts\/23691","targetHints":{"allow":["GET"]}}],"collection":[{"href":"https:\/\/ospitalarioakfundazioaeuskadi.org\/es\/wp-json\/wp\/v2\/posts"}],"about":[{"href":"https:\/\/ospitalarioakfundazioaeuskadi.org\/es\/wp-json\/wp\/v2\/types\/post"}],"author":[{"embeddable":true,"href":"https:\/\/ospitalarioakfundazioaeuskadi.org\/es\/wp-json\/wp\/v2\/users\/1"}],"replies":[{"embeddable":true,"href":"https:\/\/ospitalarioakfundazioaeuskadi.org\/es\/wp-json\/wp\/v2\/comments?post=23691"}],"version-history":[{"count":1,"href":"https:\/\/ospitalarioakfundazioaeuskadi.org\/es\/wp-json\/wp\/v2\/posts\/23691\/revisions"}],"predecessor-version":[{"id":55098,"href":"https:\/\/ospitalarioakfundazioaeuskadi.org\/es\/wp-json\/wp\/v2\/posts\/23691\/revisions\/55098"}],"wp:featuredmedia":[{"embeddable":true,"href":"https:\/\/ospitalarioakfundazioaeuskadi.org\/es\/wp-json\/wp\/v2\/media\/3865"}],"wp:attachment":[{"href":"https:\/\/ospitalarioakfundazioaeuskadi.org\/es\/wp-json\/wp\/v2\/media?parent=23691"}],"wp:term":[{"taxonomy":"category","embeddable":true,"href":"https:\/\/ospitalarioakfundazioaeuskadi.org\/es\/wp-json\/wp\/v2\/categories?post=23691"},{"taxonomy":"post_tag","embeddable":true,"href":"https:\/\/ospitalarioakfundazioaeuskadi.org\/es\/wp-json\/wp\/v2\/tags?post=23691"},{"taxonomy":"linea-asistencial","embeddable":true,"href":"https:\/\/ospitalarioakfundazioaeuskadi.org\/es\/wp-json\/wp\/v2\/linea-asistencial?post=23691"}],"curies":[{"name":"wp","href":"https:\/\/api.w.org\/{rel}","templated":true}]}}