{"id":23695,"date":"2017-10-10T00:00:00","date_gmt":"2017-10-10T00:00:00","guid":{"rendered":"http:\/\/194.35.43.170\/~aitamenninueva\/javier-pastor-las-residencias-de-mayores-deben-crear-el-ambiente-terapeutico-que-prevenga-la-enfermedad-mental\/"},"modified":"2022-10-25T13:47:51","modified_gmt":"2022-10-25T13:47:51","slug":"javier-pastor-las-residencias-de-mayores-deben-crear-el-ambiente-terapeutico-que-prevenga-la-enfermedad-mental","status":"publish","type":"post","link":"https:\/\/ospitalarioakfundazioaeuskadi.org\/es\/javier-pastor-las-residencias-de-mayores-deben-crear-el-ambiente-terapeutico-que-prevenga-la-enfermedad-mental\/","title":{"rendered":"Javier Pastor: \u00abLas residencias de mayores deben crear el ambiente terap\u00e9utico que prevenga la enfermedad mental\u00bb"},"content":{"rendered":"<p>\u00abLas residencias de personas mayores deben crear el ambiente terap\u00e9utico que permita prevenir la enfermedad mental y las patolog\u00edas ps\u00edquicas y cuidar a las personas que van perdiendo sus capacidades\u00bb, ha se\u00f1alado en la XVI Reuni\u00f3n Anual de la Sociedad Vasco-Navarra de Psiquiatr\u00eda<strong> Javier Pastor, psiquiatra de las <a title=\"Nuestros centros\" href=\"https:\/\/ospitalarioakfundazioaeuskadi.org\/es\/?attachment_id=44\">residencias de personas mayores de Aita Menni<\/a><\/strong>.<\/p>\n<p><!--more-->Pastor,\u00a0que desempe\u00f1a adem\u00e1s su labor en la Red de Salud Mental de Bizkaia, ha protagonizado el pasado fin de semana una mesa redonda en la Reuni\u00f3n sobre los problemas emergentes de la Psiquiatr\u00eda, entre los que se encuentra <strong>la atenci\u00f3n psiqui\u00e1trica a personas mayores en centros residenciales<\/strong>.<\/p>\n<p>El psiquiatra ha\u00a0afirmado que el incremento de la esperanza de vida hace que las personas \u00abvivan m\u00e1s a\u00f1os en un periodo de mayor fragilidad y vulnerabilidad, en el que hay m\u00e1s enfermedades f\u00edsicas, m\u00e1s dependencia, discapacidad y alteraciones ps\u00edquicas\u201d.<\/p>\n<p>Pastor ha llamado la atenci\u00f3n sobre el hecho de que \u201choy en d\u00eda, muchas personas dependientes viven en el \u00e1mbito de los centros residenciales de ancianos, donde hay m\u00e1s prevalencia de enfermedades mentales que en la sociedad. Hay estudios que muestran que entre <strong>el 70-90% de las personas mayores dependientes de 65 a\u00f1os que est\u00e1n en una residencia de ancianos tienen una alguna patolog\u00eda mental<\/strong>\u201d.<\/p>\n<p>En esta l\u00ednea, Pastor ha se\u00f1alado que \u201cen las residencias predomina el deterioro cognitivo y la demencia. Los tratamientos no consisten solamente en suministrar f\u00e1rmacos, sino, sobre todo, en crear el ambiente terap\u00e9utico que permita prevenir y cuidar a las personas que van perdiendo sus capacidades. En esto el equipo terap\u00e9utico es fundamental, sobre todo los que tratan en d\u00eda a d\u00eda con los residentes. A los psiquiatras se les llama sobre todo para tratar los s\u00edntomas psicol\u00f3gicos y conductuales de las demencias, como la agitaci\u00f3n o los delirios\u201d.<\/p>\n<p>\u201cLas personas mayores tienen trastornos mentales de todo tipo, siendo estos muy parecidos a los trastornos que sufren las personas m\u00e1s j\u00f3venes pero, con frecuencia la expresi\u00f3n de estos trastornos es diferente. Una depresi\u00f3n de una persona joven es m\u00e1s sencilla de ser diagnosticada porque el paciente suele expresar m\u00e1s sus emociones y suele ser m\u00e1s consciente de estar mal. En cambio, las personas de edad avanzada no son tan conscientes de estar deprimidos y suelen centrarse m\u00e1s en los s\u00edntomas f\u00edsicos (\u00abme duele aqu\u00ed, me duele all\u00e1)\u201d, ha destacado Pastor, quien ha a\u00f1adido que \u201cen el medio ambulatorio el paciente te da unos datos pero en la residencia el experto ve d\u00f3nde vive, c\u00f3mo se relaciona, que hace y adem\u00e1s el personal aporta informaci\u00f3n muy valiosa sobre su estado de salud. Es m\u00e1s importante conocer c\u00f3mo funciona esa persona en el medio real\u201d.<\/p>\n<p>Asimismo, el experto ha se\u00f1alado que \u201cser mayor, estar enfermo, tener escasos apoyos y perder tu papel social, son factores de riesgo para una enfermedad mental, circunstancia que se da en ese grupo de edad\u201d. \u201cLa patolog\u00eda psiqui\u00e1trica es muy prevalente en el medio residencial y tambi\u00e9n en el \u00e1mbito de los cuidados familiares. Cuidar a una persona mayor con un grado de dependencia es muy duro y hay mucho riesgo de problemas mentales en los cuidadores, por lo que se recomienda recurrir a ayuda profesional\u201d.<\/p>\n<p>&nbsp;<\/p>\n","protected":false},"excerpt":{"rendered":"<p>\u00abLas residencias de personas mayores deben crear el ambiente terap\u00e9utico que permita prevenir la enfermedad mental y las patolog\u00edas ps\u00edquicas y cuidar a las personas que van perdiendo sus capacidades\u00bb, ha se\u00f1alado en la XVI Reuni\u00f3n Anual de la Sociedad Vasco-Navarra de Psiquiatr\u00eda<strong> Javier Pastor, psiquiatra de las <a title=\"Nuestros centros\" href=\"https:\/\/ospitalarioakfundazioaeuskadi.org\/es\/?attachment_id=44\">residencias de personas mayores de Aita Menni<\/a><\/strong>.<\/p>\n<div class=\"link-more\"><a href=\"https:\/\/ospitalarioakfundazioaeuskadi.org\/es\/javier-pastor-las-residencias-de-mayores-deben-crear-el-ambiente-terapeutico-que-prevenga-la-enfermedad-mental\/#more-23695\" class=\"more-link\">Seguir leyendo<span class=\"screen-reader-text\"> &ldquo;Javier Pastor: \u00abLas residencias de mayores deben crear el ambiente terap\u00e9utico que prevenga la enfermedad mental\u00bb&rdquo;<\/span>&hellip;<\/a><\/div>\n","protected":false},"author":1,"featured_media":4075,"comment_status":"closed","ping_status":"closed","sticky":false,"template":"","format":"standard","meta":{"footnotes":""},"categories":[646,647],"tags":[],"linea-asistencial":[980],"class_list":["post-23695","post","type-post","status-publish","format-standard","has-post-thumbnail","hentry","category-aita-menni","category-persona-mayor","linea-asistencial-4-persona-mayor","entry"],"_links":{"self":[{"href":"https:\/\/ospitalarioakfundazioaeuskadi.org\/es\/wp-json\/wp\/v2\/posts\/23695","targetHints":{"allow":["GET"]}}],"collection":[{"href":"https:\/\/ospitalarioakfundazioaeuskadi.org\/es\/wp-json\/wp\/v2\/posts"}],"about":[{"href":"https:\/\/ospitalarioakfundazioaeuskadi.org\/es\/wp-json\/wp\/v2\/types\/post"}],"author":[{"embeddable":true,"href":"https:\/\/ospitalarioakfundazioaeuskadi.org\/es\/wp-json\/wp\/v2\/users\/1"}],"replies":[{"embeddable":true,"href":"https:\/\/ospitalarioakfundazioaeuskadi.org\/es\/wp-json\/wp\/v2\/comments?post=23695"}],"version-history":[{"count":1,"href":"https:\/\/ospitalarioakfundazioaeuskadi.org\/es\/wp-json\/wp\/v2\/posts\/23695\/revisions"}],"predecessor-version":[{"id":55093,"href":"https:\/\/ospitalarioakfundazioaeuskadi.org\/es\/wp-json\/wp\/v2\/posts\/23695\/revisions\/55093"}],"wp:featuredmedia":[{"embeddable":true,"href":"https:\/\/ospitalarioakfundazioaeuskadi.org\/es\/wp-json\/wp\/v2\/media\/4075"}],"wp:attachment":[{"href":"https:\/\/ospitalarioakfundazioaeuskadi.org\/es\/wp-json\/wp\/v2\/media?parent=23695"}],"wp:term":[{"taxonomy":"category","embeddable":true,"href":"https:\/\/ospitalarioakfundazioaeuskadi.org\/es\/wp-json\/wp\/v2\/categories?post=23695"},{"taxonomy":"post_tag","embeddable":true,"href":"https:\/\/ospitalarioakfundazioaeuskadi.org\/es\/wp-json\/wp\/v2\/tags?post=23695"},{"taxonomy":"linea-asistencial","embeddable":true,"href":"https:\/\/ospitalarioakfundazioaeuskadi.org\/es\/wp-json\/wp\/v2\/linea-asistencial?post=23695"}],"curies":[{"name":"wp","href":"https:\/\/api.w.org\/{rel}","templated":true}]}}