{"id":23704,"date":"2017-11-06T00:00:00","date_gmt":"2017-11-06T00:00:00","guid":{"rendered":"http:\/\/194.35.43.170\/~aitamenninueva\/formacion-sobre-cuidados-y-perspectiva-de-genero-en-el-centro-de-dia-de-arrasate\/"},"modified":"2022-10-25T13:47:45","modified_gmt":"2022-10-25T13:47:45","slug":"formacion-sobre-cuidados-y-perspectiva-de-genero-en-el-centro-de-dia-de-arrasate","status":"publish","type":"post","link":"https:\/\/ospitalarioakfundazioaeuskadi.org\/es\/formacion-sobre-cuidados-y-perspectiva-de-genero-en-el-centro-de-dia-de-arrasate\/","title":{"rendered":"Formaci\u00f3n sobre cuidados y perspectiva de g\u00e9nero en el Centro de D\u00eda de Arrasate"},"content":{"rendered":"<p>El mi\u00e9rcoles 25 de octubre, dentro de la <a title=\"El Centro de D\u00eda Aita Menni de Arrasate-Mondrag\u00f3n cumple 20 a\u00f1os\" href=\"https:\/\/www.personamayor.org\/centro-dia-aita-menni-arrasate-mondragon-20-anos\/\" rel=\"nofollow noopener\" target=\"_blank\">semana de celebraci\u00f3n del 20\u00ba aniversario<\/a> del <a title=\"Arrasate \u2013 Centro de D\u00eda Psicogeri\u00e1trico Aita Menni\" href=\"https:\/\/www.personamayor.org\/nuestros-centros\/centros-de-dia\/arrasate-centro-de-dia-psicogeriatrico-aita-menni\/\" rel=\"nofollow noopener\" target=\"_blank\">Centro de D\u00eda de personas mayores de Arrasate<\/a>, se organizo una actividad formativa sobre <strong>\u00abLa importancia de los cuidados en la sociedad actual desde la perspectiva de g\u00e9nero\u00bb<\/strong>.<\/p>\n<p><!--more-->La actividad estaba dirigida al equipo profesional y a las familias, y participaron quince personas: 11\u00a0trabajadoras, un trabajador, y tres mujeres familiares de personas usuarias.<\/p>\n<p>En el curso se abordaron temas como la interdependencia de las personas para satisfacer las necesidades que hagan posible una vida digna, el lugar que ocupa el autocuidado en nuestro d\u00eda a d\u00eda, la crisis actual en relaci\u00f3n a los cuidados y sus consecuencias en las personas cuidadoras y en la sociedad.<\/p>\n<p>Trabajamos en formato taller, no s\u00f3lo identificando problemas sino visualizando alternativas para la construcci\u00f3n de una sociedad mas solidaria y corresponsable, implicada en el cuidado de la vida.<\/p>\n<p>El curso fue facilitado por Florencia Savanti, antrop\u00f3loga y consultora en G\u00e9nero e Igualdad, colaboradora de Redkuorum e impulsado por el Grupo Motor del Plan de Igualdad 2016-2020 de Aita Menni, quienes se\u00f1alan lo innovador de la iniciativa para Aita Menni, por un lado, por incorporar la perspectiva de genero al tema de cuidados, central a nuestra mision, y por otro, por fomentar el trabajo conjunto y horizontal entre familiares y personal t\u00e9cnico y auxiliar del centro.<\/p>\n","protected":false},"excerpt":{"rendered":"<p>El mi\u00e9rcoles 25 de octubre, dentro de la <a title=\"El Centro de D\u00eda Aita Menni de Arrasate-Mondrag\u00f3n cumple 20 a\u00f1os\" href=\"https:\/\/www.personamayor.org\/centro-dia-aita-menni-arrasate-mondragon-20-anos\/\" rel=\"nofollow noopener\" target=\"_blank\">semana de celebraci\u00f3n del 20\u00ba aniversario<\/a> del <a title=\"Arrasate \u2013 Centro de D\u00eda Psicogeri\u00e1trico Aita Menni\" href=\"https:\/\/www.personamayor.org\/nuestros-centros\/centros-de-dia\/arrasate-centro-de-dia-psicogeriatrico-aita-menni\/\" rel=\"nofollow noopener\" target=\"_blank\">Centro de D\u00eda de personas mayores de Arrasate<\/a>, se organizo una actividad formativa sobre <strong>\u00abLa importancia de los cuidados en la sociedad actual desde la perspectiva de g\u00e9nero\u00bb<\/strong>.<\/p>\n<div class=\"link-more\"><a href=\"https:\/\/ospitalarioakfundazioaeuskadi.org\/es\/formacion-sobre-cuidados-y-perspectiva-de-genero-en-el-centro-de-dia-de-arrasate\/#more-23704\" class=\"more-link\">Seguir leyendo<span class=\"screen-reader-text\"> &ldquo;Formaci\u00f3n sobre cuidados y perspectiva de g\u00e9nero en el Centro de D\u00eda de Arrasate&rdquo;<\/span>&hellip;<\/a><\/div>\n","protected":false},"author":1,"featured_media":0,"comment_status":"closed","ping_status":"closed","sticky":false,"template":"","format":"standard","meta":{"footnotes":""},"categories":[651,647,1043],"tags":[],"linea-asistencial":[980],"class_list":["post-23704","post","type-post","status-publish","format-standard","hentry","category-centro-de-dia-psicogeriatrico-arrasate","category-persona-mayor","category-igualdad","linea-asistencial-4-persona-mayor","entry"],"_links":{"self":[{"href":"https:\/\/ospitalarioakfundazioaeuskadi.org\/es\/wp-json\/wp\/v2\/posts\/23704","targetHints":{"allow":["GET"]}}],"collection":[{"href":"https:\/\/ospitalarioakfundazioaeuskadi.org\/es\/wp-json\/wp\/v2\/posts"}],"about":[{"href":"https:\/\/ospitalarioakfundazioaeuskadi.org\/es\/wp-json\/wp\/v2\/types\/post"}],"author":[{"embeddable":true,"href":"https:\/\/ospitalarioakfundazioaeuskadi.org\/es\/wp-json\/wp\/v2\/users\/1"}],"replies":[{"embeddable":true,"href":"https:\/\/ospitalarioakfundazioaeuskadi.org\/es\/wp-json\/wp\/v2\/comments?post=23704"}],"version-history":[{"count":1,"href":"https:\/\/ospitalarioakfundazioaeuskadi.org\/es\/wp-json\/wp\/v2\/posts\/23704\/revisions"}],"predecessor-version":[{"id":41786,"href":"https:\/\/ospitalarioakfundazioaeuskadi.org\/es\/wp-json\/wp\/v2\/posts\/23704\/revisions\/41786"}],"wp:attachment":[{"href":"https:\/\/ospitalarioakfundazioaeuskadi.org\/es\/wp-json\/wp\/v2\/media?parent=23704"}],"wp:term":[{"taxonomy":"category","embeddable":true,"href":"https:\/\/ospitalarioakfundazioaeuskadi.org\/es\/wp-json\/wp\/v2\/categories?post=23704"},{"taxonomy":"post_tag","embeddable":true,"href":"https:\/\/ospitalarioakfundazioaeuskadi.org\/es\/wp-json\/wp\/v2\/tags?post=23704"},{"taxonomy":"linea-asistencial","embeddable":true,"href":"https:\/\/ospitalarioakfundazioaeuskadi.org\/es\/wp-json\/wp\/v2\/linea-asistencial?post=23704"}],"curies":[{"name":"wp","href":"https:\/\/api.w.org\/{rel}","templated":true}]}}