{"id":23724,"date":"2018-03-06T00:00:00","date_gmt":"2018-03-06T00:00:00","guid":{"rendered":"http:\/\/194.35.43.170\/~aitamenninueva\/%e2%99%aa-carnaval-carnaval-%e2%99%ac\/"},"modified":"2022-11-20T08:27:23","modified_gmt":"2022-11-20T08:27:23","slug":"%e2%99%aa-carnaval-carnaval-%e2%99%ac","status":"publish","type":"post","link":"https:\/\/ospitalarioakfundazioaeuskadi.org\/es\/%e2%99%aa-carnaval-carnaval-%e2%99%ac\/","title":{"rendered":"Volviendo a los a\u00f1os 60"},"content":{"rendered":"<p>Si hay algo que nos gusta en la <a title=\"Bilbao \u2013 Residencia de Personas Mayores Txurdinagabarri\" href=\"https:\/\/www.personamayor.org\/nuestros-centros\/residencias\/residencia-de-ancianos-txurdinagabarri-bilbao\/\" rel=\"nofollow noopener\" target=\"_blank\">Residencia de personas mayores Txurdinagabarri de Bilbao<\/a> es bailar y disfrazarnos, y por ello, el <strong>Carnaval<\/strong> es una de nuestras fiestas favoritas.<br \/>\n<!--more--><\/p>\n<p>El pasado 20 de febrero, organizamos una <strong>gran fiesta de Carnaval<\/strong> para las personas mayores residentes y sus familias, con m\u00fasica en directo y mucho, mucho color.<\/p>\n<p><strong>El tema que elegimos este a\u00f1o es el de los hippies y los a\u00f1os 60.<\/strong> Durante las semanas anteriores, estuvimos preparando en las actividades de manualidades los elementos que iba a componer el disfraz: chaleco de flecos y cinta para el pelo. El chaleco iba adornado con flores y s\u00edmbolos de la paz, que coloreamos a mano con mucha paciencia, y luego cada residente a\u00f1adi\u00f3 adornos de su cosecha: collares, gafas, etc.<\/p>\n<p>La fiesta dio comienzo con una merienda, en la que no pod\u00eda faltar la t\u00edpica <strong>tostada de carnaval<\/strong>, hecha con mucho cari\u00f1o por el personal de cocina de nuestra Residencia.<\/p>\n<p>Tampoco pod\u00eda faltar la cl\u00e1sica <strong>furgoneta hippie<\/strong> decorada de la misma manera, con mucho colorido y flores, y que nos llev\u00f3 hasta el sal\u00f3n de la planta baja, donde el m\u00fasico y cantante <a title=\"La Residencia Txurdinagabarri cumple 11 a\u00f1os\" href=\"https:\/\/www.personamayor.org\/la-residencia-txurdinagabarri-cumple-11-anos\/\" rel=\"nofollow noopener\" target=\"_blank\">Koldo<\/a> ten\u00eda preparado su equipo para ofrecernos una tarde de diversi\u00f3n y alegr\u00eda.<\/p>\n<p>El sal\u00f3n estaba decorado tambi\u00e9n con motivos de flores y pacifistas, todo lleno de colores. Y casi se nos queda peque\u00f1o ante la enorme asistencia de familiares, pese a que era un d\u00eda entre semana.<\/p>\n<p>Koldo fue desgranando un repertorio variado con canciones de \u00e9pocas diversas: desde tangos hasta pasodobles, desde el himno antiguo del Athletic hasta el m\u00e1s reciente \u00abDespacito\u00bb, no hay nada que se le resista a nuestro m\u00fasico, que adem\u00e1s es \u00fanico haciendo que la gente baile y animando la fiesta. Cont\u00f3 con la colaboraci\u00f3n de un grupo de <strong>chicas y chicos de Bego\u00f1azpi<\/strong>, participantes en el <a title=\"En Bego\u00f1azpi y Urdaneta explicando el Programa Intergeneracional de Txurdinagabarri\" href=\"https:\/\/www.personamayor.org\/en-begonazpi-y-urdaneta-explicando-el-programa-intergeneracional-de-txurdinagabarri\/\" rel=\"nofollow noopener\" target=\"_blank\">programa de intercambio generacional<\/a>, que se encargaron de sacar a bailar a nuestras personas mayores e incluso se animaron con alguna coreograf\u00eda conjunta que fue muy aplaudida.<\/p>\n<p>Poco a poco se fue caldeando el ambiente y pr\u00e1cticamente todo el mundo se ech\u00f3 unos bailes. Y el que no, se enganch\u00f3 en alguna de las cadenetas que recorrieron el sal\u00f3n: bailando o incluso en silla de ruedas, todas y todos nos sumamos.<\/p>\n<p>&nbsp;<\/p>\n<p><img loading=\"lazy\" decoding=\"async\" class=\"alignnone size-large wp-image-14268\" src=\"https:\/\/www.ospitalarioakfundazioaeuskadi.org\/wp-content\/uploads\/2021\/09\/residencia-tercera-edad-bilbao-txurdinagabarri-carnaval-34-715x599-1.jpg\" alt=\"Carnaval en la Residencia de personas mayores Txurdinagabarri de Bilbao\" width=\"550\" height=\"461\" title=\"\"> <img loading=\"lazy\" decoding=\"async\" class=\"alignnone size-large wp-image-14266\" src=\"https:\/\/www.ospitalarioakfundazioaeuskadi.org\/wp-content\/uploads\/2021\/09\/residencia-tercera-edad-bilbao-txurdinagabarri-carnaval-33-715x477-1.jpg\" alt=\"Carnaval en la Residencia de personas mayores Txurdinagabarri de Bilbao\" width=\"550\" height=\"367\" title=\"\"> <img loading=\"lazy\" decoding=\"async\" class=\"alignnone size-large wp-image-14264\" src=\"https:\/\/www.ospitalarioakfundazioaeuskadi.org\/wp-content\/uploads\/2021\/09\/residencia-tercera-edad-bilbao-txurdinagabarri-carnaval-32-715x477-1.jpg\" alt=\"Carnaval en la Residencia de personas mayores Txurdinagabarri de Bilbao\" width=\"550\" height=\"367\" title=\"\"> <img loading=\"lazy\" decoding=\"async\" class=\"alignnone size-large wp-image-14262\" src=\"https:\/\/www.ospitalarioakfundazioaeuskadi.org\/wp-content\/uploads\/2021\/09\/residencia-tercera-edad-bilbao-txurdinagabarri-carnaval-31-715x477-1.jpg\" alt=\"Carnaval en la Residencia de personas mayores Txurdinagabarri de Bilbao\" width=\"550\" height=\"367\" title=\"\"> <img loading=\"lazy\" decoding=\"async\" class=\"alignnone size-large wp-image-14260\" src=\"https:\/\/www.ospitalarioakfundazioaeuskadi.org\/wp-content\/uploads\/2021\/09\/residencia-tercera-edad-bilbao-txurdinagabarri-carnaval-30-715x477-1.jpg\" alt=\"Carnaval en la Residencia de personas mayores Txurdinagabarri de Bilbao\" width=\"550\" height=\"367\" title=\"\"><\/p>\n<p>&nbsp;<\/p>\n<p><a style=\"-webkit-border-radius: 4; -moz-border-radius: 4; border-radius: 4px; color: #ffffff; font-size: 20px; background: #8c0052; padding: 10px 20px 10px 20px; text-decoration: none;\" href=\"https:\/\/www.personamayor.org\/familias\/rtx\/archivo-multimedia-rtx\/\" rel=\"nofollow noopener\" target=\"_blank\">Todas las fotos de la fiesta<\/a><\/p>\n<p>(Se requieren claves de acceso como familiar de la Residencia Txurdinagabarri)<\/p>\n","protected":false},"excerpt":{"rendered":"<p>Si hay algo que nos gusta en la <a title=\"Bilbao \u2013 Residencia de Personas Mayores Txurdinagabarri\" href=\"https:\/\/www.personamayor.org\/nuestros-centros\/residencias\/residencia-de-ancianos-txurdinagabarri-bilbao\/\" rel=\"nofollow noopener\" target=\"_blank\">Residencia de personas mayores Txurdinagabarri de Bilbao<\/a> es bailar y disfrazarnos, y por ello, el <strong>Carnaval<\/strong> es una de nuestras fiestas favoritas.<\/p>\n<div class=\"link-more\"><a href=\"https:\/\/ospitalarioakfundazioaeuskadi.org\/es\/%e2%99%aa-carnaval-carnaval-%e2%99%ac\/#more-23724\" class=\"more-link\">Seguir leyendo<span class=\"screen-reader-text\"> &ldquo;Volviendo a los a\u00f1os 60&rdquo;<\/span>&hellip;<\/a><\/div>\n","protected":false},"author":1,"featured_media":4541,"comment_status":"closed","ping_status":"closed","sticky":false,"template":"","format":"standard","meta":{"footnotes":""},"categories":[648],"tags":[702],"linea-asistencial":[980],"class_list":["post-23724","post","type-post","status-publish","format-standard","has-post-thumbnail","hentry","category-residencia-txurdinagabarri-bilbao","tag-residencia-txurdinagabarri","linea-asistencial-4-persona-mayor","entry"],"_links":{"self":[{"href":"https:\/\/ospitalarioakfundazioaeuskadi.org\/es\/wp-json\/wp\/v2\/posts\/23724","targetHints":{"allow":["GET"]}}],"collection":[{"href":"https:\/\/ospitalarioakfundazioaeuskadi.org\/es\/wp-json\/wp\/v2\/posts"}],"about":[{"href":"https:\/\/ospitalarioakfundazioaeuskadi.org\/es\/wp-json\/wp\/v2\/types\/post"}],"author":[{"embeddable":true,"href":"https:\/\/ospitalarioakfundazioaeuskadi.org\/es\/wp-json\/wp\/v2\/users\/1"}],"replies":[{"embeddable":true,"href":"https:\/\/ospitalarioakfundazioaeuskadi.org\/es\/wp-json\/wp\/v2\/comments?post=23724"}],"version-history":[{"count":1,"href":"https:\/\/ospitalarioakfundazioaeuskadi.org\/es\/wp-json\/wp\/v2\/posts\/23724\/revisions"}],"predecessor-version":[{"id":55059,"href":"https:\/\/ospitalarioakfundazioaeuskadi.org\/es\/wp-json\/wp\/v2\/posts\/23724\/revisions\/55059"}],"wp:featuredmedia":[{"embeddable":true,"href":"https:\/\/ospitalarioakfundazioaeuskadi.org\/es\/wp-json\/wp\/v2\/media\/4541"}],"wp:attachment":[{"href":"https:\/\/ospitalarioakfundazioaeuskadi.org\/es\/wp-json\/wp\/v2\/media?parent=23724"}],"wp:term":[{"taxonomy":"category","embeddable":true,"href":"https:\/\/ospitalarioakfundazioaeuskadi.org\/es\/wp-json\/wp\/v2\/categories?post=23724"},{"taxonomy":"post_tag","embeddable":true,"href":"https:\/\/ospitalarioakfundazioaeuskadi.org\/es\/wp-json\/wp\/v2\/tags?post=23724"},{"taxonomy":"linea-asistencial","embeddable":true,"href":"https:\/\/ospitalarioakfundazioaeuskadi.org\/es\/wp-json\/wp\/v2\/linea-asistencial?post=23724"}],"curies":[{"name":"wp","href":"https:\/\/api.w.org\/{rel}","templated":true}]}}