{"id":23750,"date":"2018-05-14T00:00:00","date_gmt":"2018-05-14T00:00:00","guid":{"rendered":"http:\/\/194.35.43.170\/~aitamenninueva\/residencia-ancianos-barandiaran-durango-aki\/"},"modified":"2022-10-25T13:45:38","modified_gmt":"2022-10-25T13:45:38","slug":"residencia-ancianos-barandiaran-durango-aki","status":"publish","type":"post","link":"https:\/\/ospitalarioakfundazioaeuskadi.org\/es\/residencia-ancianos-barandiaran-durango-aki\/","title":{"rendered":"AKI Durango dona material de jardiner\u00eda a la Residencia Barandiaran de mayores"},"content":{"rendered":"<p>La tienda de bricolaje y jardiner\u00eda\u00a0<strong>AKI de Durango<\/strong> ha vuelto a\u00a0tener un bonito detalle con la <a title=\"Residencia de ancianos Joxe Miel Barandiaran de Durango\" href=\"https:\/\/www.personamayor.org\/nuestros-centros\/residencias\/durango-residencia-joxe-miel-barandiaran\/\" rel=\"nofollow noopener\" target=\"_blank\">Residencia de personas mayores Joxe Miel Barandiaran<\/a>, a la que <strong>ha donado diverso material de jardiner\u00eda y plantas<\/strong>.<br \/>\n<!--more--><br \/>\nEl pasado\u00a07 de mayo, personal de la tienda de AKI Durango se desplaz\u00f3 hasta la Residencia Joxe Miel Barandiaran con <strong>material de jardiner\u00eda y macetones con plantas<\/strong> como geranios o fresas, para donarlo al centro.<\/p>\n<p>Aprovechando el buen tiempo y que es \u00e9poca de siembra, <strong>Ana<\/strong> y <strong>Joana<\/strong>, dos de las trabajadoras de la tienda de bricolaje, estuvieron explicando a un grupo de residentes y familiares los <strong>cuidados<\/strong> que necesitan las plantas y diversas t\u00e9cnicas de plantado y riego, y aportaron ideas y consejos para el <a title=\"Aumenta la actividad en los huertos de la Residencia y Centro de D\u00eda de mayores Barandiaran\" href=\"https:\/\/www.personamayor.org\/aumenta-la-actividad-en-los-huertos-de-la-residencia-de-mayores-barandiaran\/\" rel=\"nofollow noopener\" target=\"_blank\">huerto que tiene la Residencia<\/a> y que cuidan las personas mayores que viven aqu\u00ed.<\/p>\n<p>Se trata de <strong>la tercera vez que AKI Durango colabora con la Residencia<\/strong> de personas mayores Barandiaran. Las pasadas Navidades, don\u00f3 el bonito \u00e1rbol que colocamos en la entrada de la Residencia, y en febrero, aport\u00f3 l\u00e1minas de madera, material de marqueter\u00eda y pintura para que nuestras personas mayores hicieran unos marcos de fotos en sus actividades de manualidades.<\/p>\n<p>\u00a1Muchas gracias, AKI!<\/p>\n<p>&nbsp;<\/p>\n<p><a href=\"https:\/\/www.personamayor.org\/wp-content\/uploads\/residencia-ancianos-durango-aki-2.jpg\" rel=\"nofollow noopener\" target=\"_blank\"><img loading=\"lazy\" decoding=\"async\" class=\"alignnone size-large wp-image-15619\" src=\"https:\/\/www.ospitalarioakfundazioaeuskadi.org\/wp-content\/uploads\/2021\/09\/residencia-ancianos-durango-aki-2-715x529-1.jpg\" alt=\"El grupo de ancianos de la Residencia Barandiaran, con las trabajadoras de AKI\" width=\"550\" height=\"407\" title=\"\"><\/a> <a href=\"https:\/\/www.personamayor.org\/wp-content\/uploads\/residencia-ancianos-durango-aki-3.jpg\" rel=\"nofollow noopener\" target=\"_blank\"><img loading=\"lazy\" decoding=\"async\" class=\"alignnone size-large wp-image-15621\" src=\"https:\/\/www.ospitalarioakfundazioaeuskadi.org\/wp-content\/uploads\/2021\/09\/residencia-ancianos-durango-aki-3-715x402-1.jpg\" alt=\"El grupo de ancianos de la Residencia Barandiaran, con las trabajadoras de AKI\" width=\"550\" height=\"309\" title=\"\"><\/a><\/p>\n","protected":false},"excerpt":{"rendered":"<p>La tienda de bricolaje y jardiner\u00eda\u00a0<strong>AKI de Durango<\/strong> ha vuelto a\u00a0tener un bonito detalle con la <a title=\"Residencia de ancianos Joxe Miel Barandiaran de Durango\" href=\"https:\/\/www.personamayor.org\/nuestros-centros\/residencias\/durango-residencia-joxe-miel-barandiaran\/\" rel=\"nofollow noopener\" target=\"_blank\">Residencia de personas mayores Joxe Miel Barandiaran<\/a>, a la que <strong>ha donado diverso material de jardiner\u00eda y plantas<\/strong>.<\/p>\n<div class=\"link-more\"><a href=\"https:\/\/ospitalarioakfundazioaeuskadi.org\/es\/residencia-ancianos-barandiaran-durango-aki\/#more-23750\" class=\"more-link\">Seguir leyendo<span class=\"screen-reader-text\"> &ldquo;AKI Durango dona material de jardiner\u00eda a la Residencia Barandiaran de mayores&rdquo;<\/span>&hellip;<\/a><\/div>\n","protected":false},"author":1,"featured_media":4876,"comment_status":"closed","ping_status":"closed","sticky":false,"template":"","format":"standard","meta":{"footnotes":""},"categories":[650],"tags":[],"linea-asistencial":[980],"class_list":["post-23750","post","type-post","status-publish","format-standard","has-post-thumbnail","hentry","category-residencia-joxe-miel-barandiaran-durango","linea-asistencial-4-persona-mayor","entry"],"_links":{"self":[{"href":"https:\/\/ospitalarioakfundazioaeuskadi.org\/es\/wp-json\/wp\/v2\/posts\/23750","targetHints":{"allow":["GET"]}}],"collection":[{"href":"https:\/\/ospitalarioakfundazioaeuskadi.org\/es\/wp-json\/wp\/v2\/posts"}],"about":[{"href":"https:\/\/ospitalarioakfundazioaeuskadi.org\/es\/wp-json\/wp\/v2\/types\/post"}],"author":[{"embeddable":true,"href":"https:\/\/ospitalarioakfundazioaeuskadi.org\/es\/wp-json\/wp\/v2\/users\/1"}],"replies":[{"embeddable":true,"href":"https:\/\/ospitalarioakfundazioaeuskadi.org\/es\/wp-json\/wp\/v2\/comments?post=23750"}],"version-history":[{"count":1,"href":"https:\/\/ospitalarioakfundazioaeuskadi.org\/es\/wp-json\/wp\/v2\/posts\/23750\/revisions"}],"predecessor-version":[{"id":55034,"href":"https:\/\/ospitalarioakfundazioaeuskadi.org\/es\/wp-json\/wp\/v2\/posts\/23750\/revisions\/55034"}],"wp:featuredmedia":[{"embeddable":true,"href":"https:\/\/ospitalarioakfundazioaeuskadi.org\/es\/wp-json\/wp\/v2\/media\/4876"}],"wp:attachment":[{"href":"https:\/\/ospitalarioakfundazioaeuskadi.org\/es\/wp-json\/wp\/v2\/media?parent=23750"}],"wp:term":[{"taxonomy":"category","embeddable":true,"href":"https:\/\/ospitalarioakfundazioaeuskadi.org\/es\/wp-json\/wp\/v2\/categories?post=23750"},{"taxonomy":"post_tag","embeddable":true,"href":"https:\/\/ospitalarioakfundazioaeuskadi.org\/es\/wp-json\/wp\/v2\/tags?post=23750"},{"taxonomy":"linea-asistencial","embeddable":true,"href":"https:\/\/ospitalarioakfundazioaeuskadi.org\/es\/wp-json\/wp\/v2\/linea-asistencial?post=23750"}],"curies":[{"name":"wp","href":"https:\/\/api.w.org\/{rel}","templated":true}]}}