{"id":23768,"date":"2018-07-10T00:00:00","date_gmt":"2018-07-10T00:00:00","guid":{"rendered":"http:\/\/194.35.43.170\/~aitamenninueva\/los-rolling-y-los-beatles-en-la-residencia-santiago-de-villabona\/"},"modified":"2022-10-25T13:45:29","modified_gmt":"2022-10-25T13:45:29","slug":"los-rolling-y-los-beatles-en-la-residencia-santiago-de-villabona","status":"publish","type":"post","link":"https:\/\/ospitalarioakfundazioaeuskadi.org\/es\/los-rolling-y-los-beatles-en-la-residencia-santiago-de-villabona\/","title":{"rendered":"Los Rolling y los Beatles, en la Residencia Santiago de Villabona"},"content":{"rendered":"<p>El pasado 3 de julio, la terraza trasera de la <a href=\"https:\/\/www.personamayor.org\/nuestros-centros\/residencias\/villabona-residencia-de-personas-mayores-santiago\/\" title=\"Villabona \u2013 Residencia de personas mayores Santiago\" rel=\"nofollow noopener\" target=\"_blank\">Residencia de personas mayores Santiago de Villabona<\/a> volvi\u00f3 a ser escenario de un <strong>concierto del grupo Anakruxa<\/strong>.<\/p>\n<p><!--more--><br \/>\nAprovechando un respiro que nos dio el mal tiempo, la Residencia recibi\u00f3 a Anakruxa, un combo de int\u00e9rpretes de la Escuela de M\u00fasica Loatzo, que se estrenaron como grupo con ese nombre hace ya unos cuantos a\u00f1os en una actuaci\u00f3n en nuestro centro. Desde entonces ha habido cambios de componentes en la formaci\u00f3n, pero el grupo sigue manteniendo una estrecha relaci\u00f3n con la Residencia de personas mayores Santiago, ofreci\u00e9ndonos un par de conciertos todos los a\u00f1os.<\/p>\n<p>En esta ocasi\u00f3n decidimos hacer el concierto en la parte exterior, ya que nuestra filosof\u00eda de trabajo intenta visibilizar y hacer part\u00edcipe a toda la comunidad de las actividades que programamos.<\/p>\n<p>El repertorio de Anakruxa se alej\u00f3 mucho de lo que suele ser t\u00edpico en estos conciertos: dejaron a un lado las canciones populares y las habaneras y recordaron a los Rolling Stones y a los Beatles, adem\u00e1s de interpretar unas cuantas canciones de bandas sonoras de conocidas pel\u00edculas.<\/p>\n<p>Para el fin de fiesta, el micr\u00f3fono qued\u00f3 abierto a la participaci\u00f3n de las personas de la Residencia, y hubo quien se anim\u00f3 y lo hizo muy bien, arrancando el aplauso de compa\u00f1eras y compa\u00f1eros, familiares y personal del centro.<\/p>\n<div id='gallery-1' class='gallery galleryid-23768 gallery-columns-3 gallery-size-thumbnail'><figure class='gallery-item'>\n\t\t\t<div class='gallery-icon landscape'>\n\t\t\t\t<a href=\"https:\/\/ospitalarioakfundazioaeuskadi.org\/wp-content\/uploads\/2021\/09\/residencia-ancianos-villabona-anakruxa-21.jpg\"><img loading=\"lazy\" decoding=\"async\" width=\"150\" height=\"150\" src=\"https:\/\/ospitalarioakfundazioaeuskadi.org\/wp-content\/uploads\/2021\/09\/residencia-ancianos-villabona-anakruxa-21-150x150.jpg\" class=\"attachment-thumbnail size-thumbnail\" alt=\"Concierto de Anakruxa en la Residencia de personas ancianos Santiago de Villabona\" title=\"\"><\/a>\n\t\t\t<\/div><\/figure><figure class='gallery-item'>\n\t\t\t<div class='gallery-icon landscape'>\n\t\t\t\t<a href=\"https:\/\/ospitalarioakfundazioaeuskadi.org\/wp-content\/uploads\/2021\/09\/residencia-ancianos-villabona-anakruxa-20.jpg\"><img loading=\"lazy\" decoding=\"async\" width=\"150\" height=\"150\" src=\"https:\/\/ospitalarioakfundazioaeuskadi.org\/wp-content\/uploads\/2021\/09\/residencia-ancianos-villabona-anakruxa-20-150x150.jpg\" class=\"attachment-thumbnail size-thumbnail\" alt=\"Concierto de Anakruxa en la Residencia de personas ancianos Santiago de Villabona\" title=\"\"><\/a>\n\t\t\t<\/div><\/figure><figure class='gallery-item'>\n\t\t\t<div class='gallery-icon landscape'>\n\t\t\t\t<a href=\"https:\/\/ospitalarioakfundazioaeuskadi.org\/wp-content\/uploads\/2021\/09\/residencia-ancianos-villabona-anakruxa-18.jpg\"><img loading=\"lazy\" decoding=\"async\" width=\"150\" height=\"150\" src=\"https:\/\/ospitalarioakfundazioaeuskadi.org\/wp-content\/uploads\/2021\/09\/residencia-ancianos-villabona-anakruxa-18-150x150.jpg\" class=\"attachment-thumbnail size-thumbnail\" alt=\"Concierto de Anakruxa en la Residencia de personas ancianos Santiago de Villabona\" title=\"\"><\/a>\n\t\t\t<\/div><\/figure><figure class='gallery-item'>\n\t\t\t<div class='gallery-icon landscape'>\n\t\t\t\t<a href=\"https:\/\/ospitalarioakfundazioaeuskadi.org\/wp-content\/uploads\/2021\/09\/residencia-ancianos-villabona-anakruxa-17.jpg\"><img loading=\"lazy\" decoding=\"async\" width=\"150\" height=\"150\" src=\"https:\/\/ospitalarioakfundazioaeuskadi.org\/wp-content\/uploads\/2021\/09\/residencia-ancianos-villabona-anakruxa-17-150x150.jpg\" class=\"attachment-thumbnail size-thumbnail\" alt=\"Concierto de Anakruxa en la Residencia de personas ancianos Santiago de Villabona\" title=\"\"><\/a>\n\t\t\t<\/div><\/figure><figure class='gallery-item'>\n\t\t\t<div class='gallery-icon landscape'>\n\t\t\t\t<a href=\"https:\/\/ospitalarioakfundazioaeuskadi.org\/wp-content\/uploads\/2021\/09\/residencia-ancianos-villabona-anakruxa-16.jpg\"><img loading=\"lazy\" decoding=\"async\" width=\"150\" height=\"150\" src=\"https:\/\/ospitalarioakfundazioaeuskadi.org\/wp-content\/uploads\/2021\/09\/residencia-ancianos-villabona-anakruxa-16-150x150.jpg\" class=\"attachment-thumbnail size-thumbnail\" alt=\"Concierto de Anakruxa en la Residencia de personas ancianos Santiago de Villabona\" title=\"\"><\/a>\n\t\t\t<\/div><\/figure><figure class='gallery-item'>\n\t\t\t<div class='gallery-icon landscape'>\n\t\t\t\t<a href=\"https:\/\/ospitalarioakfundazioaeuskadi.org\/wp-content\/uploads\/2021\/09\/residencia-ancianos-villabona-anakruxa-15.jpg\"><img loading=\"lazy\" decoding=\"async\" width=\"150\" height=\"150\" src=\"https:\/\/ospitalarioakfundazioaeuskadi.org\/wp-content\/uploads\/2021\/09\/residencia-ancianos-villabona-anakruxa-15-150x150.jpg\" class=\"attachment-thumbnail size-thumbnail\" alt=\"Concierto de Anakruxa en la Residencia de personas ancianos Santiago de Villabona\" title=\"\"><\/a>\n\t\t\t<\/div><\/figure><figure class='gallery-item'>\n\t\t\t<div class='gallery-icon landscape'>\n\t\t\t\t<a href=\"https:\/\/ospitalarioakfundazioaeuskadi.org\/wp-content\/uploads\/2021\/09\/residencia-ancianos-villabona-anakruxa-14.jpg\"><img loading=\"lazy\" decoding=\"async\" width=\"150\" height=\"150\" src=\"https:\/\/ospitalarioakfundazioaeuskadi.org\/wp-content\/uploads\/2021\/09\/residencia-ancianos-villabona-anakruxa-14-150x150.jpg\" class=\"attachment-thumbnail size-thumbnail\" alt=\"Concierto de Anakruxa en la Residencia de personas ancianos Santiago de Villabona\" title=\"\"><\/a>\n\t\t\t<\/div><\/figure><figure class='gallery-item'>\n\t\t\t<div class='gallery-icon landscape'>\n\t\t\t\t<a href=\"https:\/\/ospitalarioakfundazioaeuskadi.org\/wp-content\/uploads\/2021\/09\/residencia-ancianos-villabona-anakruxa-13.jpg\"><img loading=\"lazy\" decoding=\"async\" width=\"150\" height=\"150\" src=\"https:\/\/ospitalarioakfundazioaeuskadi.org\/wp-content\/uploads\/2021\/09\/residencia-ancianos-villabona-anakruxa-13-150x150.jpg\" class=\"attachment-thumbnail size-thumbnail\" alt=\"Concierto de Anakruxa en la Residencia de personas ancianos Santiago de Villabona\" title=\"\"><\/a>\n\t\t\t<\/div><\/figure><figure class='gallery-item'>\n\t\t\t<div class='gallery-icon landscape'>\n\t\t\t\t<a href=\"https:\/\/ospitalarioakfundazioaeuskadi.org\/wp-content\/uploads\/2021\/09\/residencia-ancianos-villabona-anakruxa-12.jpg\"><img loading=\"lazy\" decoding=\"async\" width=\"150\" height=\"150\" src=\"https:\/\/ospitalarioakfundazioaeuskadi.org\/wp-content\/uploads\/2021\/09\/residencia-ancianos-villabona-anakruxa-12-150x150.jpg\" class=\"attachment-thumbnail size-thumbnail\" alt=\"Concierto de Anakruxa en la Residencia de personas ancianos Santiago de Villabona\" title=\"\"><\/a>\n\t\t\t<\/div><\/figure><figure class='gallery-item'>\n\t\t\t<div class='gallery-icon landscape'>\n\t\t\t\t<a href=\"https:\/\/ospitalarioakfundazioaeuskadi.org\/wp-content\/uploads\/2021\/09\/residencia-ancianos-villabona-anakruxa-11.jpg\"><img loading=\"lazy\" decoding=\"async\" width=\"150\" height=\"150\" src=\"https:\/\/ospitalarioakfundazioaeuskadi.org\/wp-content\/uploads\/2021\/09\/residencia-ancianos-villabona-anakruxa-11-150x150.jpg\" class=\"attachment-thumbnail size-thumbnail\" alt=\"Concierto de Anakruxa en la Residencia de personas ancianos Santiago de Villabona\" title=\"\"><\/a>\n\t\t\t<\/div><\/figure><figure class='gallery-item'>\n\t\t\t<div class='gallery-icon landscape'>\n\t\t\t\t<a href=\"https:\/\/ospitalarioakfundazioaeuskadi.org\/wp-content\/uploads\/2021\/09\/residencia-ancianos-villabona-anakruxa-10.jpg\"><img loading=\"lazy\" decoding=\"async\" width=\"150\" height=\"150\" src=\"https:\/\/ospitalarioakfundazioaeuskadi.org\/wp-content\/uploads\/2021\/09\/residencia-ancianos-villabona-anakruxa-10-150x150.jpg\" class=\"attachment-thumbnail size-thumbnail\" alt=\"Concierto de Anakruxa en la Residencia de personas ancianos Santiago de Villabona\" title=\"\"><\/a>\n\t\t\t<\/div><\/figure><figure class='gallery-item'>\n\t\t\t<div class='gallery-icon landscape'>\n\t\t\t\t<a href=\"https:\/\/ospitalarioakfundazioaeuskadi.org\/wp-content\/uploads\/2021\/09\/residencia-ancianos-villabona-anakruxa-9.jpg\"><img loading=\"lazy\" decoding=\"async\" width=\"150\" height=\"150\" src=\"https:\/\/ospitalarioakfundazioaeuskadi.org\/wp-content\/uploads\/2021\/09\/residencia-ancianos-villabona-anakruxa-9-150x150.jpg\" class=\"attachment-thumbnail size-thumbnail\" alt=\"Concierto de Anakruxa en la Residencia de personas ancianos Santiago de Villabona\" title=\"\"><\/a>\n\t\t\t<\/div><\/figure><figure class='gallery-item'>\n\t\t\t<div class='gallery-icon landscape'>\n\t\t\t\t<a href=\"https:\/\/ospitalarioakfundazioaeuskadi.org\/wp-content\/uploads\/2021\/09\/residencia-ancianos-villabona-anakruxa-8.jpg\"><img loading=\"lazy\" decoding=\"async\" width=\"150\" height=\"150\" src=\"https:\/\/ospitalarioakfundazioaeuskadi.org\/wp-content\/uploads\/2021\/09\/residencia-ancianos-villabona-anakruxa-8-150x150.jpg\" class=\"attachment-thumbnail size-thumbnail\" alt=\"Concierto de Anakruxa en la Residencia de personas ancianos Santiago de Villabona\" title=\"\"><\/a>\n\t\t\t<\/div><\/figure><figure class='gallery-item'>\n\t\t\t<div class='gallery-icon landscape'>\n\t\t\t\t<a href=\"https:\/\/ospitalarioakfundazioaeuskadi.org\/wp-content\/uploads\/2021\/09\/residencia-ancianos-villabona-anakruxa-7.jpg\"><img loading=\"lazy\" decoding=\"async\" width=\"150\" height=\"150\" src=\"https:\/\/ospitalarioakfundazioaeuskadi.org\/wp-content\/uploads\/2021\/09\/residencia-ancianos-villabona-anakruxa-7-150x150.jpg\" class=\"attachment-thumbnail size-thumbnail\" alt=\"Concierto de Anakruxa en la Residencia de personas ancianos Santiago de Villabona\" title=\"\"><\/a>\n\t\t\t<\/div><\/figure><figure class='gallery-item'>\n\t\t\t<div class='gallery-icon landscape'>\n\t\t\t\t<a href=\"https:\/\/ospitalarioakfundazioaeuskadi.org\/wp-content\/uploads\/2021\/09\/residencia-ancianos-villabona-anakruxa-6.jpg\"><img loading=\"lazy\" decoding=\"async\" width=\"150\" height=\"150\" src=\"https:\/\/ospitalarioakfundazioaeuskadi.org\/wp-content\/uploads\/2021\/09\/residencia-ancianos-villabona-anakruxa-6-150x150.jpg\" class=\"attachment-thumbnail size-thumbnail\" alt=\"Concierto de Anakruxa en la Residencia de personas ancianos Santiago de Villabona\" title=\"\"><\/a>\n\t\t\t<\/div><\/figure><figure class='gallery-item'>\n\t\t\t<div class='gallery-icon landscape'>\n\t\t\t\t<a href=\"https:\/\/ospitalarioakfundazioaeuskadi.org\/wp-content\/uploads\/2021\/09\/residencia-ancianos-villabona-anakruxa-5.jpg\"><img loading=\"lazy\" decoding=\"async\" width=\"200\" height=\"112\" src=\"https:\/\/ospitalarioakfundazioaeuskadi.org\/wp-content\/uploads\/2021\/09\/residencia-ancianos-villabona-anakruxa-5-744x418.jpg\" class=\"attachment-thumbnail size-thumbnail\" alt=\"Concierto de Anakruxa en la Residencia de personas ancianos Santiago de Villabona\" title=\"\"><\/a>\n\t\t\t<\/div><\/figure><figure class='gallery-item'>\n\t\t\t<div class='gallery-icon landscape'>\n\t\t\t\t<a href=\"https:\/\/ospitalarioakfundazioaeuskadi.org\/wp-content\/uploads\/2021\/09\/residencia-ancianos-villabona-anakruxa-4.jpg\"><img loading=\"lazy\" decoding=\"async\" width=\"150\" height=\"150\" src=\"https:\/\/ospitalarioakfundazioaeuskadi.org\/wp-content\/uploads\/2021\/09\/residencia-ancianos-villabona-anakruxa-4-150x150.jpg\" class=\"attachment-thumbnail size-thumbnail\" alt=\"Concierto de Anakruxa en la Residencia de personas ancianos Santiago de Villabona\" title=\"\"><\/a>\n\t\t\t<\/div><\/figure><figure class='gallery-item'>\n\t\t\t<div class='gallery-icon landscape'>\n\t\t\t\t<a href=\"https:\/\/ospitalarioakfundazioaeuskadi.org\/wp-content\/uploads\/2021\/09\/residencia-ancianos-villabona-anakruxa-2.jpg\"><img loading=\"lazy\" decoding=\"async\" width=\"150\" height=\"150\" src=\"https:\/\/ospitalarioakfundazioaeuskadi.org\/wp-content\/uploads\/2021\/09\/residencia-ancianos-villabona-anakruxa-2-150x150.jpg\" class=\"attachment-thumbnail size-thumbnail\" alt=\"Concierto de Anakruxa en la Residencia de personas ancianos Santiago de Villabona\" title=\"\"><\/a>\n\t\t\t<\/div><\/figure><figure class='gallery-item'>\n\t\t\t<div class='gallery-icon landscape'>\n\t\t\t\t<a href=\"https:\/\/ospitalarioakfundazioaeuskadi.org\/wp-content\/uploads\/2021\/09\/residencia-ancianos-villabona-anakruxa-1.jpg\"><img loading=\"lazy\" decoding=\"async\" width=\"150\" height=\"150\" src=\"https:\/\/ospitalarioakfundazioaeuskadi.org\/wp-content\/uploads\/2021\/09\/residencia-ancianos-villabona-anakruxa-1-150x150.jpg\" class=\"attachment-thumbnail size-thumbnail\" alt=\"Concierto de Anakruxa en la Residencia de personas ancianos Santiago de Villabona\" title=\"\"><\/a>\n\t\t\t<\/div><\/figure>\n\t\t<\/div>\n\n","protected":false},"excerpt":{"rendered":"<p>El pasado 3 de julio, la terraza trasera de la <a href=\"https:\/\/www.personamayor.org\/nuestros-centros\/residencias\/villabona-residencia-de-personas-mayores-santiago\/\" title=\"Villabona \u2013 Residencia de personas mayores Santiago\" rel=\"nofollow noopener\" target=\"_blank\">Residencia de personas mayores Santiago de Villabona<\/a> volvi\u00f3 a ser escenario de un <strong>concierto del grupo Anakruxa<\/strong>.<\/p>\n<div class=\"link-more\"><a href=\"https:\/\/ospitalarioakfundazioaeuskadi.org\/es\/los-rolling-y-los-beatles-en-la-residencia-santiago-de-villabona\/#more-23768\" class=\"more-link\">Seguir leyendo<span class=\"screen-reader-text\"> &ldquo;Los Rolling y los Beatles, en la Residencia Santiago de Villabona&rdquo;<\/span>&hellip;<\/a><\/div>\n","protected":false},"author":1,"featured_media":5424,"comment_status":"closed","ping_status":"closed","sticky":false,"template":"","format":"standard","meta":{"footnotes":""},"categories":[663],"tags":[799],"linea-asistencial":[980],"class_list":["post-23768","post","type-post","status-publish","format-standard","has-post-thumbnail","hentry","category-villabona-residencia-santiago","tag-residencia-santiago","linea-asistencial-4-persona-mayor","entry"],"_links":{"self":[{"href":"https:\/\/ospitalarioakfundazioaeuskadi.org\/es\/wp-json\/wp\/v2\/posts\/23768","targetHints":{"allow":["GET"]}}],"collection":[{"href":"https:\/\/ospitalarioakfundazioaeuskadi.org\/es\/wp-json\/wp\/v2\/posts"}],"about":[{"href":"https:\/\/ospitalarioakfundazioaeuskadi.org\/es\/wp-json\/wp\/v2\/types\/post"}],"author":[{"embeddable":true,"href":"https:\/\/ospitalarioakfundazioaeuskadi.org\/es\/wp-json\/wp\/v2\/users\/1"}],"replies":[{"embeddable":true,"href":"https:\/\/ospitalarioakfundazioaeuskadi.org\/es\/wp-json\/wp\/v2\/comments?post=23768"}],"version-history":[{"count":1,"href":"https:\/\/ospitalarioakfundazioaeuskadi.org\/es\/wp-json\/wp\/v2\/posts\/23768\/revisions"}],"predecessor-version":[{"id":55013,"href":"https:\/\/ospitalarioakfundazioaeuskadi.org\/es\/wp-json\/wp\/v2\/posts\/23768\/revisions\/55013"}],"wp:featuredmedia":[{"embeddable":true,"href":"https:\/\/ospitalarioakfundazioaeuskadi.org\/es\/wp-json\/wp\/v2\/media\/5424"}],"wp:attachment":[{"href":"https:\/\/ospitalarioakfundazioaeuskadi.org\/es\/wp-json\/wp\/v2\/media?parent=23768"}],"wp:term":[{"taxonomy":"category","embeddable":true,"href":"https:\/\/ospitalarioakfundazioaeuskadi.org\/es\/wp-json\/wp\/v2\/categories?post=23768"},{"taxonomy":"post_tag","embeddable":true,"href":"https:\/\/ospitalarioakfundazioaeuskadi.org\/es\/wp-json\/wp\/v2\/tags?post=23768"},{"taxonomy":"linea-asistencial","embeddable":true,"href":"https:\/\/ospitalarioakfundazioaeuskadi.org\/es\/wp-json\/wp\/v2\/linea-asistencial?post=23768"}],"curies":[{"name":"wp","href":"https:\/\/api.w.org\/{rel}","templated":true}]}}