{"id":23774,"date":"2018-07-27T00:00:00","date_gmt":"2018-07-27T00:00:00","guid":{"rendered":"http:\/\/194.35.43.170\/~aitamenninueva\/residencia-geriatrica-barandiaran-durango-verano\/"},"modified":"2022-10-25T13:45:26","modified_gmt":"2022-10-25T13:45:26","slug":"residencia-geriatrica-barandiaran-durango-verano","status":"publish","type":"post","link":"https:\/\/ospitalarioakfundazioaeuskadi.org\/es\/residencia-geriatrica-barandiaran-durango-verano\/","title":{"rendered":"Actividades de verano en la Residencia Barandiaran de Durango"},"content":{"rendered":"<p>Desde que comenz\u00f3 el verano, en la <a title=\"Durango \u2013 Residencia de Personas Mayores Joxe Miel Barandiaran\" href=\"https:\/\/www.personamayor.org\/nuestros-centros\/residencias\/durango-barandiaran-nueva\/\" rel=\"nofollow noopener\" target=\"_blank\">Residencia de mayores Joxe Miel Barandiaran de Durango<\/a> no hemos parado de hacer diferentes actividades.<\/p>\n<p><!--more--><br \/>\nEn junio participamos en el Encuentro de gimnasia para personas mayores del Duranguesado. Este a\u00f1o se celebr\u00f3 en el polideportivo de Elorrio. La canci\u00f3n que escogimos para nuestra coreograf\u00eda fue \u00abAldapan Gora\u00bb. Hab\u00edamos ensayado mucho, y el esfuerzo dio sus frutos: nos sali\u00f3 muy bien. Para celebrarlo, nos fuimos de comida al Gran Hotel de Durango, donde disfrutamos de una rica comida y pasamos una tarde estupenda con bailables incluidos.<\/p>\n<p>Durante todo el mes de junio y julio, los jueves nos hemos ido en autob\u00fas al restaurante Betixu. All\u00ed, con un mosto y unas patatas hemos disfrutado de las bonitas vistas de Iurreta y hemos disfrutado conversando en grupo.<\/p>\n<p>Las excursiones que m\u00e1s nos gustan son las salidas a la playa. Este a\u00f1o hemos disfrutado ya de dos visitas a la playa de Gorliz.<\/p>\n<p>Como pod\u00e9is ver en las fotos, a pesar de amanecer nublado, en la primera excursi\u00f3n a la playa fue despejando y pudimos disfrutar de un espl\u00e9ndido d\u00eda de verano.<\/p>\n<p>Este viernes, 20 de julio, hemos tenido la ultima actividad especial del mes de julio, otra excursi\u00f3n a la playa en la que el tiempo no nos acompa\u00f1\u00f3, ya que hizo viento y un poquito de xirimiri. Pero no nos asustamos con nada, y decidimos tomarnos un caf\u00e9 con leche en el Arkote mientras esper\u00e1bamos a que despejara. Comimos el bocata tambi\u00e9n all\u00ed, y cuando empez\u00f3 a mejorar nos animamos y recorrimos el paseo de la playa. Aprovechamos para sacarnos unas fotos y contemplar el mar, que estaba precioso.<\/p>\n<p>&nbsp;<\/p>\n<div id='gallery-1' class='gallery galleryid-23774 gallery-columns-3 gallery-size-thumbnail'><figure class='gallery-item'>\n\t\t\t<div class='gallery-icon landscape'>\n\t\t\t\t<a href=\"https:\/\/ospitalarioakfundazioaeuskadi.org\/wp-content\/uploads\/2021\/09\/residencia-ancianos-durango-verano-161.jpg\"><img loading=\"lazy\" decoding=\"async\" width=\"200\" height=\"112\" src=\"https:\/\/ospitalarioakfundazioaeuskadi.org\/wp-content\/uploads\/2021\/09\/residencia-ancianos-durango-verano-161-744x418.jpg\" class=\"attachment-thumbnail size-thumbnail\" alt=\"El grupo de la Residencia Barandiaran de Durango, en Gorliz\" title=\"\"><\/a>\n\t\t\t<\/div><\/figure><figure class='gallery-item'>\n\t\t\t<div class='gallery-icon landscape'>\n\t\t\t\t<a href=\"https:\/\/ospitalarioakfundazioaeuskadi.org\/wp-content\/uploads\/2021\/09\/residencia-ancianos-durango-verano-151.jpg\"><img loading=\"lazy\" decoding=\"async\" width=\"150\" height=\"150\" src=\"https:\/\/ospitalarioakfundazioaeuskadi.org\/wp-content\/uploads\/2021\/09\/residencia-ancianos-durango-verano-151-150x150.jpg\" class=\"attachment-thumbnail size-thumbnail\" alt=\"El grupo de la Residencia Barandiaran de Durango, en Gorliz\" title=\"\"><\/a>\n\t\t\t<\/div><\/figure><figure class='gallery-item'>\n\t\t\t<div class='gallery-icon landscape'>\n\t\t\t\t<a href=\"https:\/\/ospitalarioakfundazioaeuskadi.org\/wp-content\/uploads\/2021\/09\/residencia-ancianos-durango-verano-141.jpg\"><img loading=\"lazy\" decoding=\"async\" width=\"150\" height=\"150\" src=\"https:\/\/ospitalarioakfundazioaeuskadi.org\/wp-content\/uploads\/2021\/09\/residencia-ancianos-durango-verano-141-150x150.jpg\" class=\"attachment-thumbnail size-thumbnail\" alt=\"El grupo de la Residencia Barandiaran de Durango, en Gorliz\" title=\"\"><\/a>\n\t\t\t<\/div><\/figure><figure class='gallery-item'>\n\t\t\t<div class='gallery-icon landscape'>\n\t\t\t\t<a href=\"https:\/\/ospitalarioakfundazioaeuskadi.org\/wp-content\/uploads\/2021\/09\/residencia-ancianos-durango-verano-131.jpg\"><img loading=\"lazy\" decoding=\"async\" width=\"150\" height=\"150\" src=\"https:\/\/ospitalarioakfundazioaeuskadi.org\/wp-content\/uploads\/2021\/09\/residencia-ancianos-durango-verano-131-150x150.jpg\" class=\"attachment-thumbnail size-thumbnail\" alt=\"En el restaurante Betixu\" title=\"\"><\/a>\n\t\t\t<\/div><\/figure><figure class='gallery-item'>\n\t\t\t<div class='gallery-icon landscape'>\n\t\t\t\t<a href=\"https:\/\/ospitalarioakfundazioaeuskadi.org\/wp-content\/uploads\/2021\/09\/residencia-ancianos-durango-verano-121.jpg\"><img loading=\"lazy\" decoding=\"async\" width=\"150\" height=\"150\" src=\"https:\/\/ospitalarioakfundazioaeuskadi.org\/wp-content\/uploads\/2021\/09\/residencia-ancianos-durango-verano-121-150x150.jpg\" class=\"attachment-thumbnail size-thumbnail\" alt=\"En el restaurante Betixu\" title=\"\"><\/a>\n\t\t\t<\/div><\/figure><figure class='gallery-item'>\n\t\t\t<div class='gallery-icon landscape'>\n\t\t\t\t<a href=\"https:\/\/ospitalarioakfundazioaeuskadi.org\/wp-content\/uploads\/2021\/09\/residencia-ancianos-durango-verano-111.jpg\"><img loading=\"lazy\" decoding=\"async\" width=\"150\" height=\"150\" src=\"https:\/\/ospitalarioakfundazioaeuskadi.org\/wp-content\/uploads\/2021\/09\/residencia-ancianos-durango-verano-111-150x150.jpg\" class=\"attachment-thumbnail size-thumbnail\" alt=\"En el restaurante Betixu\" title=\"\"><\/a>\n\t\t\t<\/div><\/figure><figure class='gallery-item'>\n\t\t\t<div class='gallery-icon landscape'>\n\t\t\t\t<a href=\"https:\/\/ospitalarioakfundazioaeuskadi.org\/wp-content\/uploads\/2021\/09\/residencia-ancianos-durango-verano-101.jpg\"><img loading=\"lazy\" decoding=\"async\" width=\"150\" height=\"150\" src=\"https:\/\/ospitalarioakfundazioaeuskadi.org\/wp-content\/uploads\/2021\/09\/residencia-ancianos-durango-verano-101-150x150.jpg\" class=\"attachment-thumbnail size-thumbnail\" alt=\"En el restaurante Betixu\" title=\"\"><\/a>\n\t\t\t<\/div><\/figure><figure class='gallery-item'>\n\t\t\t<div class='gallery-icon landscape'>\n\t\t\t\t<a href=\"https:\/\/ospitalarioakfundazioaeuskadi.org\/wp-content\/uploads\/2021\/09\/residencia-ancianos-durango-verano-91.jpg\"><img loading=\"lazy\" decoding=\"async\" width=\"150\" height=\"150\" src=\"https:\/\/ospitalarioakfundazioaeuskadi.org\/wp-content\/uploads\/2021\/09\/residencia-ancianos-durango-verano-91-150x150.jpg\" class=\"attachment-thumbnail size-thumbnail\" alt=\"En el restaurante Betixu\" title=\"\"><\/a>\n\t\t\t<\/div><\/figure><figure class='gallery-item'>\n\t\t\t<div class='gallery-icon landscape'>\n\t\t\t\t<a href=\"https:\/\/ospitalarioakfundazioaeuskadi.org\/wp-content\/uploads\/2021\/09\/residencia-ancianos-durango-verano-81.jpg\"><img loading=\"lazy\" decoding=\"async\" width=\"150\" height=\"150\" src=\"https:\/\/ospitalarioakfundazioaeuskadi.org\/wp-content\/uploads\/2021\/09\/residencia-ancianos-durango-verano-81-150x150.jpg\" class=\"attachment-thumbnail size-thumbnail\" alt=\"En el restaurante Betixu\" title=\"\"><\/a>\n\t\t\t<\/div><\/figure><figure class='gallery-item'>\n\t\t\t<div class='gallery-icon landscape'>\n\t\t\t\t<a href=\"https:\/\/ospitalarioakfundazioaeuskadi.org\/wp-content\/uploads\/2021\/09\/residencia-ancianos-durango-verano-71.jpg\"><img loading=\"lazy\" decoding=\"async\" width=\"150\" height=\"150\" src=\"https:\/\/ospitalarioakfundazioaeuskadi.org\/wp-content\/uploads\/2021\/09\/residencia-ancianos-durango-verano-71-150x150.jpg\" class=\"attachment-thumbnail size-thumbnail\" alt=\"En el restaurante Betixu\" title=\"\"><\/a>\n\t\t\t<\/div><\/figure><figure class='gallery-item'>\n\t\t\t<div class='gallery-icon landscape'>\n\t\t\t\t<a href=\"https:\/\/ospitalarioakfundazioaeuskadi.org\/wp-content\/uploads\/2021\/09\/residencia-ancianos-durango-verano-61.jpg\"><img loading=\"lazy\" decoding=\"async\" width=\"150\" height=\"150\" src=\"https:\/\/ospitalarioakfundazioaeuskadi.org\/wp-content\/uploads\/2021\/09\/residencia-ancianos-durango-verano-61-150x150.jpg\" class=\"attachment-thumbnail size-thumbnail\" alt=\"Comida de la Residencia de mayores de Durango en el Gran Hotel\" title=\"\"><\/a>\n\t\t\t<\/div><\/figure><figure class='gallery-item'>\n\t\t\t<div class='gallery-icon landscape'>\n\t\t\t\t<a href=\"https:\/\/ospitalarioakfundazioaeuskadi.org\/wp-content\/uploads\/2021\/09\/residencia-ancianos-durango-verano-51.jpg\"><img loading=\"lazy\" decoding=\"async\" width=\"150\" height=\"150\" src=\"https:\/\/ospitalarioakfundazioaeuskadi.org\/wp-content\/uploads\/2021\/09\/residencia-ancianos-durango-verano-51-150x150.jpg\" class=\"attachment-thumbnail size-thumbnail\" alt=\"Comida de la Residencia de mayores de Durango en el Gran Hotel\" title=\"\"><\/a>\n\t\t\t<\/div><\/figure><figure class='gallery-item'>\n\t\t\t<div class='gallery-icon landscape'>\n\t\t\t\t<a href=\"https:\/\/ospitalarioakfundazioaeuskadi.org\/wp-content\/uploads\/2021\/09\/residencia-ancianos-durango-verano-41.jpg\"><img loading=\"lazy\" decoding=\"async\" width=\"150\" height=\"150\" src=\"https:\/\/ospitalarioakfundazioaeuskadi.org\/wp-content\/uploads\/2021\/09\/residencia-ancianos-durango-verano-41-150x150.jpg\" class=\"attachment-thumbnail size-thumbnail\" alt=\"Comida de la Residencia de mayores de Durango en el Gran Hotel\" title=\"\"><\/a>\n\t\t\t<\/div><\/figure><figure class='gallery-item'>\n\t\t\t<div class='gallery-icon landscape'>\n\t\t\t\t<a href=\"https:\/\/ospitalarioakfundazioaeuskadi.org\/wp-content\/uploads\/2021\/09\/residencia-ancianos-durango-verano-31.jpg\"><img loading=\"lazy\" decoding=\"async\" width=\"150\" height=\"150\" src=\"https:\/\/ospitalarioakfundazioaeuskadi.org\/wp-content\/uploads\/2021\/09\/residencia-ancianos-durango-verano-31-150x150.jpg\" class=\"attachment-thumbnail size-thumbnail\" alt=\"En los Encuentros de Gimnasia del Duranguesado\" title=\"\"><\/a>\n\t\t\t<\/div><\/figure><figure class='gallery-item'>\n\t\t\t<div class='gallery-icon landscape'>\n\t\t\t\t<a href=\"https:\/\/ospitalarioakfundazioaeuskadi.org\/wp-content\/uploads\/2021\/09\/residencia-ancianos-durango-verano-21.jpg\"><img loading=\"lazy\" decoding=\"async\" width=\"150\" height=\"150\" src=\"https:\/\/ospitalarioakfundazioaeuskadi.org\/wp-content\/uploads\/2021\/09\/residencia-ancianos-durango-verano-21-150x150.jpg\" class=\"attachment-thumbnail size-thumbnail\" alt=\"En los Encuentros de Gimnasia del Duranguesado\" title=\"\"><\/a>\n\t\t\t<\/div><\/figure><figure class='gallery-item'>\n\t\t\t<div class='gallery-icon landscape'>\n\t\t\t\t<a href=\"https:\/\/ospitalarioakfundazioaeuskadi.org\/wp-content\/uploads\/2021\/09\/residencia-ancianos-durango-verano-17.jpg\"><img loading=\"lazy\" decoding=\"async\" width=\"150\" height=\"150\" src=\"https:\/\/ospitalarioakfundazioaeuskadi.org\/wp-content\/uploads\/2021\/09\/residencia-ancianos-durango-verano-17-150x150.jpg\" class=\"attachment-thumbnail size-thumbnail\" alt=\"A las puertas de la Residencia de mayores Barandiaran de Durango\" title=\"\"><\/a>\n\t\t\t<\/div><\/figure>\n\t\t<\/div>\n\n","protected":false},"excerpt":{"rendered":"<p>Desde que comenz\u00f3 el verano, en la <a title=\"Durango \u2013 Residencia de Personas Mayores Joxe Miel Barandiaran\" href=\"https:\/\/www.personamayor.org\/nuestros-centros\/residencias\/durango-barandiaran-nueva\/\" rel=\"nofollow noopener\" target=\"_blank\">Residencia de mayores Joxe Miel Barandiaran de Durango<\/a> no hemos parado de hacer diferentes actividades.<\/p>\n<div class=\"link-more\"><a href=\"https:\/\/ospitalarioakfundazioaeuskadi.org\/es\/residencia-geriatrica-barandiaran-durango-verano\/#more-23774\" class=\"more-link\">Seguir leyendo<span class=\"screen-reader-text\"> &ldquo;Actividades de verano en la Residencia Barandiaran de Durango&rdquo;<\/span>&hellip;<\/a><\/div>\n","protected":false},"author":1,"featured_media":5716,"comment_status":"closed","ping_status":"closed","sticky":false,"template":"","format":"standard","meta":{"footnotes":""},"categories":[650],"tags":[728],"linea-asistencial":[980],"class_list":["post-23774","post","type-post","status-publish","format-standard","has-post-thumbnail","hentry","category-residencia-joxe-miel-barandiaran-durango","tag-residencia-joxe-miel-barandiaran","linea-asistencial-4-persona-mayor","entry"],"_links":{"self":[{"href":"https:\/\/ospitalarioakfundazioaeuskadi.org\/es\/wp-json\/wp\/v2\/posts\/23774","targetHints":{"allow":["GET"]}}],"collection":[{"href":"https:\/\/ospitalarioakfundazioaeuskadi.org\/es\/wp-json\/wp\/v2\/posts"}],"about":[{"href":"https:\/\/ospitalarioakfundazioaeuskadi.org\/es\/wp-json\/wp\/v2\/types\/post"}],"author":[{"embeddable":true,"href":"https:\/\/ospitalarioakfundazioaeuskadi.org\/es\/wp-json\/wp\/v2\/users\/1"}],"replies":[{"embeddable":true,"href":"https:\/\/ospitalarioakfundazioaeuskadi.org\/es\/wp-json\/wp\/v2\/comments?post=23774"}],"version-history":[{"count":1,"href":"https:\/\/ospitalarioakfundazioaeuskadi.org\/es\/wp-json\/wp\/v2\/posts\/23774\/revisions"}],"predecessor-version":[{"id":55005,"href":"https:\/\/ospitalarioakfundazioaeuskadi.org\/es\/wp-json\/wp\/v2\/posts\/23774\/revisions\/55005"}],"wp:featuredmedia":[{"embeddable":true,"href":"https:\/\/ospitalarioakfundazioaeuskadi.org\/es\/wp-json\/wp\/v2\/media\/5716"}],"wp:attachment":[{"href":"https:\/\/ospitalarioakfundazioaeuskadi.org\/es\/wp-json\/wp\/v2\/media?parent=23774"}],"wp:term":[{"taxonomy":"category","embeddable":true,"href":"https:\/\/ospitalarioakfundazioaeuskadi.org\/es\/wp-json\/wp\/v2\/categories?post=23774"},{"taxonomy":"post_tag","embeddable":true,"href":"https:\/\/ospitalarioakfundazioaeuskadi.org\/es\/wp-json\/wp\/v2\/tags?post=23774"},{"taxonomy":"linea-asistencial","embeddable":true,"href":"https:\/\/ospitalarioakfundazioaeuskadi.org\/es\/wp-json\/wp\/v2\/linea-asistencial?post=23774"}],"curies":[{"name":"wp","href":"https:\/\/api.w.org\/{rel}","templated":true}]}}