{"id":23775,"date":"2018-08-06T00:00:00","date_gmt":"2018-08-06T00:00:00","guid":{"rendered":"http:\/\/194.35.43.170\/~aitamenninueva\/residencia-mayores-santiago-homenajea-patron-villabona\/"},"modified":"2022-10-25T13:45:25","modified_gmt":"2022-10-25T13:45:25","slug":"residencia-mayores-santiago-homenajea-patron-villabona","status":"publish","type":"post","link":"https:\/\/ospitalarioakfundazioaeuskadi.org\/es\/residencia-mayores-santiago-homenajea-patron-villabona\/","title":{"rendered":"La Residencia Santiago homenajea al patr\u00f3n del centro y de Villabona"},"content":{"rendered":"<p>Un a\u00f1o m\u00e1s, la <a title=\"Villabona \u2013 Residencia de personas mayores Santiago\" href=\"https:\/\/www.personamayor.org\/nuestros-centros\/residencias\/villabona-residencia-de-personas-mayores-santiago\/\" rel=\"nofollow noopener\" target=\"_blank\">Residencia de mayores Santiago de Villabona<\/a> ha participado a tope en las <strong>fiestas de la localidad<\/strong>, en honor al santo que da nombre a nuestro centro.<\/p>\n<p><!--more-->Las festividades comenzaron el d\u00eda 24 de julio con el txupinazo. Luciendo nuestras camisetas blancas y los pa\u00f1uelos rosas, volvimos a situarnos en una zona privilegiada frente al Ayuntamiento para presenciar el momento. Preg\u00f3n, cohete, txaranga, gigantes y cabezudos&#8230; todo a nuestros pies.<\/p>\n<div id='gallery-1' class='gallery galleryid-23775 gallery-columns-3 gallery-size-thumbnail'><figure class='gallery-item'>\n\t\t\t<div class='gallery-icon landscape'>\n\t\t\t\t<a href=\"https:\/\/ospitalarioakfundazioaeuskadi.org\/wp-content\/uploads\/2021\/09\/residencia-ancianos-villabona-santiago-20182.jpg\"><img loading=\"lazy\" decoding=\"async\" width=\"150\" height=\"150\" src=\"https:\/\/ospitalarioakfundazioaeuskadi.org\/wp-content\/uploads\/2021\/09\/residencia-ancianos-villabona-santiago-20182-150x150.jpg\" class=\"attachment-thumbnail size-thumbnail\" alt=\"Residentes de Santiago, ante el centro\" title=\"\"><\/a>\n\t\t\t<\/div><\/figure><figure class='gallery-item'>\n\t\t\t<div class='gallery-icon landscape'>\n\t\t\t\t<a href=\"https:\/\/ospitalarioakfundazioaeuskadi.org\/wp-content\/uploads\/2021\/09\/residencia-ancianos-villabona-santiago-20183.jpg\"><img loading=\"lazy\" decoding=\"async\" width=\"150\" height=\"150\" src=\"https:\/\/ospitalarioakfundazioaeuskadi.org\/wp-content\/uploads\/2021\/09\/residencia-ancianos-villabona-santiago-20183-150x150.jpg\" class=\"attachment-thumbnail size-thumbnail\" alt=\"Viendo el txupinazo de Villabona\" title=\"\"><\/a>\n\t\t\t<\/div><\/figure><figure class='gallery-item'>\n\t\t\t<div class='gallery-icon landscape'>\n\t\t\t\t<a href=\"https:\/\/ospitalarioakfundazioaeuskadi.org\/wp-content\/uploads\/2021\/09\/residencia-ancianos-villabona-santiago-20184.jpg\"><img loading=\"lazy\" decoding=\"async\" width=\"150\" height=\"150\" src=\"https:\/\/ospitalarioakfundazioaeuskadi.org\/wp-content\/uploads\/2021\/09\/residencia-ancianos-villabona-santiago-20184-150x150.jpg\" class=\"attachment-thumbnail size-thumbnail\" alt=\"Viendo el txupinazo de Villabona\" title=\"\"><\/a>\n\t\t\t<\/div><\/figure><figure class='gallery-item'>\n\t\t\t<div class='gallery-icon landscape'>\n\t\t\t\t<a href=\"https:\/\/ospitalarioakfundazioaeuskadi.org\/wp-content\/uploads\/2021\/09\/residencia-ancianos-villabona-santiago-20185.jpg\"><img loading=\"lazy\" decoding=\"async\" width=\"150\" height=\"150\" src=\"https:\/\/ospitalarioakfundazioaeuskadi.org\/wp-content\/uploads\/2021\/09\/residencia-ancianos-villabona-santiago-20185-150x150.jpg\" class=\"attachment-thumbnail size-thumbnail\" alt=\"Viendo el txupinazo de Villabona\" title=\"\"><\/a>\n\t\t\t<\/div><\/figure><figure class='gallery-item'>\n\t\t\t<div class='gallery-icon landscape'>\n\t\t\t\t<a href=\"https:\/\/ospitalarioakfundazioaeuskadi.org\/wp-content\/uploads\/2021\/09\/residencia-ancianos-villabona-santiago-20186.jpg\"><img loading=\"lazy\" decoding=\"async\" width=\"150\" height=\"150\" src=\"https:\/\/ospitalarioakfundazioaeuskadi.org\/wp-content\/uploads\/2021\/09\/residencia-ancianos-villabona-santiago-20186-150x150.jpg\" class=\"attachment-thumbnail size-thumbnail\" alt=\"Viendo el txupinazo de Villabona\" title=\"\"><\/a>\n\t\t\t<\/div><\/figure><figure class='gallery-item'>\n\t\t\t<div class='gallery-icon landscape'>\n\t\t\t\t<a href=\"https:\/\/ospitalarioakfundazioaeuskadi.org\/wp-content\/uploads\/2021\/09\/residencia-ancianos-villabona-santiago-20187.jpg\"><img loading=\"lazy\" decoding=\"async\" width=\"150\" height=\"150\" src=\"https:\/\/ospitalarioakfundazioaeuskadi.org\/wp-content\/uploads\/2021\/09\/residencia-ancianos-villabona-santiago-20187-150x150.jpg\" class=\"attachment-thumbnail size-thumbnail\" alt=\"Viendo el txupinazo de Villabona\" title=\"\"><\/a>\n\t\t\t<\/div><\/figure><figure class='gallery-item'>\n\t\t\t<div class='gallery-icon landscape'>\n\t\t\t\t<a href=\"https:\/\/ospitalarioakfundazioaeuskadi.org\/wp-content\/uploads\/2021\/09\/residencia-ancianos-villabona-santiago-20188.jpg\"><img loading=\"lazy\" decoding=\"async\" width=\"150\" height=\"150\" src=\"https:\/\/ospitalarioakfundazioaeuskadi.org\/wp-content\/uploads\/2021\/09\/residencia-ancianos-villabona-santiago-20188-150x150.jpg\" class=\"attachment-thumbnail size-thumbnail\" alt=\"Viendo el txupinazo de Villabona\" title=\"\"><\/a>\n\t\t\t<\/div><\/figure><figure class='gallery-item'>\n\t\t\t<div class='gallery-icon landscape'>\n\t\t\t\t<a href=\"https:\/\/ospitalarioakfundazioaeuskadi.org\/wp-content\/uploads\/2021\/09\/residencia-ancianos-villabona-santiago-201810.jpg\"><img loading=\"lazy\" decoding=\"async\" width=\"150\" height=\"150\" src=\"https:\/\/ospitalarioakfundazioaeuskadi.org\/wp-content\/uploads\/2021\/09\/residencia-ancianos-villabona-santiago-201810-150x150.jpg\" class=\"attachment-thumbnail size-thumbnail\" alt=\"Viendo el txupinazo de Villabona\" title=\"\"><\/a>\n\t\t\t<\/div><\/figure><figure class='gallery-item'>\n\t\t\t<div class='gallery-icon landscape'>\n\t\t\t\t<a href=\"https:\/\/ospitalarioakfundazioaeuskadi.org\/wp-content\/uploads\/2021\/09\/residencia-ancianos-villabona-santiago-20189.jpg\"><img loading=\"lazy\" decoding=\"async\" width=\"200\" height=\"112\" src=\"https:\/\/ospitalarioakfundazioaeuskadi.org\/wp-content\/uploads\/2021\/09\/residencia-ancianos-villabona-santiago-20189-744x418.jpg\" class=\"attachment-thumbnail size-thumbnail\" alt=\"Viendo el txupinazo de Villabona\" title=\"\"><\/a>\n\t\t\t<\/div><\/figure>\n\t\t<\/div>\n\n<p>El d\u00eda 25, d\u00eda de Santiago, la Corporaci\u00f3n municipal y representantes de Aita Menni realizaron una visita a los aitonas y amonas antes de la comida en honor al patr\u00f3n del centro y del pueblo.<\/p>\n<div id='gallery-2' class='gallery galleryid-23775 gallery-columns-3 gallery-size-thumbnail'><figure class='gallery-item'>\n\t\t\t<div class='gallery-icon landscape'>\n\t\t\t\t<a href=\"https:\/\/ospitalarioakfundazioaeuskadi.org\/wp-content\/uploads\/2021\/09\/residencia-ancianos-villabona-santiago-20181.jpg\"><img loading=\"lazy\" decoding=\"async\" width=\"150\" height=\"150\" src=\"https:\/\/ospitalarioakfundazioaeuskadi.org\/wp-content\/uploads\/2021\/09\/residencia-ancianos-villabona-santiago-20181-150x150.jpg\" class=\"attachment-thumbnail size-thumbnail\" alt=\"Representantes municipales, en la Residencia Santiago de Villabona\" title=\"\"><\/a>\n\t\t\t<\/div><\/figure><figure class='gallery-item'>\n\t\t\t<div class='gallery-icon landscape'>\n\t\t\t\t<a href=\"https:\/\/ospitalarioakfundazioaeuskadi.org\/wp-content\/uploads\/2021\/09\/residencia-ancianos-villabona-santiago-201841.jpg\"><img loading=\"lazy\" decoding=\"async\" width=\"150\" height=\"150\" src=\"https:\/\/ospitalarioakfundazioaeuskadi.org\/wp-content\/uploads\/2021\/09\/residencia-ancianos-villabona-santiago-201841-150x150.jpg\" class=\"attachment-thumbnail size-thumbnail\" alt=\"Representantes municipales, en la Residencia Santiago de Villabona\" title=\"\"><\/a>\n\t\t\t<\/div><\/figure><figure class='gallery-item'>\n\t\t\t<div class='gallery-icon landscape'>\n\t\t\t\t<a href=\"https:\/\/ospitalarioakfundazioaeuskadi.org\/wp-content\/uploads\/2021\/09\/residencia-ancianos-villabona-santiago-201848.jpg\"><img loading=\"lazy\" decoding=\"async\" width=\"150\" height=\"150\" src=\"https:\/\/ospitalarioakfundazioaeuskadi.org\/wp-content\/uploads\/2021\/09\/residencia-ancianos-villabona-santiago-201848-150x150.jpg\" class=\"attachment-thumbnail size-thumbnail\" alt=\"Representantes municipales, en la Residencia Santiago de Villabona\" title=\"\"><\/a>\n\t\t\t<\/div><\/figure><figure class='gallery-item'>\n\t\t\t<div class='gallery-icon landscape'>\n\t\t\t\t<a href=\"https:\/\/ospitalarioakfundazioaeuskadi.org\/wp-content\/uploads\/2021\/09\/residencia-ancianos-villabona-santiago-201853.jpg\"><img loading=\"lazy\" decoding=\"async\" width=\"150\" height=\"150\" src=\"https:\/\/ospitalarioakfundazioaeuskadi.org\/wp-content\/uploads\/2021\/09\/residencia-ancianos-villabona-santiago-201853-150x150.jpg\" class=\"attachment-thumbnail size-thumbnail\" alt=\"Representantes municipales, en la Residencia Santiago de Villabona\" title=\"\"><\/a>\n\t\t\t<\/div><\/figure>\n\t\t<\/div>\n\n<p>El dia 26, algunos de nuestros compa\u00f1eros asistieron a la comida de personas mayores en los bajos de la Ikastola Zubimuxu, para despu\u00e9s disfrutar del baile y las comparsas.<\/p>\n<div id='gallery-3' class='gallery galleryid-23775 gallery-columns-3 gallery-size-thumbnail'><figure class='gallery-item'>\n\t\t\t<div class='gallery-icon landscape'>\n\t\t\t\t<a href=\"https:\/\/ospitalarioakfundazioaeuskadi.org\/wp-content\/uploads\/2021\/09\/residencia-ancianos-villabona-santiago-201860.jpg\"><img loading=\"lazy\" decoding=\"async\" width=\"150\" height=\"150\" src=\"https:\/\/ospitalarioakfundazioaeuskadi.org\/wp-content\/uploads\/2021\/09\/residencia-ancianos-villabona-santiago-201860-150x150.jpg\" class=\"attachment-thumbnail size-thumbnail\" alt=\"Comida de mayores\" title=\"\"><\/a>\n\t\t\t<\/div><\/figure><figure class='gallery-item'>\n\t\t\t<div class='gallery-icon landscape'>\n\t\t\t\t<a href=\"https:\/\/ospitalarioakfundazioaeuskadi.org\/wp-content\/uploads\/2021\/09\/residencia-ancianos-villabona-santiago-201861.jpg\"><img loading=\"lazy\" decoding=\"async\" width=\"150\" height=\"150\" src=\"https:\/\/ospitalarioakfundazioaeuskadi.org\/wp-content\/uploads\/2021\/09\/residencia-ancianos-villabona-santiago-201861-150x150.jpg\" class=\"attachment-thumbnail size-thumbnail\" alt=\"Comida de mayores\" title=\"\"><\/a>\n\t\t\t<\/div><\/figure>\n\t\t<\/div>\n\n<p>A lo largo de todas las fiestas, las diferentes comparsas de gigantes desfilaron por todo el municipio, y todas ten\u00edan parada obligada frente a la Residencia Santiago para actuar aqu\u00ed.<\/p>\n<div id='gallery-4' class='gallery galleryid-23775 gallery-columns-3 gallery-size-thumbnail'><figure class='gallery-item'>\n\t\t\t<div class='gallery-icon landscape'>\n\t\t\t\t<a href=\"https:\/\/ospitalarioakfundazioaeuskadi.org\/wp-content\/uploads\/2021\/09\/residencia-ancianos-villabona-santiago-201813.jpg\"><img loading=\"lazy\" decoding=\"async\" width=\"150\" height=\"150\" src=\"https:\/\/ospitalarioakfundazioaeuskadi.org\/wp-content\/uploads\/2021\/09\/residencia-ancianos-villabona-santiago-201813-150x150.jpg\" class=\"attachment-thumbnail size-thumbnail\" alt=\"Con los gigantes y Cabezudos de Villabona\" title=\"\"><\/a>\n\t\t\t<\/div><\/figure><figure class='gallery-item'>\n\t\t\t<div class='gallery-icon landscape'>\n\t\t\t\t<a href=\"https:\/\/ospitalarioakfundazioaeuskadi.org\/wp-content\/uploads\/2021\/09\/residencia-ancianos-villabona-santiago-201814.jpg\"><img loading=\"lazy\" decoding=\"async\" width=\"150\" height=\"150\" src=\"https:\/\/ospitalarioakfundazioaeuskadi.org\/wp-content\/uploads\/2021\/09\/residencia-ancianos-villabona-santiago-201814-150x150.jpg\" class=\"attachment-thumbnail size-thumbnail\" alt=\"Con los gigantes y Cabezudos de Villabona\" title=\"\"><\/a>\n\t\t\t<\/div><\/figure><figure class='gallery-item'>\n\t\t\t<div class='gallery-icon landscape'>\n\t\t\t\t<a href=\"https:\/\/ospitalarioakfundazioaeuskadi.org\/wp-content\/uploads\/2021\/09\/residencia-ancianos-villabona-santiago-201816.jpg\"><img loading=\"lazy\" decoding=\"async\" width=\"150\" height=\"150\" src=\"https:\/\/ospitalarioakfundazioaeuskadi.org\/wp-content\/uploads\/2021\/09\/residencia-ancianos-villabona-santiago-201816-150x150.jpg\" class=\"attachment-thumbnail size-thumbnail\" alt=\"Con los gigantes y Cabezudos de Villabona\" title=\"\"><\/a>\n\t\t\t<\/div><\/figure><figure class='gallery-item'>\n\t\t\t<div class='gallery-icon landscape'>\n\t\t\t\t<a href=\"https:\/\/ospitalarioakfundazioaeuskadi.org\/wp-content\/uploads\/2021\/09\/residencia-ancianos-villabona-santiago-201817.jpg\"><img loading=\"lazy\" decoding=\"async\" width=\"150\" height=\"150\" src=\"https:\/\/ospitalarioakfundazioaeuskadi.org\/wp-content\/uploads\/2021\/09\/residencia-ancianos-villabona-santiago-201817-150x150.jpg\" class=\"attachment-thumbnail size-thumbnail\" alt=\"Con los gigantes y Cabezudos de Villabona\" title=\"\"><\/a>\n\t\t\t<\/div><\/figure><figure class='gallery-item'>\n\t\t\t<div class='gallery-icon landscape'>\n\t\t\t\t<a href=\"https:\/\/ospitalarioakfundazioaeuskadi.org\/wp-content\/uploads\/2021\/09\/residencia-ancianos-villabona-santiago-201821.jpg\"><img loading=\"lazy\" decoding=\"async\" width=\"150\" height=\"150\" src=\"https:\/\/ospitalarioakfundazioaeuskadi.org\/wp-content\/uploads\/2021\/09\/residencia-ancianos-villabona-santiago-201821-150x150.jpg\" class=\"attachment-thumbnail size-thumbnail\" alt=\"Con los gigantes y Cabezudos de Villabona\" title=\"\"><\/a>\n\t\t\t<\/div><\/figure><figure class='gallery-item'>\n\t\t\t<div class='gallery-icon landscape'>\n\t\t\t\t<a href=\"https:\/\/ospitalarioakfundazioaeuskadi.org\/wp-content\/uploads\/2021\/09\/residencia-ancianos-villabona-santiago-201822.jpg\"><img loading=\"lazy\" decoding=\"async\" width=\"150\" height=\"150\" src=\"https:\/\/ospitalarioakfundazioaeuskadi.org\/wp-content\/uploads\/2021\/09\/residencia-ancianos-villabona-santiago-201822-150x150.jpg\" class=\"attachment-thumbnail size-thumbnail\" alt=\"Con los gigantes y Cabezudos de Villabona\" title=\"\"><\/a>\n\t\t\t<\/div><\/figure>\n\t\t<\/div>\n\n<p>Continuamos con el resumen y nos ponemos a d\u00eda 29, D\u00eda de las Kuadrillas: otro d\u00eda de m\u00fasica y baile. 1.500 personas desfilaron frente a nuestro centro y bailaron e hicieron bailar a todo el mundo.<\/p>\n<div id='gallery-5' class='gallery galleryid-23775 gallery-columns-3 gallery-size-thumbnail'><figure class='gallery-item'>\n\t\t\t<div class='gallery-icon landscape'>\n\t\t\t\t<a href=\"https:\/\/ospitalarioakfundazioaeuskadi.org\/wp-content\/uploads\/2021\/09\/residencia-ancianos-villabona-santiago-201835.jpg\"><img loading=\"lazy\" decoding=\"async\" width=\"150\" height=\"150\" src=\"https:\/\/ospitalarioakfundazioaeuskadi.org\/wp-content\/uploads\/2021\/09\/residencia-ancianos-villabona-santiago-201835-150x150.jpg\" class=\"attachment-thumbnail size-thumbnail\" alt=\"D\u00eda de Kuadrillas en Villabona\" title=\"\"><\/a>\n\t\t\t<\/div><\/figure><figure class='gallery-item'>\n\t\t\t<div class='gallery-icon landscape'>\n\t\t\t\t<a href=\"https:\/\/ospitalarioakfundazioaeuskadi.org\/wp-content\/uploads\/2021\/09\/residencia-ancianos-villabona-santiago-201828.jpg\"><img loading=\"lazy\" decoding=\"async\" width=\"150\" height=\"150\" src=\"https:\/\/ospitalarioakfundazioaeuskadi.org\/wp-content\/uploads\/2021\/09\/residencia-ancianos-villabona-santiago-201828-150x150.jpg\" class=\"attachment-thumbnail size-thumbnail\" alt=\"D\u00eda de Kuadrillas en Villabona\" title=\"\"><\/a>\n\t\t\t<\/div><\/figure><figure class='gallery-item'>\n\t\t\t<div class='gallery-icon landscape'>\n\t\t\t\t<a href=\"https:\/\/ospitalarioakfundazioaeuskadi.org\/wp-content\/uploads\/2021\/09\/residencia-ancianos-villabona-santiago-201827.jpg\"><img loading=\"lazy\" decoding=\"async\" width=\"150\" height=\"150\" src=\"https:\/\/ospitalarioakfundazioaeuskadi.org\/wp-content\/uploads\/2021\/09\/residencia-ancianos-villabona-santiago-201827-150x150.jpg\" class=\"attachment-thumbnail size-thumbnail\" alt=\"D\u00eda de Kuadrillas en Villabona\" title=\"\"><\/a>\n\t\t\t<\/div><\/figure><figure class='gallery-item'>\n\t\t\t<div class='gallery-icon landscape'>\n\t\t\t\t<a href=\"https:\/\/ospitalarioakfundazioaeuskadi.org\/wp-content\/uploads\/2021\/09\/residencia-ancianos-villabona-santiago-201826.jpg\"><img loading=\"lazy\" decoding=\"async\" width=\"150\" height=\"150\" src=\"https:\/\/ospitalarioakfundazioaeuskadi.org\/wp-content\/uploads\/2021\/09\/residencia-ancianos-villabona-santiago-201826-150x150.jpg\" class=\"attachment-thumbnail size-thumbnail\" alt=\"D\u00eda de Kuadrillas en Villabona\" title=\"\"><\/a>\n\t\t\t<\/div><\/figure><figure class='gallery-item'>\n\t\t\t<div class='gallery-icon landscape'>\n\t\t\t\t<a href=\"https:\/\/ospitalarioakfundazioaeuskadi.org\/wp-content\/uploads\/2021\/09\/residencia-ancianos-villabona-santiago-201837.jpg\"><img loading=\"lazy\" decoding=\"async\" width=\"150\" height=\"150\" src=\"https:\/\/ospitalarioakfundazioaeuskadi.org\/wp-content\/uploads\/2021\/09\/residencia-ancianos-villabona-santiago-201837-150x150.jpg\" class=\"attachment-thumbnail size-thumbnail\" alt=\"D\u00eda de Kuadrillas en Villabona\" title=\"\"><\/a>\n\t\t\t<\/div><\/figure><figure class='gallery-item'>\n\t\t\t<div class='gallery-icon landscape'>\n\t\t\t\t<a href=\"https:\/\/ospitalarioakfundazioaeuskadi.org\/wp-content\/uploads\/2021\/09\/residencia-ancianos-villabona-santiago-201836.jpg\"><img loading=\"lazy\" decoding=\"async\" width=\"150\" height=\"150\" src=\"https:\/\/ospitalarioakfundazioaeuskadi.org\/wp-content\/uploads\/2021\/09\/residencia-ancianos-villabona-santiago-201836-150x150.jpg\" class=\"attachment-thumbnail size-thumbnail\" alt=\"D\u00eda de Kuadrillas en Villabona\" title=\"\"><\/a>\n\t\t\t<\/div><\/figure>\n\t\t<\/div>\n\n<p>El d\u00eda 30, la Kantujira actu\u00f3 frente a la Residencia durante m\u00e1s de una hora. Hubo canciones populares, se estren\u00f3 el himno de Santiago y se asaron sardinas para la concurrencia.<\/p>\n<div id='gallery-6' class='gallery galleryid-23775 gallery-columns-3 gallery-size-thumbnail'><figure class='gallery-item'>\n\t\t\t<div class='gallery-icon landscape'>\n\t\t\t\t<a href=\"https:\/\/ospitalarioakfundazioaeuskadi.org\/wp-content\/uploads\/2021\/09\/residencia-ancianos-villabona-santiago-201862.jpg\"><img loading=\"lazy\" decoding=\"async\" width=\"150\" height=\"150\" src=\"https:\/\/ospitalarioakfundazioaeuskadi.org\/wp-content\/uploads\/2021\/09\/residencia-ancianos-villabona-santiago-201862-150x150.jpg\" class=\"attachment-thumbnail size-thumbnail\" alt=\"La Kantujira frente a la Residencia Santiago\" title=\"\"><\/a>\n\t\t\t<\/div><\/figure><figure class='gallery-item'>\n\t\t\t<div class='gallery-icon landscape'>\n\t\t\t\t<a href=\"https:\/\/ospitalarioakfundazioaeuskadi.org\/wp-content\/uploads\/2021\/09\/residencia-ancianos-villabona-santiago-201859.jpg\"><img loading=\"lazy\" decoding=\"async\" width=\"150\" height=\"150\" src=\"https:\/\/ospitalarioakfundazioaeuskadi.org\/wp-content\/uploads\/2021\/09\/residencia-ancianos-villabona-santiago-201859-150x150.jpg\" class=\"attachment-thumbnail size-thumbnail\" alt=\"La Kantujira frente a la Residencia Santiago\" title=\"\"><\/a>\n\t\t\t<\/div><\/figure><figure class='gallery-item'>\n\t\t\t<div class='gallery-icon landscape'>\n\t\t\t\t<a href=\"https:\/\/ospitalarioakfundazioaeuskadi.org\/wp-content\/uploads\/2021\/09\/residencia-ancianos-villabona-santiago-201858.jpg\"><img loading=\"lazy\" decoding=\"async\" width=\"150\" height=\"150\" src=\"https:\/\/ospitalarioakfundazioaeuskadi.org\/wp-content\/uploads\/2021\/09\/residencia-ancianos-villabona-santiago-201858-150x150.jpg\" class=\"attachment-thumbnail size-thumbnail\" alt=\"Asando sardinas frente a la Residencia Santiago\" title=\"\"><\/a>\n\t\t\t<\/div><\/figure>\n\t\t<\/div>\n\n<p>Las fiestas acabaron el D\u00eda de San Ignacio con un banquete con motivo del patr\u00f3n de Gipuzkoa, como punto final de unas ajetreadas fiestas en las que la Residencia participa en todo momento.<\/p>\n","protected":false},"excerpt":{"rendered":"<p>Un a\u00f1o m\u00e1s, la <a title=\"Villabona \u2013 Residencia de personas mayores Santiago\" href=\"https:\/\/www.personamayor.org\/nuestros-centros\/residencias\/villabona-residencia-de-personas-mayores-santiago\/\" rel=\"nofollow noopener\" target=\"_blank\">Residencia de mayores Santiago de Villabona<\/a> ha participado a tope en las <strong>fiestas de la localidad<\/strong>, en honor al santo que da nombre a nuestro centro.<\/p>\n<div class=\"link-more\"><a href=\"https:\/\/ospitalarioakfundazioaeuskadi.org\/es\/residencia-mayores-santiago-homenajea-patron-villabona\/#more-23775\" class=\"more-link\">Seguir leyendo<span class=\"screen-reader-text\"> &ldquo;La Residencia Santiago homenajea al patr\u00f3n del centro y de Villabona&rdquo;<\/span>&hellip;<\/a><\/div>\n","protected":false},"author":1,"featured_media":5797,"comment_status":"closed","ping_status":"closed","sticky":false,"template":"","format":"standard","meta":{"footnotes":""},"categories":[663],"tags":[],"linea-asistencial":[980],"class_list":["post-23775","post","type-post","status-publish","format-standard","has-post-thumbnail","hentry","category-villabona-residencia-santiago","linea-asistencial-4-persona-mayor","entry"],"_links":{"self":[{"href":"https:\/\/ospitalarioakfundazioaeuskadi.org\/es\/wp-json\/wp\/v2\/posts\/23775","targetHints":{"allow":["GET"]}}],"collection":[{"href":"https:\/\/ospitalarioakfundazioaeuskadi.org\/es\/wp-json\/wp\/v2\/posts"}],"about":[{"href":"https:\/\/ospitalarioakfundazioaeuskadi.org\/es\/wp-json\/wp\/v2\/types\/post"}],"author":[{"embeddable":true,"href":"https:\/\/ospitalarioakfundazioaeuskadi.org\/es\/wp-json\/wp\/v2\/users\/1"}],"replies":[{"embeddable":true,"href":"https:\/\/ospitalarioakfundazioaeuskadi.org\/es\/wp-json\/wp\/v2\/comments?post=23775"}],"version-history":[{"count":1,"href":"https:\/\/ospitalarioakfundazioaeuskadi.org\/es\/wp-json\/wp\/v2\/posts\/23775\/revisions"}],"predecessor-version":[{"id":55004,"href":"https:\/\/ospitalarioakfundazioaeuskadi.org\/es\/wp-json\/wp\/v2\/posts\/23775\/revisions\/55004"}],"wp:featuredmedia":[{"embeddable":true,"href":"https:\/\/ospitalarioakfundazioaeuskadi.org\/es\/wp-json\/wp\/v2\/media\/5797"}],"wp:attachment":[{"href":"https:\/\/ospitalarioakfundazioaeuskadi.org\/es\/wp-json\/wp\/v2\/media?parent=23775"}],"wp:term":[{"taxonomy":"category","embeddable":true,"href":"https:\/\/ospitalarioakfundazioaeuskadi.org\/es\/wp-json\/wp\/v2\/categories?post=23775"},{"taxonomy":"post_tag","embeddable":true,"href":"https:\/\/ospitalarioakfundazioaeuskadi.org\/es\/wp-json\/wp\/v2\/tags?post=23775"},{"taxonomy":"linea-asistencial","embeddable":true,"href":"https:\/\/ospitalarioakfundazioaeuskadi.org\/es\/wp-json\/wp\/v2\/linea-asistencial?post=23775"}],"curies":[{"name":"wp","href":"https:\/\/api.w.org\/{rel}","templated":true}]}}