{"id":23796,"date":"2019-01-30T00:00:00","date_gmt":"2019-01-30T00:00:00","guid":{"rendered":"http:\/\/194.35.43.170\/~aitamenninueva\/cuentos-clasicos-en-txurdinagabarri-de-la-mano-de-doris-palao\/"},"modified":"2022-11-20T08:25:19","modified_gmt":"2022-11-20T08:25:19","slug":"cuentos-clasicos-en-txurdinagabarri-de-la-mano-de-doris-palao","status":"publish","type":"post","link":"https:\/\/ospitalarioakfundazioaeuskadi.org\/es\/cuentos-clasicos-en-txurdinagabarri-de-la-mano-de-doris-palao\/","title":{"rendered":"Cuentos cl\u00e1sicos en Txurdinagabarri, de la mano de Doris Palao"},"content":{"rendered":"<p>El pasado 19 de enero, en la <a href=\"https:\/\/ospitalarioakfundazioaeuskadi.org\/es\/centro\/residencia-mayores-bilbao-txurdinagabarri\/\">Residencia de mayores Txurdinagabarri de Bilbao<\/a> recibimos la visita de la <strong>Compa\u00f1\u00eda de Danza de Doris Palao<\/strong>, que escenific\u00f3 diversos cuentos populares en formato de musical.<\/p>\n<p><!--more--><br \/>\nApenas hab\u00eda pasado un mes desde <a href=\"https:\/\/ospitalarioakfundazioaeuskadi.org\/es\/residencia-mayores-txurdinagabarri-sanfermines-2020-53-239x179\/\">la \u00faltima visita de Doris y su grupo<\/a>, que interpretaron en diciembre diversos cl\u00e1sicos de la zarzuela en nuestra Residencia. En esta ocasi\u00f3n, tra\u00edan un repertorio basado en cuentos cl\u00e1sicos, que no s\u00f3lo escenificaron con sus bailes, sino que adem\u00e1s ambientaron con un precioso vestuario inspirado en cada una de las historias.<\/p>\n<p>As\u00ed, fueron desfilando ante nuestros ojos las historias de Caperucita Roja, La Bella y La Bestia, La Sirenita, Blancanieves, La Cenicienta, Aladino y Mary Poppins.<\/p>\n<p>Es destacable el enorme trabajo que la compa\u00f1\u00eda de Doris dedica ya no s\u00f3lo a preparar las coreograf\u00edas, sino tambi\u00e9n a crear un vestuario tan bonito, y el enorme trabajo de maquillaje y caracterizaci\u00f3n que requiere alguno de los n\u00fameros que nos presentaron.<\/p>\n<p>Por ello les agradecemos tanto que vengan a Txurdinagabarri, y esperamos siempre con mucha expectaci\u00f3n su siguiente actuaci\u00f3n.<\/p>\n<p><img loading=\"lazy\" decoding=\"async\" class=\"alignnone size-large wp-image-18392\" src=\"https:\/\/www.ospitalarioakfundazioaeuskadi.org\/wp-content\/uploads\/2021\/09\/residencia-mayores-bilbao-mary-2-715x536-1.jpg\" alt=\"Cuentos cl\u00e1sicos en la Residencia de mayores Txurdinagabarri\" width=\"550\" height=\"412\" title=\"\"><\/p>\n","protected":false},"excerpt":{"rendered":"<p>El pasado 19 de enero, en la <a href=\"https:\/\/ospitalarioakfundazioaeuskadi.org\/es\/centro\/residencia-mayores-bilbao-txurdinagabarri\/\">Residencia de mayores Txurdinagabarri de Bilbao<\/a> recibimos la visita de la <strong>Compa\u00f1\u00eda de Danza de Doris Palao<\/strong>, que escenific\u00f3 diversos cuentos populares en formato de musical.<\/p>\n<div class=\"link-more\"><a href=\"https:\/\/ospitalarioakfundazioaeuskadi.org\/es\/cuentos-clasicos-en-txurdinagabarri-de-la-mano-de-doris-palao\/#more-23796\" class=\"more-link\">Seguir leyendo<span class=\"screen-reader-text\"> &ldquo;Cuentos cl\u00e1sicos en Txurdinagabarri, de la mano de Doris Palao&rdquo;<\/span>&hellip;<\/a><\/div>\n","protected":false},"author":1,"featured_media":6130,"comment_status":"closed","ping_status":"closed","sticky":false,"template":"","format":"standard","meta":{"footnotes":""},"categories":[648],"tags":[702],"linea-asistencial":[980],"class_list":["post-23796","post","type-post","status-publish","format-standard","has-post-thumbnail","hentry","category-residencia-txurdinagabarri-bilbao","tag-residencia-txurdinagabarri","linea-asistencial-4-persona-mayor","entry"],"_links":{"self":[{"href":"https:\/\/ospitalarioakfundazioaeuskadi.org\/es\/wp-json\/wp\/v2\/posts\/23796","targetHints":{"allow":["GET"]}}],"collection":[{"href":"https:\/\/ospitalarioakfundazioaeuskadi.org\/es\/wp-json\/wp\/v2\/posts"}],"about":[{"href":"https:\/\/ospitalarioakfundazioaeuskadi.org\/es\/wp-json\/wp\/v2\/types\/post"}],"author":[{"embeddable":true,"href":"https:\/\/ospitalarioakfundazioaeuskadi.org\/es\/wp-json\/wp\/v2\/users\/1"}],"replies":[{"embeddable":true,"href":"https:\/\/ospitalarioakfundazioaeuskadi.org\/es\/wp-json\/wp\/v2\/comments?post=23796"}],"version-history":[{"count":1,"href":"https:\/\/ospitalarioakfundazioaeuskadi.org\/es\/wp-json\/wp\/v2\/posts\/23796\/revisions"}],"predecessor-version":[{"id":54977,"href":"https:\/\/ospitalarioakfundazioaeuskadi.org\/es\/wp-json\/wp\/v2\/posts\/23796\/revisions\/54977"}],"wp:featuredmedia":[{"embeddable":true,"href":"https:\/\/ospitalarioakfundazioaeuskadi.org\/es\/wp-json\/wp\/v2\/media\/6130"}],"wp:attachment":[{"href":"https:\/\/ospitalarioakfundazioaeuskadi.org\/es\/wp-json\/wp\/v2\/media?parent=23796"}],"wp:term":[{"taxonomy":"category","embeddable":true,"href":"https:\/\/ospitalarioakfundazioaeuskadi.org\/es\/wp-json\/wp\/v2\/categories?post=23796"},{"taxonomy":"post_tag","embeddable":true,"href":"https:\/\/ospitalarioakfundazioaeuskadi.org\/es\/wp-json\/wp\/v2\/tags?post=23796"},{"taxonomy":"linea-asistencial","embeddable":true,"href":"https:\/\/ospitalarioakfundazioaeuskadi.org\/es\/wp-json\/wp\/v2\/linea-asistencial?post=23796"}],"curies":[{"name":"wp","href":"https:\/\/api.w.org\/{rel}","templated":true}]}}