{"id":23803,"date":"2019-02-24T00:00:00","date_gmt":"2019-02-24T00:00:00","guid":{"rendered":"http:\/\/194.35.43.170\/~aitamenninueva\/participamos-en-una-ruta-de-red-de-caminantes\/"},"modified":"2022-11-20T08:25:12","modified_gmt":"2022-11-20T08:25:12","slug":"participamos-en-una-ruta-de-red-de-caminantes","status":"publish","type":"post","link":"https:\/\/ospitalarioakfundazioaeuskadi.org\/es\/participamos-en-una-ruta-de-red-de-caminantes\/","title":{"rendered":"Participamos en una ruta de \u00abRed de Caminantes\u00bb"},"content":{"rendered":"<p>Un grupo de la <a href=\"https:\/\/ospitalarioakfundazioaeuskadi.org\/es\/centro\/residencia-mayores-bilbao-txurdinagabarri\/\">Residencia de mayores Txurdinagabarri<\/a> tomamos parte el pasado d\u00eda 21 en una de las rutas del <strong>programa \u00abRed de Caminantes\u00bb<\/strong> que organiza el Ayuntamiento de Bilbao.<br \/>\n<!--more--><br \/>\n\u00abRed de Caminantes\u00bb es un programa del \u00c1rea de Salud y Consumo del Ayuntamiento, que viene desarroll\u00e1ndose desde hace ya bastantes a\u00f1os y que trata de promover la formaci\u00f3n de grupos de personas para que hagan caminatas por los parques y zonas verdes de todos los distritos de la Villa.<\/p>\n<p>Esta actividad se organiza los d\u00edas laborables por la ma\u00f1ana, y aprovechando que en esta ocasi\u00f3n la ruta transcurr\u00eda por las cercan\u00edas de la Residencia, un grupo de Txurdinagabarri aprovechamos el buen tiempo para salir a caminar con las personas participantes ese d\u00eda. El recorrido inclu\u00eda el Parque Europa, donde pudimos ver a los patos y reponer fuerzas picando algo y bebiendo un zumo.<\/p>\n<p>Adem\u00e1s de conocer a personas que toman parte habitualmente en estas rutas a pie, pudimos hacer algo de ejercicio al aire libre y tomar un poco el sol.<\/p>\n<p>Lo pasamos tan bien, que ya estamos pensando en apuntarnos a las caminatas por otras zonas de Bilbao.<\/p>\n<p>&nbsp;<\/p>\n<p><a href=\"https:\/\/www.personamayor.org\/wp-content\/uploads\/residencia-mayores-bilbao-caminantes-5.jpg\" rel=\"nofollow noopener\" target=\"_blank\"><img loading=\"lazy\" decoding=\"async\" class=\"alignnone size-thumbnail wp-image-18547\" src=\"https:\/\/www.ospitalarioakfundazioaeuskadi.org\/wp-content\/uploads\/2021\/09\/residencia-mayores-bilbao-caminantes-5-150x150-1.jpg\" alt=\"Caminando por los alrededores de la Residencia de mayores Txurdinagabarri\" width=\"150\" height=\"150\" title=\"\"><\/a> <a href=\"https:\/\/www.personamayor.org\/wp-content\/uploads\/residencia-mayores-bilbao-caminantes-4.jpg\" rel=\"nofollow noopener\" target=\"_blank\"><img loading=\"lazy\" decoding=\"async\" class=\"alignnone size-thumbnail wp-image-18545\" src=\"https:\/\/www.ospitalarioakfundazioaeuskadi.org\/wp-content\/uploads\/2021\/09\/residencia-mayores-bilbao-caminantes-4-150x150-1.jpg\" alt=\"Caminando por los alrededores de la Residencia de mayores Txurdinagabarri\" width=\"150\" height=\"150\" title=\"\"><\/a> <a href=\"https:\/\/www.personamayor.org\/wp-content\/uploads\/residencia-mayores-bilbao-caminantes-3.jpg\" rel=\"nofollow noopener\" target=\"_blank\"><img loading=\"lazy\" decoding=\"async\" class=\"alignnone size-thumbnail wp-image-18543\" src=\"https:\/\/www.ospitalarioakfundazioaeuskadi.org\/wp-content\/uploads\/2021\/09\/residencia-mayores-bilbao-caminantes-3-150x150-1.jpg\" alt=\"Caminando por los alrededores de la Residencia de mayores Txurdinagabarri\" width=\"150\" height=\"150\" title=\"\"><\/a> <a href=\"https:\/\/www.personamayor.org\/wp-content\/uploads\/residencia-mayores-bilbao-caminantes-1.jpg\" rel=\"nofollow noopener\" target=\"_blank\"><img loading=\"lazy\" decoding=\"async\" class=\"alignnone size-thumbnail wp-image-18539\" src=\"https:\/\/www.ospitalarioakfundazioaeuskadi.org\/wp-content\/uploads\/2021\/09\/residencia-mayores-bilbao-caminantes-1-150x150-1.jpg\" alt=\"Caminando por los alrededores de la Residencia de mayores Txurdinagabarri\" width=\"150\" height=\"150\" title=\"\"><\/a><\/p>\n","protected":false},"excerpt":{"rendered":"<p>Un grupo de la <a href=\"https:\/\/ospitalarioakfundazioaeuskadi.org\/es\/centro\/residencia-mayores-bilbao-txurdinagabarri\/\">Residencia de mayores Txurdinagabarri<\/a> tomamos parte el pasado d\u00eda 21 en una de las rutas del <strong>programa \u00abRed de Caminantes\u00bb<\/strong> que organiza el Ayuntamiento de Bilbao.<\/p>\n<div class=\"link-more\"><a href=\"https:\/\/ospitalarioakfundazioaeuskadi.org\/es\/participamos-en-una-ruta-de-red-de-caminantes\/#more-23803\" class=\"more-link\">Seguir leyendo<span class=\"screen-reader-text\"> &ldquo;Participamos en una ruta de \u00abRed de Caminantes\u00bb&rdquo;<\/span>&hellip;<\/a><\/div>\n","protected":false},"author":1,"featured_media":6249,"comment_status":"closed","ping_status":"closed","sticky":false,"template":"","format":"standard","meta":{"footnotes":""},"categories":[646,648],"tags":[702],"linea-asistencial":[980],"class_list":["post-23803","post","type-post","status-publish","format-standard","has-post-thumbnail","hentry","category-aita-menni","category-residencia-txurdinagabarri-bilbao","tag-residencia-txurdinagabarri","linea-asistencial-4-persona-mayor","entry"],"_links":{"self":[{"href":"https:\/\/ospitalarioakfundazioaeuskadi.org\/es\/wp-json\/wp\/v2\/posts\/23803","targetHints":{"allow":["GET"]}}],"collection":[{"href":"https:\/\/ospitalarioakfundazioaeuskadi.org\/es\/wp-json\/wp\/v2\/posts"}],"about":[{"href":"https:\/\/ospitalarioakfundazioaeuskadi.org\/es\/wp-json\/wp\/v2\/types\/post"}],"author":[{"embeddable":true,"href":"https:\/\/ospitalarioakfundazioaeuskadi.org\/es\/wp-json\/wp\/v2\/users\/1"}],"replies":[{"embeddable":true,"href":"https:\/\/ospitalarioakfundazioaeuskadi.org\/es\/wp-json\/wp\/v2\/comments?post=23803"}],"version-history":[{"count":1,"href":"https:\/\/ospitalarioakfundazioaeuskadi.org\/es\/wp-json\/wp\/v2\/posts\/23803\/revisions"}],"predecessor-version":[{"id":54971,"href":"https:\/\/ospitalarioakfundazioaeuskadi.org\/es\/wp-json\/wp\/v2\/posts\/23803\/revisions\/54971"}],"wp:featuredmedia":[{"embeddable":true,"href":"https:\/\/ospitalarioakfundazioaeuskadi.org\/es\/wp-json\/wp\/v2\/media\/6249"}],"wp:attachment":[{"href":"https:\/\/ospitalarioakfundazioaeuskadi.org\/es\/wp-json\/wp\/v2\/media?parent=23803"}],"wp:term":[{"taxonomy":"category","embeddable":true,"href":"https:\/\/ospitalarioakfundazioaeuskadi.org\/es\/wp-json\/wp\/v2\/categories?post=23803"},{"taxonomy":"post_tag","embeddable":true,"href":"https:\/\/ospitalarioakfundazioaeuskadi.org\/es\/wp-json\/wp\/v2\/tags?post=23803"},{"taxonomy":"linea-asistencial","embeddable":true,"href":"https:\/\/ospitalarioakfundazioaeuskadi.org\/es\/wp-json\/wp\/v2\/linea-asistencial?post=23803"}],"curies":[{"name":"wp","href":"https:\/\/api.w.org\/{rel}","templated":true}]}}