{"id":23821,"date":"2019-05-16T00:00:00","date_gmt":"2019-05-16T00:00:00","guid":{"rendered":"http:\/\/194.35.43.170\/~aitamenninueva\/residencia-ancianos-txurdinagabarri-feria-abril\/"},"modified":"2022-10-25T11:49:25","modified_gmt":"2022-10-25T11:49:25","slug":"residencia-ancianos-txurdinagabarri-feria-abril","status":"publish","type":"post","link":"https:\/\/ospitalarioakfundazioaeuskadi.org\/es\/residencia-ancianos-txurdinagabarri-feria-abril\/","title":{"rendered":"Por sevillanas en la Feria de Abril de la Residencia Txurdinagabarri"},"content":{"rendered":"<p>Con un poco de adelanto, el 29 de abril celebramos en la <a href=\"https:\/\/ospitalarioakfundazioaeuskadi.org\/es\/centro\/residencia-mayores-bilbao-txurdinagabarri\/\">Residencia de personas mayores Txurdinagabarri<\/a> la <strong>Feria de Abril<\/strong>, que este a\u00f1o se celebra en Sevilla a comienzos de mayo.<\/p>\n<p><!--more-->Como hac\u00eda muy buen tiempo, celebramos la fiesta en la terraza de la azotea. Durante los d\u00edas anteriores estuvimos haciendo farolillos y flores de papel en los talleres de manualidades, y con ellos decoramos la azotea. Tambi\u00e9n hicimos sombreros cordobeses adornados con una flor, que nos pusimos.<\/p>\n<p>Adem\u00e1s, ten\u00edamos nuestras casetas particulares con comida t\u00edpica de Andaluc\u00eda, como salmorejo, jam\u00f3n serrano, aceitunas y queso. El salmorejo nos gust\u00f3 tanto, que una semana despu\u00e9s decidimos hacerlo en el taller de cocina, \u00a1y nos qued\u00f3 riqu\u00edsimo!<\/p>\n<p>A la fiesta acudieron tambi\u00e9n las familias, y hubo incluso una familiar que vino con su vestido de flamenca y bail\u00f3 varias sevillanas.<\/p>\n<p>&nbsp;<\/p>\n<p><a href=\"https:\/\/www.personamayor.org\/wp-content\/uploads\/residencia-mayores-bilbao-feria-abril-9.jpg\" rel=\"nofollow noopener\" target=\"_blank\"><img loading=\"lazy\" decoding=\"async\" class=\"alignnone size-thumbnail wp-image-19037\" src=\"https:\/\/www.ospitalarioakfundazioaeuskadi.org\/wp-content\/uploads\/2021\/09\/residencia-mayores-bilbao-feria-abril-7-1-150x150-1.jpg\" alt=\"Feria de Abril en la Residencia de mayores Txurdinagabarri\" width=\"150\" height=\"150\" title=\"\"><\/a> <a href=\"https:\/\/www.personamayor.org\/wp-content\/uploads\/residencia-mayores-bilbao-feria-abril-5.jpg\" rel=\"nofollow noopener\" target=\"_blank\"><img loading=\"lazy\" decoding=\"async\" class=\"alignnone size-thumbnail wp-image-19029\" src=\"https:\/\/www.ospitalarioakfundazioaeuskadi.org\/wp-content\/uploads\/2021\/09\/residencia-mayores-bilbao-feria-abril-4-1-150x150-1.jpg\" alt=\"Feria de Abril en la Residencia de mayores Txurdinagabarri\" width=\"150\" height=\"150\" title=\"\"><\/a> <a href=\"https:\/\/www.personamayor.org\/wp-content\/uploads\/residencia-mayores-bilbao-feria-abril-4.jpg\" rel=\"nofollow noopener\" target=\"_blank\"><img loading=\"lazy\" decoding=\"async\" class=\"alignnone size-thumbnail wp-image-19027\" src=\"https:\/\/www.ospitalarioakfundazioaeuskadi.org\/wp-content\/uploads\/2021\/09\/residencia-mayores-bilbao-feria-abril-3-1-150x150-1.jpg\" alt=\"Feria de Abril en la Residencia de mayores Txurdinagabarri\" width=\"150\" height=\"150\" title=\"\"><\/a> <a href=\"https:\/\/www.personamayor.org\/wp-content\/uploads\/residencia-mayores-bilbao-feria-abril-3.jpg\" rel=\"nofollow noopener\" target=\"_blank\"><img loading=\"lazy\" decoding=\"async\" class=\"alignnone size-thumbnail wp-image-19025\" src=\"https:\/\/www.ospitalarioakfundazioaeuskadi.org\/wp-content\/uploads\/2021\/09\/residencia-mayores-bilbao-feria-abril-2-1-150x150-1.jpg\" alt=\"Feria de Abril en la Residencia de mayores Txurdinagabarri\" width=\"150\" height=\"150\" title=\"\"><\/a> <a href=\"https:\/\/www.personamayor.org\/wp-content\/uploads\/residencia-mayores-bilbao-feria-abril-2.jpg\" rel=\"nofollow noopener\" target=\"_blank\"><img loading=\"lazy\" decoding=\"async\" class=\"alignnone size-thumbnail wp-image-19023\" src=\"https:\/\/www.ospitalarioakfundazioaeuskadi.org\/wp-content\/uploads\/2021\/09\/residencia-mayores-bilbao-feria-abril-1-1-150x150-1.jpg\" alt=\"Feria de Abril en la Residencia de mayores Txurdinagabarri\" width=\"150\" height=\"150\" title=\"\"><\/a> <a href=\"https:\/\/www.personamayor.org\/wp-content\/uploads\/residencia-mayores-bilbao-feria-abril-1.jpg\" rel=\"nofollow noopener\" target=\"_blank\"><img loading=\"lazy\" decoding=\"async\" class=\"alignnone size-thumbnail wp-image-19021\" src=\"https:\/\/www.ospitalarioakfundazioaeuskadi.org\/wp-content\/uploads\/2021\/09\/residencia-mayores-bilbao-feria-abril-1-150x150-1.jpg\" alt=\"Feria de Abril en la Residencia de mayores Txurdinagabarri\" width=\"150\" height=\"150\" title=\"\"><\/a><\/p>\n","protected":false},"excerpt":{"rendered":"<p>Con un poco de adelanto, el 29 de abril celebramos en la <a href=\"https:\/\/ospitalarioakfundazioaeuskadi.org\/es\/centro\/residencia-mayores-bilbao-txurdinagabarri\/\">Residencia de personas mayores Txurdinagabarri<\/a> la <strong>Feria de Abril<\/strong>, que este a\u00f1o se celebra en Sevilla a comienzos de mayo.<\/p>\n<div class=\"link-more\"><a href=\"https:\/\/ospitalarioakfundazioaeuskadi.org\/es\/residencia-ancianos-txurdinagabarri-feria-abril\/#more-23821\" class=\"more-link\">Seguir leyendo<span class=\"screen-reader-text\"> &ldquo;Por sevillanas en la Feria de Abril de la Residencia Txurdinagabarri&rdquo;<\/span>&hellip;<\/a><\/div>\n","protected":false},"author":1,"featured_media":6596,"comment_status":"closed","ping_status":"closed","sticky":false,"template":"","format":"standard","meta":{"footnotes":""},"categories":[648],"tags":[],"linea-asistencial":[980],"class_list":["post-23821","post","type-post","status-publish","format-standard","has-post-thumbnail","hentry","category-residencia-txurdinagabarri-bilbao","linea-asistencial-4-persona-mayor","entry"],"_links":{"self":[{"href":"https:\/\/ospitalarioakfundazioaeuskadi.org\/es\/wp-json\/wp\/v2\/posts\/23821","targetHints":{"allow":["GET"]}}],"collection":[{"href":"https:\/\/ospitalarioakfundazioaeuskadi.org\/es\/wp-json\/wp\/v2\/posts"}],"about":[{"href":"https:\/\/ospitalarioakfundazioaeuskadi.org\/es\/wp-json\/wp\/v2\/types\/post"}],"author":[{"embeddable":true,"href":"https:\/\/ospitalarioakfundazioaeuskadi.org\/es\/wp-json\/wp\/v2\/users\/1"}],"replies":[{"embeddable":true,"href":"https:\/\/ospitalarioakfundazioaeuskadi.org\/es\/wp-json\/wp\/v2\/comments?post=23821"}],"version-history":[{"count":1,"href":"https:\/\/ospitalarioakfundazioaeuskadi.org\/es\/wp-json\/wp\/v2\/posts\/23821\/revisions"}],"predecessor-version":[{"id":54950,"href":"https:\/\/ospitalarioakfundazioaeuskadi.org\/es\/wp-json\/wp\/v2\/posts\/23821\/revisions\/54950"}],"wp:featuredmedia":[{"embeddable":true,"href":"https:\/\/ospitalarioakfundazioaeuskadi.org\/es\/wp-json\/wp\/v2\/media\/6596"}],"wp:attachment":[{"href":"https:\/\/ospitalarioakfundazioaeuskadi.org\/es\/wp-json\/wp\/v2\/media?parent=23821"}],"wp:term":[{"taxonomy":"category","embeddable":true,"href":"https:\/\/ospitalarioakfundazioaeuskadi.org\/es\/wp-json\/wp\/v2\/categories?post=23821"},{"taxonomy":"post_tag","embeddable":true,"href":"https:\/\/ospitalarioakfundazioaeuskadi.org\/es\/wp-json\/wp\/v2\/tags?post=23821"},{"taxonomy":"linea-asistencial","embeddable":true,"href":"https:\/\/ospitalarioakfundazioaeuskadi.org\/es\/wp-json\/wp\/v2\/linea-asistencial?post=23821"}],"curies":[{"name":"wp","href":"https:\/\/api.w.org\/{rel}","templated":true}]}}