{"id":23834,"date":"2019-08-05T00:00:00","date_gmt":"2019-08-05T00:00:00","guid":{"rendered":"http:\/\/194.35.43.170\/~aitamenninueva\/el-fomento-del-euskera-en-residencias-de-aita-menni-recibe-el-reconocimiento-del-gobierno-vasco\/"},"modified":"2022-10-25T11:49:20","modified_gmt":"2022-10-25T11:49:20","slug":"el-fomento-del-euskera-en-residencias-de-aita-menni-recibe-el-reconocimiento-del-gobierno-vasco","status":"publish","type":"post","link":"https:\/\/ospitalarioakfundazioaeuskadi.org\/es\/el-fomento-del-euskera-en-residencias-de-aita-menni-recibe-el-reconocimiento-del-gobierno-vasco\/","title":{"rendered":"El fomento del euskera en residencias de Aita Menni recibe el reconocimiento del Gobierno Vasco"},"content":{"rendered":"<p>Medio centenar de trabajadoras de tres residencias de personas mayores de Aita Menni recibieron el pasado d\u00eda 29 de julio el reconocimiento del Gobierno vasco por su <strong>esfuerzo en la mejora de su nivel de euskera<\/strong> y en la utilizaci\u00f3n de la lengua con las personas a las que atienden.<\/p>\n<p><!--more--><\/p>\n<p>Un total de <strong>116 gerocultoras<\/strong> de residencias han tomado parte en una iniciativa destinada a mejorar la asistencia en centros de mayores de Gipuzkoa, enfocada a garantizar que las personas residentes que desean utilizar el euskera puedan hacerlo. Para ello, las cuidadoras han asistido a clases y se han presentado al <strong>examen de HABE del nivel B2<\/strong>, examen que ha aprobado el 82% de ellas. Del total de trabajadoras que han hecho el examen, 46 pertenec\u00edan a centros gestionados por Aita Menni: 8 de la Residencia Santiago de Villabona, 24 de la Residencia Iturbide de Arrasate y 14 de la Residencia San Mart\u00edn de O\u00f1ate.<\/p>\n<p>El pasado lunes 29 de julio, en un acto celebrado en el Palacio de Aiete de San Sebasti\u00e1n, el consejero de Cultura y Pol\u00edtica Ling\u00fc\u00edstica, Bingen Zupiria, y la diputada foral de Asuntos Sociales, Maite Pe\u00f1a, agradecieron su esfuerzo a las participantes en la iniciativa, a quienes entregaron los diplomas que acreditan su conocimiento de la lengua.<\/p>\n<p>Por parte de las trabajadoras de Aita Menni, fue Nieves Altuna, responsable de auxiliares de enfermer\u00eda de la Residencia Iturbide, la encargada de explicar c\u00f3mo se hab\u00eda desarrollado la experiencia en nuestros centros y c\u00f3mo el examen del nivel B2 ha sido un acicate para que quienes ten\u00edan ya conocimientos de euskera hayan tomado conciencia del beneficio que supone para las y los residentes disponer de la posibilidad de relacionarse en euskera con quienes se encargan de su atenci\u00f3n.<\/p>\n","protected":false},"excerpt":{"rendered":"<p>Medio centenar de trabajadoras de tres residencias de personas mayores de Aita Menni recibieron el pasado d\u00eda 29 de julio el reconocimiento del Gobierno vasco por su <strong>esfuerzo en la mejora de su nivel de euskera<\/strong> y en la utilizaci\u00f3n de la lengua con las personas a las que atienden.<\/p>\n<div class=\"link-more\"><a href=\"https:\/\/ospitalarioakfundazioaeuskadi.org\/es\/el-fomento-del-euskera-en-residencias-de-aita-menni-recibe-el-reconocimiento-del-gobierno-vasco\/#more-23834\" class=\"more-link\">Seguir leyendo<span class=\"screen-reader-text\"> &ldquo;El fomento del euskera en residencias de Aita Menni recibe el reconocimiento del Gobierno Vasco&rdquo;<\/span>&hellip;<\/a><\/div>\n","protected":false},"author":1,"featured_media":6722,"comment_status":"closed","ping_status":"closed","sticky":false,"template":"","format":"standard","meta":{"footnotes":""},"categories":[646,647,1037],"tags":[708,824],"linea-asistencial":[980],"class_list":["post-23834","post","type-post","status-publish","format-standard","has-post-thumbnail","hentry","category-aita-menni","category-persona-mayor","category-euskera","tag-aita-menni","tag-euskera","linea-asistencial-4-persona-mayor","entry"],"_links":{"self":[{"href":"https:\/\/ospitalarioakfundazioaeuskadi.org\/es\/wp-json\/wp\/v2\/posts\/23834","targetHints":{"allow":["GET"]}}],"collection":[{"href":"https:\/\/ospitalarioakfundazioaeuskadi.org\/es\/wp-json\/wp\/v2\/posts"}],"about":[{"href":"https:\/\/ospitalarioakfundazioaeuskadi.org\/es\/wp-json\/wp\/v2\/types\/post"}],"author":[{"embeddable":true,"href":"https:\/\/ospitalarioakfundazioaeuskadi.org\/es\/wp-json\/wp\/v2\/users\/1"}],"replies":[{"embeddable":true,"href":"https:\/\/ospitalarioakfundazioaeuskadi.org\/es\/wp-json\/wp\/v2\/comments?post=23834"}],"version-history":[{"count":1,"href":"https:\/\/ospitalarioakfundazioaeuskadi.org\/es\/wp-json\/wp\/v2\/posts\/23834\/revisions"}],"predecessor-version":[{"id":40829,"href":"https:\/\/ospitalarioakfundazioaeuskadi.org\/es\/wp-json\/wp\/v2\/posts\/23834\/revisions\/40829"}],"wp:featuredmedia":[{"embeddable":true,"href":"https:\/\/ospitalarioakfundazioaeuskadi.org\/es\/wp-json\/wp\/v2\/media\/6722"}],"wp:attachment":[{"href":"https:\/\/ospitalarioakfundazioaeuskadi.org\/es\/wp-json\/wp\/v2\/media?parent=23834"}],"wp:term":[{"taxonomy":"category","embeddable":true,"href":"https:\/\/ospitalarioakfundazioaeuskadi.org\/es\/wp-json\/wp\/v2\/categories?post=23834"},{"taxonomy":"post_tag","embeddable":true,"href":"https:\/\/ospitalarioakfundazioaeuskadi.org\/es\/wp-json\/wp\/v2\/tags?post=23834"},{"taxonomy":"linea-asistencial","embeddable":true,"href":"https:\/\/ospitalarioakfundazioaeuskadi.org\/es\/wp-json\/wp\/v2\/linea-asistencial?post=23834"}],"curies":[{"name":"wp","href":"https:\/\/api.w.org\/{rel}","templated":true}]}}