{"id":23836,"date":"2019-09-03T00:00:00","date_gmt":"2019-09-03T00:00:00","guid":{"rendered":"http:\/\/194.35.43.170\/~aitamenninueva\/terrazas-residencia-mayores-durango\/"},"modified":"2022-10-25T11:49:19","modified_gmt":"2022-10-25T11:49:19","slug":"terrazas-residencia-mayores-durango","status":"publish","type":"post","link":"https:\/\/ospitalarioakfundazioaeuskadi.org\/es\/terrazas-residencia-mayores-durango\/","title":{"rendered":"De terrazas por Durango y alrededores"},"content":{"rendered":"<p>El buen tiempo del verano nos anima en la Residencia Barandiaran a salir a la calle. <a href=\"https:\/\/ospitalarioakfundazioaeuskadi.org\/es\/residencia-ancianos-bilbao-cumpleanos-8-239x179\/\">Adem\u00e1s de ir a la playa<\/a>, nos gusta tambi\u00e9n hacer <strong>peque\u00f1as excursiones cerca de Durango<\/strong>.<\/p>\n<p><!--more--><\/p>\n<p>Uno de los sitios elegidos suele ser Ere\u00f1a, en Berriz, donde podemos disfrutar de un paisaje precioso mientras tomamos algo. Vamos all\u00ed por la ma\u00f1ana, antes de comer, y pasamos un rato estupendo en buena compa\u00f1\u00eda.<\/p>\n<p><a href=\"https:\/\/www.personamayor.org\/wp-content\/uploads\/residencia-ancianos-durango-barandiaran-terrazas-1.jpg\" rel=\"nofollow noopener\" target=\"_blank\"><img loading=\"lazy\" decoding=\"async\" class=\"alignnone size-medium wp-image-19367\" src=\"https:\/\/www.ospitalarioakfundazioaeuskadi.org\/wp-content\/uploads\/2021\/09\/residencia-ancianos-durango-barandiaran-terrazas-1-258x179-1.jpg\" alt=\"Salidas veraniegas de la Residencia de mayores Barandiaran de Durango\" width=\"258\" height=\"179\" title=\"\"><\/a> <a href=\"https:\/\/www.personamayor.org\/wp-content\/uploads\/residencia-ancianos-durango-barandiaran-terrazas-2.jpg\" rel=\"nofollow noopener\" target=\"_blank\"><img loading=\"lazy\" decoding=\"async\" class=\"alignnone size-medium wp-image-19369\" src=\"https:\/\/www.ospitalarioakfundazioaeuskadi.org\/wp-content\/uploads\/2021\/09\/residencia-ancianos-durango-barandiaran-terrazas-2-239x179-1.jpg\" alt=\"Salidas veraniegas de la Residencia de mayores Barandiaran de Durango\" width=\"239\" height=\"179\" title=\"\"><\/a> <a href=\"https:\/\/www.personamayor.org\/wp-content\/uploads\/residencia-ancianos-durango-barandiaran-terrazas-4.jpg\" rel=\"nofollow noopener\" target=\"_blank\"><img loading=\"lazy\" decoding=\"async\" class=\"alignnone size-medium wp-image-19373\" src=\"https:\/\/www.ospitalarioakfundazioaeuskadi.org\/wp-content\/uploads\/2021\/09\/residencia-ancianos-durango-barandiaran-terrazas-4-268x179-1.jpg\" alt=\"Salidas veraniegas de la Residencia de mayores Barandiaran de Durango\" width=\"268\" height=\"179\" title=\"\"><\/a> <a href=\"https:\/\/www.personamayor.org\/wp-content\/uploads\/residencia-ancianos-durango-barandiaran-terrazas-5.jpg\" rel=\"nofollow noopener\" target=\"_blank\"><img loading=\"lazy\" decoding=\"async\" class=\"alignnone size-medium wp-image-19375\" src=\"https:\/\/www.ospitalarioakfundazioaeuskadi.org\/wp-content\/uploads\/2021\/09\/residencia-ancianos-durango-barandiaran-terrazas-5-268x179-1.jpg\" alt=\"Salidas veraniegas de la Residencia de mayores Barandiaran de Durango\" width=\"268\" height=\"179\" title=\"\"><\/a><\/p>\n<p>En otras ocasiones, preferimos no desplazarnos y simplemente salimos a tomar algo en alguna terraza en los alrededores de la Residencia. En cualquier caso, \u00a1siempre es agradable!<\/p>\n<p><a href=\"https:\/\/www.personamayor.org\/wp-content\/uploads\/residencia-ancianos-durango-barandiaran-terrazas-6.jpg\" rel=\"nofollow noopener\" target=\"_blank\"><img loading=\"lazy\" decoding=\"async\" class=\"alignnone size-medium wp-image-19377\" src=\"https:\/\/www.ospitalarioakfundazioaeuskadi.org\/wp-content\/uploads\/2021\/09\/residencia-ancianos-durango-barandiaran-terrazas-6-268x179-1.jpg\" alt=\"Salidas veraniegas de la Residencia de mayores Barandiaran de Durango\" width=\"268\" height=\"179\" title=\"\"><\/a><\/p>\n<p>&nbsp;<\/p>\n","protected":false},"excerpt":{"rendered":"<p>El buen tiempo del verano nos anima en la Residencia Barandiaran a salir a la calle. <a href=\"https:\/\/ospitalarioakfundazioaeuskadi.org\/es\/residencia-ancianos-bilbao-cumpleanos-8-239x179\/\">Adem\u00e1s de ir a la playa<\/a>, nos gusta tambi\u00e9n hacer <strong>peque\u00f1as excursiones cerca de Durango<\/strong>.<\/p>\n<div class=\"link-more\"><a href=\"https:\/\/ospitalarioakfundazioaeuskadi.org\/es\/terrazas-residencia-mayores-durango\/#more-23836\" class=\"more-link\">Seguir leyendo<span class=\"screen-reader-text\"> &ldquo;De terrazas por Durango y alrededores&rdquo;<\/span>&hellip;<\/a><\/div>\n","protected":false},"author":1,"featured_media":6784,"comment_status":"closed","ping_status":"closed","sticky":false,"template":"","format":"standard","meta":{"footnotes":""},"categories":[650],"tags":[728],"linea-asistencial":[980],"class_list":["post-23836","post","type-post","status-publish","format-standard","has-post-thumbnail","hentry","category-residencia-joxe-miel-barandiaran-durango","tag-residencia-joxe-miel-barandiaran","linea-asistencial-4-persona-mayor","entry"],"_links":{"self":[{"href":"https:\/\/ospitalarioakfundazioaeuskadi.org\/es\/wp-json\/wp\/v2\/posts\/23836","targetHints":{"allow":["GET"]}}],"collection":[{"href":"https:\/\/ospitalarioakfundazioaeuskadi.org\/es\/wp-json\/wp\/v2\/posts"}],"about":[{"href":"https:\/\/ospitalarioakfundazioaeuskadi.org\/es\/wp-json\/wp\/v2\/types\/post"}],"author":[{"embeddable":true,"href":"https:\/\/ospitalarioakfundazioaeuskadi.org\/es\/wp-json\/wp\/v2\/users\/1"}],"replies":[{"embeddable":true,"href":"https:\/\/ospitalarioakfundazioaeuskadi.org\/es\/wp-json\/wp\/v2\/comments?post=23836"}],"version-history":[{"count":1,"href":"https:\/\/ospitalarioakfundazioaeuskadi.org\/es\/wp-json\/wp\/v2\/posts\/23836\/revisions"}],"predecessor-version":[{"id":54935,"href":"https:\/\/ospitalarioakfundazioaeuskadi.org\/es\/wp-json\/wp\/v2\/posts\/23836\/revisions\/54935"}],"wp:featuredmedia":[{"embeddable":true,"href":"https:\/\/ospitalarioakfundazioaeuskadi.org\/es\/wp-json\/wp\/v2\/media\/6784"}],"wp:attachment":[{"href":"https:\/\/ospitalarioakfundazioaeuskadi.org\/es\/wp-json\/wp\/v2\/media?parent=23836"}],"wp:term":[{"taxonomy":"category","embeddable":true,"href":"https:\/\/ospitalarioakfundazioaeuskadi.org\/es\/wp-json\/wp\/v2\/categories?post=23836"},{"taxonomy":"post_tag","embeddable":true,"href":"https:\/\/ospitalarioakfundazioaeuskadi.org\/es\/wp-json\/wp\/v2\/tags?post=23836"},{"taxonomy":"linea-asistencial","embeddable":true,"href":"https:\/\/ospitalarioakfundazioaeuskadi.org\/es\/wp-json\/wp\/v2\/linea-asistencial?post=23836"}],"curies":[{"name":"wp","href":"https:\/\/api.w.org\/{rel}","templated":true}]}}