{"id":23847,"date":"2019-10-30T00:00:00","date_gmt":"2019-10-30T00:00:00","guid":{"rendered":"http:\/\/194.35.43.170\/~aitamenninueva\/el-taller-de-reminiscencia-de-la-residencia-san-martin-con-la-real-en-zubieta\/"},"modified":"2022-10-25T11:49:11","modified_gmt":"2022-10-25T11:49:11","slug":"el-taller-de-reminiscencia-de-la-residencia-san-martin-con-la-real-en-zubieta","status":"publish","type":"post","link":"https:\/\/ospitalarioakfundazioaeuskadi.org\/es\/el-taller-de-reminiscencia-de-la-residencia-san-martin-con-la-real-en-zubieta\/","title":{"rendered":"El Taller de Reminiscencia de la Residencia San Mart\u00edn, con la Real en Zubieta"},"content":{"rendered":"<p>El grupo del <a href=\"https:\/\/ospitalarioakfundazioaeuskadi.org\/es\/todos-santos-2020-58-134x179\/\">Taller de Reminiscencia basada en el F\u00fatbol<\/a> de la <a href=\"https:\/\/ospitalarioakfundazioaeuskadi.org\/es\/?attachment_id=19551\">Residencia San Mart\u00edn de O\u00f1ate<\/a> visit\u00f3 el pasado d\u00eda 23 de octubre las instalaciones de la <strong>Real Sociedad<\/strong> en Zubieta.<\/p>\n<p><!--more-->El grupo, al que acompa\u00f1aban familiares y personal del centro, fue recibido por el ex jugador txuriurdin y presidente de la Asociaci\u00f3n de Veteranos de la Real,\u00a0<strong>Alberto\u00a0<\/strong>\u201c<strong>Bixo\u201d G\u00f3rriz,\u00a0<\/strong>y por el ex jugador y dinamizador de los talleres de reminiscencia,\u00a0<strong>Michel Loinaz<\/strong>. Con ambos, visitaron las instalaciones y estuvieron viendo el entrenamiento de la plantilla del primer equipo, cuyos integrantes se acercaron a saludar y a hacerse fotos.<\/p>\n<p>Fue una ma\u00f1ana muy especial para el grupo del Taller de Reminiscencia, ma\u00f1ana que compartieron con otras personas mayores de la Residencia Argixao de Zumarraga, centro en el que tambi\u00e9n utilizan la terapia de reminiscencia con el f\u00fatbol como protagonista.<\/p>\n<p>&nbsp;<\/p>\n<p><img loading=\"lazy\" decoding=\"async\" class=\"alignnone size-large wp-image-19757\" src=\"https:\/\/www.ospitalarioakfundazioaeuskadi.org\/wp-content\/uploads\/2021\/09\/residencia-mayores-onati-reminiscencia-futbol-zubieta-1-715x402-1.jpg\" alt=\"El Taller de Reminiscencia basada en el F\u00fatbol de la Residencia San Mart\u00edn de O\u00f1ate visita Zubieta\" width=\"550\" height=\"309\" title=\"\"><\/p>\n","protected":false},"excerpt":{"rendered":"<p>El grupo del <a href=\"https:\/\/ospitalarioakfundazioaeuskadi.org\/es\/todos-santos-2020-58-134x179\/\">Taller de Reminiscencia basada en el F\u00fatbol<\/a> de la <a href=\"https:\/\/ospitalarioakfundazioaeuskadi.org\/es\/?attachment_id=19551\">Residencia San Mart\u00edn de O\u00f1ate<\/a> visit\u00f3 el pasado d\u00eda 23 de octubre las instalaciones de la <strong>Real Sociedad<\/strong> en Zubieta.<\/p>\n<div class=\"link-more\"><a href=\"https:\/\/ospitalarioakfundazioaeuskadi.org\/es\/el-taller-de-reminiscencia-de-la-residencia-san-martin-con-la-real-en-zubieta\/#more-23847\" class=\"more-link\">Seguir leyendo<span class=\"screen-reader-text\"> &ldquo;El Taller de Reminiscencia de la Residencia San Mart\u00edn, con la Real en Zubieta&rdquo;<\/span>&hellip;<\/a><\/div>\n","protected":false},"author":1,"featured_media":7067,"comment_status":"closed","ping_status":"closed","sticky":false,"template":"","format":"standard","meta":{"footnotes":""},"categories":[646],"tags":[850],"linea-asistencial":[980],"class_list":["post-23847","post","type-post","status-publish","format-standard","has-post-thumbnail","hentry","category-aita-menni","tag-residencia-san-martin","linea-asistencial-4-persona-mayor","entry"],"_links":{"self":[{"href":"https:\/\/ospitalarioakfundazioaeuskadi.org\/es\/wp-json\/wp\/v2\/posts\/23847","targetHints":{"allow":["GET"]}}],"collection":[{"href":"https:\/\/ospitalarioakfundazioaeuskadi.org\/es\/wp-json\/wp\/v2\/posts"}],"about":[{"href":"https:\/\/ospitalarioakfundazioaeuskadi.org\/es\/wp-json\/wp\/v2\/types\/post"}],"author":[{"embeddable":true,"href":"https:\/\/ospitalarioakfundazioaeuskadi.org\/es\/wp-json\/wp\/v2\/users\/1"}],"replies":[{"embeddable":true,"href":"https:\/\/ospitalarioakfundazioaeuskadi.org\/es\/wp-json\/wp\/v2\/comments?post=23847"}],"version-history":[{"count":1,"href":"https:\/\/ospitalarioakfundazioaeuskadi.org\/es\/wp-json\/wp\/v2\/posts\/23847\/revisions"}],"predecessor-version":[{"id":54923,"href":"https:\/\/ospitalarioakfundazioaeuskadi.org\/es\/wp-json\/wp\/v2\/posts\/23847\/revisions\/54923"}],"wp:featuredmedia":[{"embeddable":true,"href":"https:\/\/ospitalarioakfundazioaeuskadi.org\/es\/wp-json\/wp\/v2\/media\/7067"}],"wp:attachment":[{"href":"https:\/\/ospitalarioakfundazioaeuskadi.org\/es\/wp-json\/wp\/v2\/media?parent=23847"}],"wp:term":[{"taxonomy":"category","embeddable":true,"href":"https:\/\/ospitalarioakfundazioaeuskadi.org\/es\/wp-json\/wp\/v2\/categories?post=23847"},{"taxonomy":"post_tag","embeddable":true,"href":"https:\/\/ospitalarioakfundazioaeuskadi.org\/es\/wp-json\/wp\/v2\/tags?post=23847"},{"taxonomy":"linea-asistencial","embeddable":true,"href":"https:\/\/ospitalarioakfundazioaeuskadi.org\/es\/wp-json\/wp\/v2\/linea-asistencial?post=23847"}],"curies":[{"name":"wp","href":"https:\/\/api.w.org\/{rel}","templated":true}]}}