{"id":23850,"date":"2019-12-03T00:00:00","date_gmt":"2019-12-03T00:00:00","guid":{"rendered":"http:\/\/194.35.43.170\/~aitamenninueva\/el-centro-de-dia-de-soraluze-conmemora-el-dia-contra-la-violencia-de-genero\/"},"modified":"2022-10-25T11:49:07","modified_gmt":"2022-10-25T11:49:07","slug":"el-centro-de-dia-de-soraluze-conmemora-el-dia-contra-la-violencia-de-genero","status":"publish","type":"post","link":"https:\/\/ospitalarioakfundazioaeuskadi.org\/es\/el-centro-de-dia-de-soraluze-conmemora-el-dia-contra-la-violencia-de-genero\/","title":{"rendered":"El Centro de D\u00eda de Soraluze conmemora el D\u00eda Contra la Violencia de G\u00e9nero"},"content":{"rendered":"<p>El d\u00eda 25 de noviembre conmemoramos el <strong>D\u00eda Contra la Violencia de G\u00e9nero<\/strong> en el <a href=\"https:\/\/ospitalarioakfundazioaeuskadi.org\/es\/202002-residencia-geriatrica-txurdinagabarri-carnaval-18-134x179\/\">Centro de D\u00eda de personas mayores de Soraluze<\/a>.<\/p>\n<p><!--more-->Con el fin de ponernos en la piel de las mujeres que han sufrido este tipo de violencia, y empatizar con ellas, por la ma\u00f1ana estuvimos leyendo textos en los que las v\u00edctimas narraban sus historias personales y sus testimonios sobre lo ocurrido, sus sentimientos y su visi\u00f3n del problema.<\/p>\n<p>Posteriormente, un grupo de personas usuarias, estuvo cosiendo lazos morados como s\u00edmbolo del D\u00eda Contra la Violencia de G\u00e9nero, y nos los colocamos en la ropa. A continuaci\u00f3n, estuvimos elaborando un cartel en el que denunci\u00e1bamos, mediante diferentes frases, la violencia de g\u00e9nero.<\/p>\n<p>Por \u00faltimo, realizamos un caf\u00e9-tertulia en la que se trat\u00f3 el tema del feminismo, desde la perspectiva de las madres.<\/p>\n<p>Y cerramos el d\u00eda con una sesi\u00f3n fotogr\u00e1fica en apoyo a todas las mujeres que hayan sufrido o est\u00e9n sufriendo situaciones de violencia.<\/p>\n<p>Por ellas.<\/p>\n<p>&nbsp;<\/p>\n","protected":false},"excerpt":{"rendered":"<p>El d\u00eda 25 de noviembre conmemoramos el <strong>D\u00eda Contra la Violencia de G\u00e9nero<\/strong> en el <a href=\"https:\/\/ospitalarioakfundazioaeuskadi.org\/es\/202002-residencia-geriatrica-txurdinagabarri-carnaval-18-134x179\/\">Centro de D\u00eda de personas mayores de Soraluze<\/a>.<\/p>\n<div class=\"link-more\"><a href=\"https:\/\/ospitalarioakfundazioaeuskadi.org\/es\/el-centro-de-dia-de-soraluze-conmemora-el-dia-contra-la-violencia-de-genero\/#more-23850\" class=\"more-link\">Seguir leyendo<span class=\"screen-reader-text\"> &ldquo;El Centro de D\u00eda de Soraluze conmemora el D\u00eda Contra la Violencia de G\u00e9nero&rdquo;<\/span>&hellip;<\/a><\/div>\n","protected":false},"author":1,"featured_media":7098,"comment_status":"closed","ping_status":"closed","sticky":false,"template":"","format":"standard","meta":{"footnotes":""},"categories":[1043,662],"tags":[],"linea-asistencial":[980],"class_list":["post-23850","post","type-post","status-publish","format-standard","has-post-thumbnail","hentry","category-igualdad","category-centro-de-dia-personas-mayores-dependientes-soraluze","linea-asistencial-4-persona-mayor","entry"],"_links":{"self":[{"href":"https:\/\/ospitalarioakfundazioaeuskadi.org\/es\/wp-json\/wp\/v2\/posts\/23850","targetHints":{"allow":["GET"]}}],"collection":[{"href":"https:\/\/ospitalarioakfundazioaeuskadi.org\/es\/wp-json\/wp\/v2\/posts"}],"about":[{"href":"https:\/\/ospitalarioakfundazioaeuskadi.org\/es\/wp-json\/wp\/v2\/types\/post"}],"author":[{"embeddable":true,"href":"https:\/\/ospitalarioakfundazioaeuskadi.org\/es\/wp-json\/wp\/v2\/users\/1"}],"replies":[{"embeddable":true,"href":"https:\/\/ospitalarioakfundazioaeuskadi.org\/es\/wp-json\/wp\/v2\/comments?post=23850"}],"version-history":[{"count":1,"href":"https:\/\/ospitalarioakfundazioaeuskadi.org\/es\/wp-json\/wp\/v2\/posts\/23850\/revisions"}],"predecessor-version":[{"id":41795,"href":"https:\/\/ospitalarioakfundazioaeuskadi.org\/es\/wp-json\/wp\/v2\/posts\/23850\/revisions\/41795"}],"wp:featuredmedia":[{"embeddable":true,"href":"https:\/\/ospitalarioakfundazioaeuskadi.org\/es\/wp-json\/wp\/v2\/media\/7098"}],"wp:attachment":[{"href":"https:\/\/ospitalarioakfundazioaeuskadi.org\/es\/wp-json\/wp\/v2\/media?parent=23850"}],"wp:term":[{"taxonomy":"category","embeddable":true,"href":"https:\/\/ospitalarioakfundazioaeuskadi.org\/es\/wp-json\/wp\/v2\/categories?post=23850"},{"taxonomy":"post_tag","embeddable":true,"href":"https:\/\/ospitalarioakfundazioaeuskadi.org\/es\/wp-json\/wp\/v2\/tags?post=23850"},{"taxonomy":"linea-asistencial","embeddable":true,"href":"https:\/\/ospitalarioakfundazioaeuskadi.org\/es\/wp-json\/wp\/v2\/linea-asistencial?post=23850"}],"curies":[{"name":"wp","href":"https:\/\/api.w.org\/{rel}","templated":true}]}}