{"id":23928,"date":"2021-02-18T00:00:00","date_gmt":"2021-02-18T00:00:00","guid":{"rendered":"http:\/\/194.35.43.170\/~aitamenninueva\/manualidades-del-dia-de-san-valentin\/"},"modified":"2022-10-25T11:41:10","modified_gmt":"2022-10-25T11:41:10","slug":"manualidades-del-dia-de-san-valentin","status":"publish","type":"post","link":"https:\/\/ospitalarioakfundazioaeuskadi.org\/es\/manualidades-del-dia-de-san-valentin\/","title":{"rendered":"Manualidades del D\u00eda de San Valent\u00edn"},"content":{"rendered":"<p>Este a\u00f1o hemos preparado en la <a href=\"https:\/\/ospitalarioakfundazioaeuskadi.org\/es\/centro\/residencia-mayores-bilbao-txurdinagabarri\/\">Residencia Txurdinagabarri<\/a> dos manualidades para conmemorar el <strong>d\u00eda de San Valent\u00edn<\/strong>.<\/p>\n<p><!--more-->Para nuestras familias, preparamos unos saquitos que conten\u00edan caramelos y un mensaje cari\u00f1oso.<\/p>\n<p>Para regalar a nuestras compa\u00f1eras y compa\u00f1eros de las plantas, hicimos unos dibujos y los enrollamos con un coraz\u00f3n con un mensaje personalizado.<\/p>\n<p><a href=\"https:\/\/www.personamayor.org\/wp-content\/uploads\/residencia-txurdinagabarri-san-valentin-2021-1.jpg\" rel=\"nofollow noopener\" target=\"_blank\"><img loading=\"lazy\" decoding=\"async\" class=\"alignnone size-medium wp-image-24916\" src=\"https:\/\/www.ospitalarioakfundazioaeuskadi.org\/wp-content\/uploads\/2021\/09\/residencia-txurdinagabarri-san-valentin-2021-1-134x179-1.jpg\" alt=\"San Valent\u00edn 2021 Residencia Txirdnagabarri\" width=\"134\" height=\"179\" title=\"\"><\/a> <a href=\"https:\/\/www.personamayor.org\/wp-content\/uploads\/residencia-txurdinagabarri-san-valentin-2021-2.jpg\" rel=\"nofollow noopener\" target=\"_blank\"><img loading=\"lazy\" decoding=\"async\" class=\"alignnone size-medium wp-image-24919\" src=\"https:\/\/www.ospitalarioakfundazioaeuskadi.org\/wp-content\/uploads\/2021\/09\/residencia-txurdinagabarri-san-valentin-2021-2-134x179-1.jpg\" alt=\"San Valent\u00edn 2021 Residencia Txirdnagabarri\" width=\"134\" height=\"179\" title=\"\"><\/a> <a href=\"https:\/\/www.personamayor.org\/wp-content\/uploads\/residencia-txurdinagabarri-san-valentin-2021-3.jpg\" rel=\"nofollow noopener\" target=\"_blank\"><img loading=\"lazy\" decoding=\"async\" class=\"alignnone size-medium wp-image-24922\" src=\"https:\/\/www.ospitalarioakfundazioaeuskadi.org\/wp-content\/uploads\/2021\/09\/residencia-txurdinagabarri-san-valentin-2021-3-134x179-1.jpg\" alt=\"San Valent\u00edn 2021 Residencia Txirdnagabarri\" width=\"134\" height=\"179\" title=\"\"><\/a> <a href=\"https:\/\/www.personamayor.org\/wp-content\/uploads\/residencia-txurdinagabarri-san-valentin-2021-4.jpg\" rel=\"nofollow noopener\" target=\"_blank\"><img loading=\"lazy\" decoding=\"async\" class=\"alignnone size-medium wp-image-24925\" src=\"https:\/\/www.ospitalarioakfundazioaeuskadi.org\/wp-content\/uploads\/2021\/09\/residencia-txurdinagabarri-san-valentin-2021-4-134x179-1.jpg\" alt=\"San Valent\u00edn 2021 Residencia Txirdnagabarri\" width=\"134\" height=\"179\" title=\"\"><\/a> <a href=\"https:\/\/www.personamayor.org\/wp-content\/uploads\/residencia-txurdinagabarri-san-valentin-2021-5.jpg\" rel=\"nofollow noopener\" target=\"_blank\"><img loading=\"lazy\" decoding=\"async\" class=\"alignnone size-medium wp-image-24928\" src=\"https:\/\/www.ospitalarioakfundazioaeuskadi.org\/wp-content\/uploads\/2021\/09\/residencia-txurdinagabarri-san-valentin-2021-5-134x179-1.jpg\" alt=\"San Valent\u00edn 2021 Residencia Txirdnagabarri\" width=\"134\" height=\"179\" title=\"\"><\/a> <a href=\"https:\/\/www.personamayor.org\/wp-content\/uploads\/residencia-txurdinagabarri-san-valentin-2021-6.jpg\" rel=\"nofollow noopener\" target=\"_blank\"><img loading=\"lazy\" decoding=\"async\" class=\"alignnone size-medium wp-image-24931\" src=\"https:\/\/www.ospitalarioakfundazioaeuskadi.org\/wp-content\/uploads\/2021\/09\/residencia-txurdinagabarri-san-valentin-2021-6-134x179-1.jpg\" alt=\"San Valent\u00edn 2021 Residencia Txirdnagabarri\" width=\"134\" height=\"179\" title=\"\"><\/a> <a href=\"https:\/\/www.personamayor.org\/wp-content\/uploads\/residencia-txurdinagabarri-san-valentin-2021-7.jpg\" rel=\"nofollow noopener\" target=\"_blank\"><img loading=\"lazy\" decoding=\"async\" class=\"alignnone size-medium wp-image-24934\" src=\"https:\/\/www.ospitalarioakfundazioaeuskadi.org\/wp-content\/uploads\/2021\/09\/residencia-txurdinagabarri-san-valentin-2021-7-134x179-1.jpg\" alt=\"San Valent\u00edn 2021 Residencia Txirdnagabarri\" width=\"134\" height=\"179\" title=\"\"><\/a> <a href=\"https:\/\/www.personamayor.org\/wp-content\/uploads\/residencia-txurdinagabarri-san-valentin-2021-8.jpg\" rel=\"nofollow noopener\" target=\"_blank\"><img loading=\"lazy\" decoding=\"async\" class=\"alignnone size-medium wp-image-24937\" src=\"https:\/\/www.ospitalarioakfundazioaeuskadi.org\/wp-content\/uploads\/2021\/09\/residencia-txurdinagabarri-san-valentin-2021-8-134x179-1.jpg\" alt=\"San Valent\u00edn 2021 Residencia Txirdnagabarri\" width=\"134\" height=\"179\" title=\"\"><\/a> <a href=\"https:\/\/www.personamayor.org\/wp-content\/uploads\/residencia-txurdinagabarri-san-valentin-2021-9.jpg\" rel=\"nofollow noopener\" target=\"_blank\"><img loading=\"lazy\" decoding=\"async\" class=\"alignnone size-medium wp-image-24940\" src=\"https:\/\/www.ospitalarioakfundazioaeuskadi.org\/wp-content\/uploads\/2021\/09\/residencia-txurdinagabarri-san-valentin-2021-9-134x179-1.jpg\" alt=\"San Valent\u00edn 2021 Residencia Txirdnagabarri\" width=\"134\" height=\"179\" title=\"\"><\/a> <a href=\"https:\/\/www.personamayor.org\/wp-content\/uploads\/residencia-txurdinagabarri-san-valentin-2021-10.jpg\" rel=\"nofollow noopener\" target=\"_blank\"><img loading=\"lazy\" decoding=\"async\" class=\"alignnone size-medium wp-image-24943\" src=\"https:\/\/www.ospitalarioakfundazioaeuskadi.org\/wp-content\/uploads\/2021\/09\/residencia-txurdinagabarri-san-valentin-2021-10-134x179-1.jpg\" alt=\"San Valent\u00edn 2021 Residencia Txirdnagabarri\" width=\"134\" height=\"179\" title=\"\"><\/a> <a href=\"https:\/\/www.personamayor.org\/wp-content\/uploads\/residencia-txurdinagabarri-san-valentin-2021-11.jpg\" rel=\"nofollow noopener\" target=\"_blank\"><img loading=\"lazy\" decoding=\"async\" class=\"alignnone size-medium wp-image-24946\" src=\"https:\/\/www.ospitalarioakfundazioaeuskadi.org\/wp-content\/uploads\/2021\/09\/residencia-txurdinagabarri-san-valentin-2021-11-134x179-1.jpg\" alt=\"San Valent\u00edn 2021 Residencia Txirdnagabarri\" width=\"134\" height=\"179\" title=\"\"><\/a> <a href=\"https:\/\/www.personamayor.org\/wp-content\/uploads\/residencia-txurdinagabarri-san-valentin-2021-12.jpg\" rel=\"nofollow noopener\" target=\"_blank\"><img loading=\"lazy\" decoding=\"async\" class=\"alignnone size-medium wp-image-24949\" src=\"https:\/\/www.ospitalarioakfundazioaeuskadi.org\/wp-content\/uploads\/2021\/09\/residencia-txurdinagabarri-san-valentin-2021-12-134x179-1.jpg\" alt=\"San Valent\u00edn 2021 Residencia Txirdnagabarri\" width=\"134\" height=\"179\" title=\"\"><\/a> <a href=\"https:\/\/www.personamayor.org\/wp-content\/uploads\/residencia-txurdinagabarri-san-valentin-2021-13.jpg\" rel=\"nofollow noopener\" target=\"_blank\"><img loading=\"lazy\" decoding=\"async\" class=\"alignnone size-medium wp-image-24952\" src=\"https:\/\/www.ospitalarioakfundazioaeuskadi.org\/wp-content\/uploads\/2021\/09\/residencia-txurdinagabarri-san-valentin-2021-13-134x179-1.jpg\" alt=\"San Valent\u00edn 2021 Residencia Txirdnagabarri\" width=\"134\" height=\"179\" title=\"\"><\/a> <a href=\"https:\/\/www.personamayor.org\/wp-content\/uploads\/residencia-txurdinagabarri-san-valentin-2021-14.jpg\" rel=\"nofollow noopener\" target=\"_blank\"><img loading=\"lazy\" decoding=\"async\" class=\"alignnone size-medium wp-image-24955\" src=\"https:\/\/www.ospitalarioakfundazioaeuskadi.org\/wp-content\/uploads\/2021\/09\/residencia-txurdinagabarri-san-valentin-2021-14-134x179-1.jpg\" alt=\"San Valent\u00edn 2021 Residencia Txirdnagabarri\" width=\"134\" height=\"179\" title=\"\"><\/a> <a href=\"https:\/\/www.personamayor.org\/wp-content\/uploads\/residencia-txurdinagabarri-san-valentin-2021-15.jpg\" rel=\"nofollow noopener\" target=\"_blank\"><img loading=\"lazy\" decoding=\"async\" class=\"alignnone size-medium wp-image-24958\" src=\"https:\/\/www.ospitalarioakfundazioaeuskadi.org\/wp-content\/uploads\/2021\/09\/residencia-txurdinagabarri-san-valentin-2021-15-134x179-1.jpg\" alt=\"San Valent\u00edn 2021 Residencia Txirdnagabarri\" width=\"134\" height=\"179\" title=\"\"><\/a> <a href=\"https:\/\/www.personamayor.org\/wp-content\/uploads\/residencia-txurdinagabarri-san-valentin-2021-16.jpg\" rel=\"nofollow noopener\" target=\"_blank\"><img loading=\"lazy\" decoding=\"async\" class=\"alignnone size-medium wp-image-24961\" src=\"https:\/\/www.ospitalarioakfundazioaeuskadi.org\/wp-content\/uploads\/2021\/09\/residencia-txurdinagabarri-san-valentin-2021-16-134x179-1.jpg\" alt=\"San Valent\u00edn 2021 Residencia Txirdnagabarri\" width=\"134\" height=\"179\" title=\"\"><\/a> <a href=\"https:\/\/www.personamayor.org\/wp-content\/uploads\/residencia-txurdinagabarri-san-valentin-2021-17.jpg\" rel=\"nofollow noopener\" target=\"_blank\"><img loading=\"lazy\" decoding=\"async\" class=\"alignnone size-medium wp-image-24964\" src=\"https:\/\/www.ospitalarioakfundazioaeuskadi.org\/wp-content\/uploads\/2021\/09\/residencia-txurdinagabarri-san-valentin-2021-17-134x179-1.jpg\" alt=\"San Valent\u00edn 2021 Residencia Txirdnagabarri\" width=\"134\" height=\"179\" title=\"\"><\/a> <a href=\"https:\/\/www.personamayor.org\/wp-content\/uploads\/residencia-txurdinagabarri-san-valentin-2021-18.jpg\" rel=\"nofollow noopener\" target=\"_blank\"><img loading=\"lazy\" decoding=\"async\" class=\"alignnone size-medium wp-image-24967\" src=\"https:\/\/www.ospitalarioakfundazioaeuskadi.org\/wp-content\/uploads\/2021\/09\/residencia-txurdinagabarri-san-valentin-2021-18-134x179-1.jpg\" alt=\"San Valent\u00edn 2021 Residencia Txirdnagabarri\" width=\"134\" height=\"179\" title=\"\"><\/a>\u00a0<a href=\"https:\/\/www.personamayor.org\/wp-content\/uploads\/residencia-txurdinagabarri-san-valentin-2021-19.jpg\" rel=\"nofollow noopener\" target=\"_blank\"><img loading=\"lazy\" decoding=\"async\" class=\"alignnone size-medium wp-image-24970\" src=\"https:\/\/www.ospitalarioakfundazioaeuskadi.org\/wp-content\/uploads\/2021\/09\/residencia-txurdinagabarri-san-valentin-2021-19-239x179-1.jpg\" alt=\"San Valent\u00edn 2021 Residencia Txurdinagabarri\" width=\"239\" height=\"179\" title=\"\"><\/a> <a href=\"https:\/\/www.personamayor.org\/wp-content\/uploads\/residencia-txurdinagabarri-san-valentin-2021-21.jpg\" rel=\"nofollow noopener\" target=\"_blank\"><img loading=\"lazy\" decoding=\"async\" class=\"alignnone size-medium wp-image-24976\" src=\"https:\/\/www.ospitalarioakfundazioaeuskadi.org\/wp-content\/uploads\/2021\/09\/residencia-txurdinagabarri-san-valentin-2021-21-134x179-1.jpg\" alt=\"San Valent\u00edn 2021 Residencia Txurdinagabarri\" width=\"134\" height=\"179\" title=\"\"><\/a> <a href=\"https:\/\/www.personamayor.org\/wp-content\/uploads\/residencia-txurdinagabarri-san-valentin-2021-30.jpg\" rel=\"nofollow noopener\" target=\"_blank\"><img loading=\"lazy\" decoding=\"async\" class=\"alignnone size-medium wp-image-25003\" src=\"https:\/\/www.ospitalarioakfundazioaeuskadi.org\/wp-content\/uploads\/2021\/09\/residencia-txurdinagabarri-san-valentin-2021-30-134x179-1.jpg\" alt=\"San Valent\u00edn 2021 Residencia Txurdinagabarri\" width=\"134\" height=\"179\" title=\"\"><\/a> <a href=\"https:\/\/www.personamayor.org\/wp-content\/uploads\/residencia-txurdinagabarri-san-valentin-2021-29.jpg\" rel=\"nofollow noopener\" target=\"_blank\"><img loading=\"lazy\" decoding=\"async\" class=\"alignnone size-medium wp-image-25000\" src=\"https:\/\/www.ospitalarioakfundazioaeuskadi.org\/wp-content\/uploads\/2021\/09\/residencia-txurdinagabarri-san-valentin-2021-29-134x179-1.jpg\" alt=\"San Valent\u00edn 2021 Residencia Txurdinagabarri\" width=\"134\" height=\"179\" title=\"\"><\/a> <a href=\"https:\/\/www.personamayor.org\/wp-content\/uploads\/residencia-txurdinagabarri-san-valentin-2021-28.jpg\" rel=\"nofollow noopener\" target=\"_blank\"><img loading=\"lazy\" decoding=\"async\" class=\"alignnone size-medium wp-image-24997\" src=\"https:\/\/www.ospitalarioakfundazioaeuskadi.org\/wp-content\/uploads\/2021\/09\/residencia-txurdinagabarri-san-valentin-2021-28-134x179-1.jpg\" alt=\"San Valent\u00edn 2021 Residencia Txurdinagabarri\" width=\"134\" height=\"179\" title=\"\"><\/a> <a href=\"https:\/\/www.personamayor.org\/wp-content\/uploads\/residencia-txurdinagabarri-san-valentin-2021-27.jpg\" rel=\"nofollow noopener\" target=\"_blank\"><img loading=\"lazy\" decoding=\"async\" class=\"alignnone size-medium wp-image-24994\" src=\"https:\/\/www.ospitalarioakfundazioaeuskadi.org\/wp-content\/uploads\/2021\/09\/residencia-txurdinagabarri-san-valentin-2021-27-134x179-1.jpg\" alt=\"San Valent\u00edn 2021 Residencia Txurdinagabarri\" width=\"134\" height=\"179\" title=\"\"><\/a> <a href=\"https:\/\/www.personamayor.org\/wp-content\/uploads\/residencia-txurdinagabarri-san-valentin-2021-26.jpg\" rel=\"nofollow noopener\" target=\"_blank\"><img loading=\"lazy\" decoding=\"async\" class=\"alignnone size-medium wp-image-24991\" src=\"https:\/\/www.ospitalarioakfundazioaeuskadi.org\/wp-content\/uploads\/2021\/09\/residencia-txurdinagabarri-san-valentin-2021-26-134x179-1.jpg\" alt=\"San Valent\u00edn 2021 Residencia Txurdinagabarri\" width=\"134\" height=\"179\" title=\"\"><\/a> <a href=\"https:\/\/www.personamayor.org\/wp-content\/uploads\/residencia-txurdinagabarri-san-valentin-2021-25.jpg\" rel=\"nofollow noopener\" target=\"_blank\"><img loading=\"lazy\" decoding=\"async\" class=\"alignnone size-medium wp-image-24988\" src=\"https:\/\/www.ospitalarioakfundazioaeuskadi.org\/wp-content\/uploads\/2021\/09\/residencia-txurdinagabarri-san-valentin-2021-25-134x179-1.jpg\" alt=\"San Valent\u00edn 2021 Residencia Txurdinagabarri\" width=\"134\" height=\"179\" title=\"\"><\/a> <a href=\"https:\/\/www.personamayor.org\/wp-content\/uploads\/residencia-txurdinagabarri-san-valentin-2021-24.jpg\" rel=\"nofollow noopener\" target=\"_blank\"><img loading=\"lazy\" decoding=\"async\" class=\"alignnone size-medium wp-image-24985\" src=\"https:\/\/www.ospitalarioakfundazioaeuskadi.org\/wp-content\/uploads\/2021\/09\/residencia-txurdinagabarri-san-valentin-2021-24-134x179-1.jpg\" alt=\"San Valent\u00edn 2021 Residencia Txurdinagabarri\" width=\"134\" height=\"179\" title=\"\"><\/a> <a href=\"https:\/\/www.personamayor.org\/wp-content\/uploads\/residencia-txurdinagabarri-san-valentin-2021-23.jpg\" rel=\"nofollow noopener\" target=\"_blank\"><img loading=\"lazy\" decoding=\"async\" class=\"alignnone size-medium wp-image-24982\" src=\"https:\/\/www.ospitalarioakfundazioaeuskadi.org\/wp-content\/uploads\/2021\/09\/residencia-txurdinagabarri-san-valentin-2021-23-134x179-1.jpg\" alt=\"San Valent\u00edn 2021 Residencia Txurdinagabarri\" width=\"134\" height=\"179\" title=\"\"><\/a> <a href=\"https:\/\/www.personamayor.org\/wp-content\/uploads\/residencia-txurdinagabarri-san-valentin-2021-22.jpg\" rel=\"nofollow noopener\" target=\"_blank\"><img loading=\"lazy\" decoding=\"async\" class=\"alignnone size-medium wp-image-24979\" src=\"https:\/\/www.ospitalarioakfundazioaeuskadi.org\/wp-content\/uploads\/2021\/09\/residencia-txurdinagabarri-san-valentin-2021-22-134x179-1.jpg\" alt=\"San Valent\u00edn 2021 Residencia Txurdinagabarri\" width=\"134\" height=\"179\" title=\"\"><\/a> <a href=\"https:\/\/www.personamayor.org\/wp-content\/uploads\/residencia-txurdinagabarri-san-valentin-2021-39.jpg\" rel=\"nofollow noopener\" target=\"_blank\"><img loading=\"lazy\" decoding=\"async\" class=\"alignnone size-medium wp-image-25030\" src=\"https:\/\/www.ospitalarioakfundazioaeuskadi.org\/wp-content\/uploads\/2021\/09\/residencia-txurdinagabarri-san-valentin-2021-39-134x179-1.jpg\" alt=\"San Valent\u00edn 2021 Residencia Txurdinagabarri\" width=\"134\" height=\"179\" title=\"\"><\/a> <a href=\"https:\/\/www.personamayor.org\/wp-content\/uploads\/residencia-txurdinagabarri-san-valentin-2021-38.jpg\" rel=\"nofollow noopener\" target=\"_blank\"><img loading=\"lazy\" decoding=\"async\" class=\"alignnone size-medium wp-image-25027\" src=\"https:\/\/www.ospitalarioakfundazioaeuskadi.org\/wp-content\/uploads\/2021\/09\/residencia-txurdinagabarri-san-valentin-2021-38-134x179-1.jpg\" alt=\"San Valent\u00edn 2021 Residencia Txurdinagabarri\" width=\"134\" height=\"179\" title=\"\"><\/a> <a href=\"https:\/\/www.personamayor.org\/wp-content\/uploads\/residencia-txurdinagabarri-san-valentin-2021-37.jpg\" rel=\"nofollow noopener\" target=\"_blank\"><img loading=\"lazy\" decoding=\"async\" class=\"alignnone size-medium wp-image-25024\" src=\"https:\/\/www.ospitalarioakfundazioaeuskadi.org\/wp-content\/uploads\/2021\/09\/residencia-txurdinagabarri-san-valentin-2021-37-134x179-1.jpg\" alt=\"San Valent\u00edn 2021 Residencia Txurdinagabarri\" width=\"134\" height=\"179\" title=\"\"><\/a> <a href=\"https:\/\/www.personamayor.org\/wp-content\/uploads\/residencia-txurdinagabarri-san-valentin-2021-36.jpg\" rel=\"nofollow noopener\" target=\"_blank\"><img loading=\"lazy\" decoding=\"async\" class=\"alignnone size-medium wp-image-25021\" src=\"https:\/\/www.ospitalarioakfundazioaeuskadi.org\/wp-content\/uploads\/2021\/09\/residencia-txurdinagabarri-san-valentin-2021-36-134x179-1.jpg\" alt=\"San Valent\u00edn 2021 Residencia Txurdinagabarri\" width=\"134\" height=\"179\" title=\"\"><\/a> <a href=\"https:\/\/www.personamayor.org\/wp-content\/uploads\/residencia-txurdinagabarri-san-valentin-2021-35.jpg\" rel=\"nofollow noopener\" target=\"_blank\"><img loading=\"lazy\" decoding=\"async\" class=\"alignnone size-medium wp-image-25018\" src=\"https:\/\/www.ospitalarioakfundazioaeuskadi.org\/wp-content\/uploads\/2021\/09\/residencia-txurdinagabarri-san-valentin-2021-35-134x179-1.jpg\" alt=\"San Valent\u00edn 2021 Residencia Txurdinagabarri\" width=\"134\" height=\"179\" title=\"\"><\/a> <a href=\"https:\/\/www.personamayor.org\/wp-content\/uploads\/residencia-txurdinagabarri-san-valentin-2021-34.jpg\" rel=\"nofollow noopener\" target=\"_blank\"><img loading=\"lazy\" decoding=\"async\" class=\"alignnone size-medium wp-image-25015\" src=\"https:\/\/www.ospitalarioakfundazioaeuskadi.org\/wp-content\/uploads\/2021\/09\/residencia-txurdinagabarri-san-valentin-2021-34-134x179-1.jpg\" alt=\"San Valent\u00edn 2021 Residencia Txurdinagabarri\" width=\"134\" height=\"179\" title=\"\"><\/a> <a href=\"https:\/\/www.personamayor.org\/wp-content\/uploads\/residencia-txurdinagabarri-san-valentin-2021-33.jpg\" rel=\"nofollow noopener\" target=\"_blank\"><img loading=\"lazy\" decoding=\"async\" class=\"alignnone size-medium wp-image-25012\" src=\"https:\/\/www.ospitalarioakfundazioaeuskadi.org\/wp-content\/uploads\/2021\/09\/residencia-txurdinagabarri-san-valentin-2021-33-134x179-1.jpg\" alt=\"San Valent\u00edn 2021 Residencia Txurdinagabarri\" width=\"134\" height=\"179\" title=\"\"><\/a> <a href=\"https:\/\/www.personamayor.org\/wp-content\/uploads\/residencia-txurdinagabarri-san-valentin-2021-32.jpg\" rel=\"nofollow noopener\" target=\"_blank\"><img loading=\"lazy\" decoding=\"async\" class=\"alignnone size-medium wp-image-25009\" src=\"https:\/\/www.ospitalarioakfundazioaeuskadi.org\/wp-content\/uploads\/2021\/09\/residencia-txurdinagabarri-san-valentin-2021-32-134x179-1.jpg\" alt=\"San Valent\u00edn 2021 Residencia Txurdinagabarri\" width=\"134\" height=\"179\" title=\"\"><\/a> <a href=\"https:\/\/www.personamayor.org\/wp-content\/uploads\/residencia-txurdinagabarri-san-valentin-2021-31.jpg\" rel=\"nofollow noopener\" target=\"_blank\"><img loading=\"lazy\" decoding=\"async\" class=\"alignnone size-medium wp-image-25006\" src=\"https:\/\/www.ospitalarioakfundazioaeuskadi.org\/wp-content\/uploads\/2021\/09\/residencia-txurdinagabarri-san-valentin-2021-31-134x179-1.jpg\" alt=\"San Valent\u00edn 2021 Residencia Txurdinagabarri\" width=\"134\" height=\"179\" title=\"\"><\/a><\/p>\n","protected":false},"excerpt":{"rendered":"<p>Este a\u00f1o hemos preparado en la <a href=\"https:\/\/ospitalarioakfundazioaeuskadi.org\/es\/centro\/residencia-mayores-bilbao-txurdinagabarri\/\">Residencia Txurdinagabarri<\/a> dos manualidades para conmemorar el <strong>d\u00eda de San Valent\u00edn<\/strong>.<\/p>\n<div class=\"link-more\"><a href=\"https:\/\/ospitalarioakfundazioaeuskadi.org\/es\/manualidades-del-dia-de-san-valentin\/#more-23928\" class=\"more-link\">Seguir leyendo<span class=\"screen-reader-text\"> &ldquo;Manualidades del D\u00eda de San Valent\u00edn&rdquo;<\/span>&hellip;<\/a><\/div>\n","protected":false},"author":1,"featured_media":12381,"comment_status":"closed","ping_status":"closed","sticky":false,"template":"","format":"standard","meta":{"footnotes":""},"categories":[648],"tags":[],"linea-asistencial":[980],"class_list":["post-23928","post","type-post","status-publish","format-standard","has-post-thumbnail","hentry","category-residencia-txurdinagabarri-bilbao","linea-asistencial-4-persona-mayor","entry"],"_links":{"self":[{"href":"https:\/\/ospitalarioakfundazioaeuskadi.org\/es\/wp-json\/wp\/v2\/posts\/23928","targetHints":{"allow":["GET"]}}],"collection":[{"href":"https:\/\/ospitalarioakfundazioaeuskadi.org\/es\/wp-json\/wp\/v2\/posts"}],"about":[{"href":"https:\/\/ospitalarioakfundazioaeuskadi.org\/es\/wp-json\/wp\/v2\/types\/post"}],"author":[{"embeddable":true,"href":"https:\/\/ospitalarioakfundazioaeuskadi.org\/es\/wp-json\/wp\/v2\/users\/1"}],"replies":[{"embeddable":true,"href":"https:\/\/ospitalarioakfundazioaeuskadi.org\/es\/wp-json\/wp\/v2\/comments?post=23928"}],"version-history":[{"count":1,"href":"https:\/\/ospitalarioakfundazioaeuskadi.org\/es\/wp-json\/wp\/v2\/posts\/23928\/revisions"}],"predecessor-version":[{"id":54848,"href":"https:\/\/ospitalarioakfundazioaeuskadi.org\/es\/wp-json\/wp\/v2\/posts\/23928\/revisions\/54848"}],"wp:featuredmedia":[{"embeddable":true,"href":"https:\/\/ospitalarioakfundazioaeuskadi.org\/es\/wp-json\/wp\/v2\/media\/12381"}],"wp:attachment":[{"href":"https:\/\/ospitalarioakfundazioaeuskadi.org\/es\/wp-json\/wp\/v2\/media?parent=23928"}],"wp:term":[{"taxonomy":"category","embeddable":true,"href":"https:\/\/ospitalarioakfundazioaeuskadi.org\/es\/wp-json\/wp\/v2\/categories?post=23928"},{"taxonomy":"post_tag","embeddable":true,"href":"https:\/\/ospitalarioakfundazioaeuskadi.org\/es\/wp-json\/wp\/v2\/tags?post=23928"},{"taxonomy":"linea-asistencial","embeddable":true,"href":"https:\/\/ospitalarioakfundazioaeuskadi.org\/es\/wp-json\/wp\/v2\/linea-asistencial?post=23928"}],"curies":[{"name":"wp","href":"https:\/\/api.w.org\/{rel}","templated":true}]}}