{"id":23929,"date":"2021-02-19T00:00:00","date_gmt":"2021-02-19T00:00:00","guid":{"rendered":"http:\/\/194.35.43.170\/~aitamenninueva\/txitxiburduntzi-en-la-terraza\/"},"modified":"2022-10-25T11:41:08","modified_gmt":"2022-10-25T11:41:08","slug":"txitxiburduntzi-en-la-terraza","status":"publish","type":"post","link":"https:\/\/ospitalarioakfundazioaeuskadi.org\/es\/txitxiburduntzi-en-la-terraza\/","title":{"rendered":"Txitxiburduntzi en la terraza"},"content":{"rendered":"<p>El lunes previo a Carnaval retomamos la tradici\u00f3n del <strong><em>txitxiburduntzi<\/em><\/strong> en la <a href=\"https:\/\/ospitalarioakfundazioaeuskadi.org\/es\/centro\/residencia-mayores-bilbao-txurdinagabarri\/\">Residencia de personas mayores Txurdinagabarri<\/a> de Bilbao.<br \/>\n<!--more--><br \/>\nResidentes de la 2\u00aa y 5\u00aa plantas subimos a la azotea y all\u00ed asamos en la parrilla chorizo, morcilla y longaniza, que acompa\u00f1amos con sidra y mosto mientras cant\u00e1bamos y bail\u00e1bamos.<\/p>\n<p>&nbsp;<\/p>\n<p><a href=\"https:\/\/www.personamayor.org\/wp-content\/uploads\/residencia-txurdinagabarri-txitxiburduntzi-2021-1.jpg\" rel=\"nofollow noopener\" target=\"_blank\"><img loading=\"lazy\" decoding=\"async\" class=\"alignnone size-medium wp-image-25039\" src=\"https:\/\/www.ospitalarioakfundazioaeuskadi.org\/wp-content\/uploads\/2021\/09\/residencia-txurdinagabarri-txitxiburduntzi-2021-1-134x179-1.jpg\" alt=\"Txitxiburduntzi en la Residencia Txurdinagabarri\" width=\"134\" height=\"179\" title=\"\"><\/a> <a href=\"https:\/\/www.personamayor.org\/wp-content\/uploads\/residencia-txurdinagabarri-txitxiburduntzi-2021-2.jpg\" rel=\"nofollow noopener\" target=\"_blank\"><img loading=\"lazy\" decoding=\"async\" class=\"alignnone size-medium wp-image-25042\" src=\"https:\/\/www.ospitalarioakfundazioaeuskadi.org\/wp-content\/uploads\/2021\/09\/residencia-txurdinagabarri-txitxiburduntzi-2021-2-134x179-1.jpg\" alt=\"Txitxiburduntzi en la Residencia Txurdinagabarri\" width=\"134\" height=\"179\" title=\"\"><\/a> <a href=\"https:\/\/www.personamayor.org\/wp-content\/uploads\/residencia-txurdinagabarri-txitxiburduntzi-2021-3.jpg\" rel=\"nofollow noopener\" target=\"_blank\"><img loading=\"lazy\" decoding=\"async\" class=\"alignnone size-medium wp-image-25045\" src=\"https:\/\/www.ospitalarioakfundazioaeuskadi.org\/wp-content\/uploads\/2021\/09\/residencia-txurdinagabarri-txitxiburduntzi-2021-3-134x179-1.jpg\" alt=\"Txitxiburduntzi en la Residencia Txurdinagabarri\" width=\"134\" height=\"179\" title=\"\"><\/a> <a href=\"https:\/\/www.personamayor.org\/wp-content\/uploads\/residencia-txurdinagabarri-txitxiburduntzi-2021-4.jpg\" rel=\"nofollow noopener\" target=\"_blank\"><img loading=\"lazy\" decoding=\"async\" class=\"alignnone size-medium wp-image-25048\" src=\"https:\/\/www.ospitalarioakfundazioaeuskadi.org\/wp-content\/uploads\/2021\/09\/residencia-txurdinagabarri-txitxiburduntzi-2021-4-134x179-1.jpg\" alt=\"Txitxiburduntzi en la Residencia Txurdinagabarri\" width=\"134\" height=\"179\" title=\"\"><\/a> <a href=\"https:\/\/www.personamayor.org\/wp-content\/uploads\/residencia-txurdinagabarri-txitxiburduntzi-2021-5.jpg\" rel=\"nofollow noopener\" target=\"_blank\"><img loading=\"lazy\" decoding=\"async\" class=\"alignnone size-medium wp-image-25051\" src=\"https:\/\/www.ospitalarioakfundazioaeuskadi.org\/wp-content\/uploads\/2021\/09\/residencia-txurdinagabarri-txitxiburduntzi-2021-5-134x179-1.jpg\" alt=\"Txitxiburduntzi en la Residencia Txurdinagabarri\" width=\"134\" height=\"179\" title=\"\"><\/a> <a href=\"https:\/\/www.personamayor.org\/wp-content\/uploads\/residencia-txurdinagabarri-txitxiburduntzi-2021-6.jpg\" rel=\"nofollow noopener\" target=\"_blank\"><img loading=\"lazy\" decoding=\"async\" class=\"alignnone size-medium wp-image-25054\" src=\"https:\/\/www.ospitalarioakfundazioaeuskadi.org\/wp-content\/uploads\/2021\/09\/residencia-txurdinagabarri-txitxiburduntzi-2021-6-134x179-1.jpg\" alt=\"Txitxiburduntzi en la Residencia Txurdinagabarri\" width=\"134\" height=\"179\" title=\"\"><\/a> <a href=\"https:\/\/www.personamayor.org\/wp-content\/uploads\/residencia-txurdinagabarri-txitxiburduntzi-2021-7.jpg\" rel=\"nofollow noopener\" target=\"_blank\"><img loading=\"lazy\" decoding=\"async\" class=\"alignnone size-medium wp-image-25057\" src=\"https:\/\/www.ospitalarioakfundazioaeuskadi.org\/wp-content\/uploads\/2021\/09\/residencia-txurdinagabarri-txitxiburduntzi-2021-7-134x179-1.jpg\" alt=\"Txitxiburduntzi en la Residencia Txurdinagabarri\" width=\"134\" height=\"179\" title=\"\"><\/a> <a href=\"https:\/\/www.personamayor.org\/wp-content\/uploads\/residencia-txurdinagabarri-txitxiburduntzi-2021-8.jpg\" rel=\"nofollow noopener\" target=\"_blank\"><img loading=\"lazy\" decoding=\"async\" class=\"alignnone size-medium wp-image-25060\" src=\"https:\/\/www.ospitalarioakfundazioaeuskadi.org\/wp-content\/uploads\/2021\/09\/residencia-txurdinagabarri-txitxiburduntzi-2021-8-134x179-1.jpg\" alt=\"Txitxiburduntzi en la Residencia Txurdinagabarri\" width=\"134\" height=\"179\" title=\"\"><\/a> <a href=\"https:\/\/www.personamayor.org\/wp-content\/uploads\/residencia-txurdinagabarri-txitxiburduntzi-2021-9.jpg\" rel=\"nofollow noopener\" target=\"_blank\"><img loading=\"lazy\" decoding=\"async\" class=\"alignnone size-medium wp-image-25063\" src=\"https:\/\/www.ospitalarioakfundazioaeuskadi.org\/wp-content\/uploads\/2021\/09\/residencia-txurdinagabarri-txitxiburduntzi-2021-9-134x179-1.jpg\" alt=\"Txitxiburduntzi en la Residencia Txurdinagabarri\" width=\"134\" height=\"179\" title=\"\"><\/a> <a href=\"https:\/\/www.personamayor.org\/wp-content\/uploads\/residencia-txurdinagabarri-txitxiburduntzi-2021-10.jpg\" rel=\"nofollow noopener\" target=\"_blank\"><img loading=\"lazy\" decoding=\"async\" class=\"alignnone size-medium wp-image-25066\" src=\"https:\/\/www.ospitalarioakfundazioaeuskadi.org\/wp-content\/uploads\/2021\/09\/residencia-txurdinagabarri-txitxiburduntzi-2021-10-134x179-1.jpg\" alt=\"Txitxiburduntzi en la Residencia Txurdinagabarri\" width=\"134\" height=\"179\" title=\"\"><\/a> <a href=\"https:\/\/www.personamayor.org\/wp-content\/uploads\/residencia-txurdinagabarri-txitxiburduntzi-2021-11.jpg\" rel=\"nofollow noopener\" target=\"_blank\"><img loading=\"lazy\" decoding=\"async\" class=\"alignnone size-medium wp-image-25069\" src=\"https:\/\/www.ospitalarioakfundazioaeuskadi.org\/wp-content\/uploads\/2021\/09\/residencia-txurdinagabarri-txitxiburduntzi-2021-11-134x179-1.jpg\" alt=\"Txitxiburduntzi en la Residencia Txurdinagabarri\" width=\"134\" height=\"179\" title=\"\"><\/a> <a href=\"https:\/\/www.personamayor.org\/wp-content\/uploads\/residencia-txurdinagabarri-txitxiburduntzi-2021-12.jpg\" rel=\"nofollow noopener\" target=\"_blank\"><img loading=\"lazy\" decoding=\"async\" class=\"alignnone size-medium wp-image-25072\" src=\"https:\/\/www.ospitalarioakfundazioaeuskadi.org\/wp-content\/uploads\/2021\/09\/residencia-txurdinagabarri-txitxiburduntzi-2021-12-134x179-1.jpg\" alt=\"Txitxiburduntzi en la Residencia Txurdinagabarri\" width=\"134\" height=\"179\" title=\"\"><\/a> <a href=\"https:\/\/www.personamayor.org\/wp-content\/uploads\/residencia-txurdinagabarri-txitxiburduntzi-2021-13.jpg\" rel=\"nofollow noopener\" target=\"_blank\"><img loading=\"lazy\" decoding=\"async\" class=\"alignnone size-medium wp-image-25075\" src=\"https:\/\/www.ospitalarioakfundazioaeuskadi.org\/wp-content\/uploads\/2021\/09\/residencia-txurdinagabarri-txitxiburduntzi-2021-13-134x179-1.jpg\" alt=\"Txitxiburduntzi en la Residencia Txurdinagabarri\" width=\"134\" height=\"179\" title=\"\"><\/a> <a href=\"https:\/\/www.personamayor.org\/wp-content\/uploads\/residencia-txurdinagabarri-txitxiburduntzi-2021-14.jpg\" rel=\"nofollow noopener\" target=\"_blank\"><img loading=\"lazy\" decoding=\"async\" class=\"alignnone size-medium wp-image-25078\" src=\"https:\/\/www.ospitalarioakfundazioaeuskadi.org\/wp-content\/uploads\/2021\/09\/residencia-txurdinagabarri-txitxiburduntzi-2021-14-134x179-1.jpg\" alt=\"Txitxiburduntzi en la Residencia Txurdinagabarri\" width=\"134\" height=\"179\" title=\"\"><\/a> <a href=\"https:\/\/www.personamayor.org\/wp-content\/uploads\/residencia-txurdinagabarri-txitxiburduntzi-2021-15.jpg\" rel=\"nofollow noopener\" target=\"_blank\"><img loading=\"lazy\" decoding=\"async\" class=\"alignnone size-medium wp-image-25081\" src=\"https:\/\/www.ospitalarioakfundazioaeuskadi.org\/wp-content\/uploads\/2021\/09\/residencia-txurdinagabarri-txitxiburduntzi-2021-15-134x179-1.jpg\" alt=\"Txitxiburduntzi en la Residencia Txurdinagabarri\" width=\"134\" height=\"179\" title=\"\"><\/a> <a href=\"https:\/\/www.personamayor.org\/wp-content\/uploads\/residencia-txurdinagabarri-txitxiburduntzi-2021-16.jpg\" rel=\"nofollow noopener\" target=\"_blank\"><img loading=\"lazy\" decoding=\"async\" class=\"alignnone size-medium wp-image-25084\" src=\"https:\/\/www.ospitalarioakfundazioaeuskadi.org\/wp-content\/uploads\/2021\/09\/residencia-txurdinagabarri-txitxiburduntzi-2021-16-134x179-1.jpg\" alt=\"Txitxiburduntzi en la Residencia Txurdinagabarri\" width=\"134\" height=\"179\" title=\"\"><\/a> <a href=\"https:\/\/www.personamayor.org\/wp-content\/uploads\/residencia-txurdinagabarri-txitxiburduntzi-2021-17.jpg\" rel=\"nofollow noopener\" target=\"_blank\"><img loading=\"lazy\" decoding=\"async\" class=\"alignnone size-medium wp-image-25087\" src=\"https:\/\/www.ospitalarioakfundazioaeuskadi.org\/wp-content\/uploads\/2021\/09\/residencia-txurdinagabarri-txitxiburduntzi-2021-17-134x179-1.jpg\" alt=\"Txitxiburduntzi en la Residencia Txurdinagabarri\" width=\"134\" height=\"179\" title=\"\"><\/a> <a href=\"https:\/\/www.personamayor.org\/wp-content\/uploads\/residencia-txurdinagabarri-txitxiburduntzi-2021-18.jpg\" rel=\"nofollow noopener\" target=\"_blank\"><img loading=\"lazy\" decoding=\"async\" class=\"alignnone size-medium wp-image-25090\" src=\"https:\/\/www.ospitalarioakfundazioaeuskadi.org\/wp-content\/uploads\/2021\/09\/residencia-txurdinagabarri-txitxiburduntzi-2021-18-134x179-1.jpg\" alt=\"Txitxiburduntzi en la Residencia Txurdinagabarri\" width=\"134\" height=\"179\" title=\"\"><\/a> <a href=\"https:\/\/www.personamayor.org\/wp-content\/uploads\/residencia-txurdinagabarri-txitxiburduntzi-2021-19.jpg\" rel=\"nofollow noopener\" target=\"_blank\"><img loading=\"lazy\" decoding=\"async\" class=\"alignnone size-medium wp-image-25093\" src=\"https:\/\/www.ospitalarioakfundazioaeuskadi.org\/wp-content\/uploads\/2021\/09\/residencia-txurdinagabarri-txitxiburduntzi-2021-19-134x179-1.jpg\" alt=\"Txitxiburduntzi en la Residencia Txurdinagabarri\" width=\"134\" height=\"179\" title=\"\"><\/a><\/p>\n","protected":false},"excerpt":{"rendered":"<p>El lunes previo a Carnaval retomamos la tradici\u00f3n del <strong><em>txitxiburduntzi<\/em><\/strong> en la <a href=\"https:\/\/ospitalarioakfundazioaeuskadi.org\/es\/centro\/residencia-mayores-bilbao-txurdinagabarri\/\">Residencia de personas mayores Txurdinagabarri<\/a> de Bilbao.<\/p>\n<div class=\"link-more\"><a href=\"https:\/\/ospitalarioakfundazioaeuskadi.org\/es\/txitxiburduntzi-en-la-terraza\/#more-23929\" class=\"more-link\">Seguir leyendo<span class=\"screen-reader-text\"> &ldquo;Txitxiburduntzi en la terraza&rdquo;<\/span>&hellip;<\/a><\/div>\n","protected":false},"author":1,"featured_media":8083,"comment_status":"closed","ping_status":"closed","sticky":false,"template":"","format":"standard","meta":{"footnotes":""},"categories":[648],"tags":[],"linea-asistencial":[980],"class_list":["post-23929","post","type-post","status-publish","format-standard","has-post-thumbnail","hentry","category-residencia-txurdinagabarri-bilbao","linea-asistencial-4-persona-mayor","entry"],"_links":{"self":[{"href":"https:\/\/ospitalarioakfundazioaeuskadi.org\/es\/wp-json\/wp\/v2\/posts\/23929","targetHints":{"allow":["GET"]}}],"collection":[{"href":"https:\/\/ospitalarioakfundazioaeuskadi.org\/es\/wp-json\/wp\/v2\/posts"}],"about":[{"href":"https:\/\/ospitalarioakfundazioaeuskadi.org\/es\/wp-json\/wp\/v2\/types\/post"}],"author":[{"embeddable":true,"href":"https:\/\/ospitalarioakfundazioaeuskadi.org\/es\/wp-json\/wp\/v2\/users\/1"}],"replies":[{"embeddable":true,"href":"https:\/\/ospitalarioakfundazioaeuskadi.org\/es\/wp-json\/wp\/v2\/comments?post=23929"}],"version-history":[{"count":1,"href":"https:\/\/ospitalarioakfundazioaeuskadi.org\/es\/wp-json\/wp\/v2\/posts\/23929\/revisions"}],"predecessor-version":[{"id":54846,"href":"https:\/\/ospitalarioakfundazioaeuskadi.org\/es\/wp-json\/wp\/v2\/posts\/23929\/revisions\/54846"}],"wp:featuredmedia":[{"embeddable":true,"href":"https:\/\/ospitalarioakfundazioaeuskadi.org\/es\/wp-json\/wp\/v2\/media\/8083"}],"wp:attachment":[{"href":"https:\/\/ospitalarioakfundazioaeuskadi.org\/es\/wp-json\/wp\/v2\/media?parent=23929"}],"wp:term":[{"taxonomy":"category","embeddable":true,"href":"https:\/\/ospitalarioakfundazioaeuskadi.org\/es\/wp-json\/wp\/v2\/categories?post=23929"},{"taxonomy":"post_tag","embeddable":true,"href":"https:\/\/ospitalarioakfundazioaeuskadi.org\/es\/wp-json\/wp\/v2\/tags?post=23929"},{"taxonomy":"linea-asistencial","embeddable":true,"href":"https:\/\/ospitalarioakfundazioaeuskadi.org\/es\/wp-json\/wp\/v2\/linea-asistencial?post=23929"}],"curies":[{"name":"wp","href":"https:\/\/api.w.org\/{rel}","templated":true}]}}