{"id":23930,"date":"2021-02-19T00:00:00","date_gmt":"2021-02-19T00:00:00","guid":{"rendered":"http:\/\/194.35.43.170\/~aitamenninueva\/carnaval-en-la-residencia-barandiaran\/"},"modified":"2022-10-25T11:41:10","modified_gmt":"2022-10-25T11:41:10","slug":"carnaval-en-la-residencia-barandiaran","status":"publish","type":"post","link":"https:\/\/ospitalarioakfundazioaeuskadi.org\/es\/carnaval-en-la-residencia-barandiaran\/","title":{"rendered":"Carnaval en la Residencia Barandiaran"},"content":{"rendered":"<p>Este a\u00f1o, como todos los a\u00f1os, celebramos el <strong>Martes de Carnaval<\/strong> en la <a href=\"https:\/\/ospitalarioakfundazioaeuskadi.org\/es\/p10303641-600x450\/\">Residencia de mayores Joxe Miel Barandiaran<\/a>.<\/p>\n<p><!--more--><\/p>\n<p>Despu\u00e9s de estar preparando durante semanas el disfraz el martes pudimos pon\u00e9rnoslo y disfrutar del d\u00eda.<\/p>\n<p>Desde la ma\u00f1ana aprovechamos para sacarnos fotos y jugar a varios juegos relacionados con el disfraz de este a\u00f1o (personal m\u00e9dico y de enfermer\u00eda).<\/p>\n<p>A la tarde pudimos degustar las ricas tostadas de carnaval que nos hacen todos los a\u00f1os en la residencia nuestras cocineras.<\/p>\n<p>&nbsp;<\/p>\n<p><a href=\"https:\/\/www.personamayor.org\/wp-content\/uploads\/residencia-barandiaran-carnaval-2021-1.jpg\" rel=\"nofollow noopener\" target=\"_blank\"><img loading=\"lazy\" decoding=\"async\" class=\"alignnone size-medium wp-image-25104\" src=\"https:\/\/www.ospitalarioakfundazioaeuskadi.org\/wp-content\/uploads\/2021\/09\/residencia-barandiaran-carnaval-2021-1-239x179-1.jpg\" alt=\"Residencia Barandiaran - Carnaval 2021\" width=\"239\" height=\"179\" title=\"\"><\/a> <a href=\"https:\/\/www.personamayor.org\/wp-content\/uploads\/residencia-barandiaran-carnaval-2021-2.jpg\" rel=\"nofollow noopener\" target=\"_blank\"><img loading=\"lazy\" decoding=\"async\" class=\"alignnone size-medium wp-image-25107\" src=\"https:\/\/www.ospitalarioakfundazioaeuskadi.org\/wp-content\/uploads\/2021\/09\/residencia-barandiaran-carnaval-2021-2-239x179-1.jpg\" alt=\"Residencia Barandiaran - Carnaval 2021\" width=\"239\" height=\"179\" title=\"\"><\/a> <a href=\"https:\/\/www.personamayor.org\/wp-content\/uploads\/residencia-barandiaran-carnaval-2021-3.jpg\" rel=\"nofollow noopener\" target=\"_blank\"><img loading=\"lazy\" decoding=\"async\" class=\"alignnone size-medium wp-image-25110\" src=\"https:\/\/www.ospitalarioakfundazioaeuskadi.org\/wp-content\/uploads\/2021\/09\/residencia-barandiaran-carnaval-2021-3-133x179-1.jpg\" alt=\"Residencia Barandiaran - Carnaval 2021\" width=\"133\" height=\"179\" title=\"\"><\/a> <a href=\"https:\/\/www.personamayor.org\/wp-content\/uploads\/residencia-barandiaran-carnaval-2021-4.jpg\" rel=\"nofollow noopener\" target=\"_blank\"><img loading=\"lazy\" decoding=\"async\" class=\"alignnone size-medium wp-image-25113\" src=\"https:\/\/www.ospitalarioakfundazioaeuskadi.org\/wp-content\/uploads\/2021\/09\/residencia-barandiaran-carnaval-2021-4-188x179-1.jpg\" alt=\"Residencia Barandiaran - Carnaval 2021\" width=\"188\" height=\"179\" title=\"\"><\/a> <a href=\"https:\/\/www.personamayor.org\/wp-content\/uploads\/residencia-barandiaran-carnaval-2021-5.jpg\" rel=\"nofollow noopener\" target=\"_blank\"><img loading=\"lazy\" decoding=\"async\" class=\"alignnone size-medium wp-image-25116\" src=\"https:\/\/www.ospitalarioakfundazioaeuskadi.org\/wp-content\/uploads\/2021\/09\/residencia-barandiaran-carnaval-2021-5-239x179-1.jpg\" alt=\"Residencia Barandiaran - Carnaval 2021\" width=\"239\" height=\"179\" title=\"\"><\/a> <a href=\"https:\/\/www.personamayor.org\/wp-content\/uploads\/residencia-barandiaran-carnaval-2021-6.jpg\" rel=\"nofollow noopener\" target=\"_blank\"><img loading=\"lazy\" decoding=\"async\" class=\"alignnone size-medium wp-image-25119\" src=\"https:\/\/www.ospitalarioakfundazioaeuskadi.org\/wp-content\/uploads\/2021\/09\/residencia-barandiaran-carnaval-2021-6-146x179-1.jpg\" alt=\"Residencia Barandiaran - Carnaval 2021\" width=\"146\" height=\"179\" title=\"\"><\/a> <a href=\"https:\/\/www.personamayor.org\/wp-content\/uploads\/residencia-barandiaran-carnaval-2021-7.jpg\" rel=\"nofollow noopener\" target=\"_blank\"><img loading=\"lazy\" decoding=\"async\" class=\"alignnone size-medium wp-image-25122\" src=\"https:\/\/www.ospitalarioakfundazioaeuskadi.org\/wp-content\/uploads\/2021\/09\/residencia-barandiaran-carnaval-2021-7-138x179-1.jpg\" alt=\"Residencia Barandiaran - Carnaval 2021\" width=\"138\" height=\"179\" title=\"\"><\/a><\/p>\n","protected":false},"excerpt":{"rendered":"<p>Este a\u00f1o, como todos los a\u00f1os, celebramos el <strong>Martes de Carnaval<\/strong> en la <a href=\"https:\/\/ospitalarioakfundazioaeuskadi.org\/es\/p10303641-600x450\/\">Residencia de mayores Joxe Miel Barandiaran<\/a>.<\/p>\n<div class=\"link-more\"><a href=\"https:\/\/ospitalarioakfundazioaeuskadi.org\/es\/carnaval-en-la-residencia-barandiaran\/#more-23930\" class=\"more-link\">Seguir leyendo<span class=\"screen-reader-text\"> &ldquo;Carnaval en la Residencia Barandiaran&rdquo;<\/span>&hellip;<\/a><\/div>\n","protected":false},"author":1,"featured_media":12553,"comment_status":"closed","ping_status":"closed","sticky":false,"template":"","format":"standard","meta":{"footnotes":""},"categories":[650],"tags":[],"linea-asistencial":[980],"class_list":["post-23930","post","type-post","status-publish","format-standard","has-post-thumbnail","hentry","category-residencia-joxe-miel-barandiaran-durango","linea-asistencial-4-persona-mayor","entry"],"_links":{"self":[{"href":"https:\/\/ospitalarioakfundazioaeuskadi.org\/es\/wp-json\/wp\/v2\/posts\/23930","targetHints":{"allow":["GET"]}}],"collection":[{"href":"https:\/\/ospitalarioakfundazioaeuskadi.org\/es\/wp-json\/wp\/v2\/posts"}],"about":[{"href":"https:\/\/ospitalarioakfundazioaeuskadi.org\/es\/wp-json\/wp\/v2\/types\/post"}],"author":[{"embeddable":true,"href":"https:\/\/ospitalarioakfundazioaeuskadi.org\/es\/wp-json\/wp\/v2\/users\/1"}],"replies":[{"embeddable":true,"href":"https:\/\/ospitalarioakfundazioaeuskadi.org\/es\/wp-json\/wp\/v2\/comments?post=23930"}],"version-history":[{"count":1,"href":"https:\/\/ospitalarioakfundazioaeuskadi.org\/es\/wp-json\/wp\/v2\/posts\/23930\/revisions"}],"predecessor-version":[{"id":54847,"href":"https:\/\/ospitalarioakfundazioaeuskadi.org\/es\/wp-json\/wp\/v2\/posts\/23930\/revisions\/54847"}],"wp:featuredmedia":[{"embeddable":true,"href":"https:\/\/ospitalarioakfundazioaeuskadi.org\/es\/wp-json\/wp\/v2\/media\/12553"}],"wp:attachment":[{"href":"https:\/\/ospitalarioakfundazioaeuskadi.org\/es\/wp-json\/wp\/v2\/media?parent=23930"}],"wp:term":[{"taxonomy":"category","embeddable":true,"href":"https:\/\/ospitalarioakfundazioaeuskadi.org\/es\/wp-json\/wp\/v2\/categories?post=23930"},{"taxonomy":"post_tag","embeddable":true,"href":"https:\/\/ospitalarioakfundazioaeuskadi.org\/es\/wp-json\/wp\/v2\/tags?post=23930"},{"taxonomy":"linea-asistencial","embeddable":true,"href":"https:\/\/ospitalarioakfundazioaeuskadi.org\/es\/wp-json\/wp\/v2\/linea-asistencial?post=23930"}],"curies":[{"name":"wp","href":"https:\/\/api.w.org\/{rel}","templated":true}]}}