{"id":23932,"date":"2021-03-02T00:00:00","date_gmt":"2021-03-02T00:00:00","guid":{"rendered":"http:\/\/194.35.43.170\/~aitamenninueva\/superheroes-en-txurdinagabarri\/"},"modified":"2022-11-20T08:20:06","modified_gmt":"2022-11-20T08:20:06","slug":"superheroes-en-txurdinagabarri","status":"publish","type":"post","link":"https:\/\/ospitalarioakfundazioaeuskadi.org\/es\/superheroes-en-txurdinagabarri\/","title":{"rendered":"Superh\u00e9roes en Txurdinagabarri"},"content":{"rendered":"<p>Este \u00faltimo a\u00f1o ha sido muy duro en la <a href=\"https:\/\/ospitalarioakfundazioaeuskadi.org\/es\/centro\/residencia-mayores-bilbao-txurdinagabarri\/\">Residencia Txurdinagabarri<\/a>, y en especial para las personas residentes, que han sido muy fuertes y valientes para sobrellevar la situaci\u00f3n, unos aut\u00e9nticos <strong>h\u00e9roes<\/strong>.<\/p>\n<p><!--more--><\/p>\n<p>Por eso, qu\u00e9 mejor disfraz para los <strong>Carnavales<\/strong> de este a\u00f1o que de los superh\u00e9roes m\u00e1s conocidos: Batman, Spiderman, Superman, Capit\u00e1n Am\u00e9rica y Thor.<\/p>\n<p>As\u00ed que, unas semanas antes, nos pusimos manos a la obra para hacer los disfraces. Cada planta se encarg\u00f3 de preparar el disfraz de cada superh\u00e9roe, aunque luego en cada planta nos disfrazamos de todos ellos. Y tambi\u00e9n realizamos entre todos el photocall.<\/p>\n<p>Este a\u00f1o, ya que no nos hemos podido juntarnos en el sal\u00f3n como solemos hacer, aprovechando el buen tiempo hemos trasladado la fiesta a la azotea. Y lo hemos hecho en diferentes d\u00edas, martes y mi\u00e9rcoles de la semana de Carnaval, de manera que cada planta y m\u00f3dulo han podido disfrutar de su fiesta de Carnaval, en la que no faltaron las fotos, los bailes y las risas.<\/p>\n<p>Adem\u00e1s, todos los y las residentes pudieron disfrutar en la merienda de unas ricas torrijas.<\/p>\n<p>Este a\u00f1o, aunque diferente, tambi\u00e9n hemos podido disfrutar de nuestro Carnaval.<\/p>\n<p>&nbsp;<\/p>\n<p><em><a href=\"https:\/\/www.personamayor.org\/wp-content\/uploads\/txurdi-carnaval-2021-1.jpg\" rel=\"nofollow noopener\" target=\"_blank\"><img decoding=\"async\" class=\"alignnone size-medium wp-image-25150\" src=\"https:\/\/www.ospitalarioakfundazioaeuskadi.org\/wp-content\/uploads\/2021\/09\/txurdi-carnaval-2021-1-219x179-1.jpg\" alt=\" width=\" height=\"179\" title=\"\"><\/a> <a href=\"https:\/\/www.personamayor.org\/wp-content\/uploads\/txurdi-carnaval-2021-2.jpg\" rel=\"nofollow noopener\" target=\"_blank\"><img decoding=\"async\" class=\"alignnone size-medium wp-image-25153\" src=\"https:\/\/www.ospitalarioakfundazioaeuskadi.org\/wp-content\/uploads\/2021\/09\/txurdi-carnaval-2021-2-134x179-1.jpg\" alt=\" width=\" height=\"179\" title=\"\"><\/a> <a href=\"https:\/\/www.personamayor.org\/wp-content\/uploads\/txurdi-carnaval-2021-3.jpg\" rel=\"nofollow noopener\" target=\"_blank\"><img decoding=\"async\" class=\"alignnone size-medium wp-image-25156\" src=\"https:\/\/www.ospitalarioakfundazioaeuskadi.org\/wp-content\/uploads\/2021\/09\/txurdi-carnaval-2021-3-239x179-1.jpg\" alt=\" width=\" height=\"179\" title=\"\"><\/a> <a href=\"https:\/\/www.personamayor.org\/wp-content\/uploads\/txurdi-carnaval-2021-4.jpg\" rel=\"nofollow noopener\" target=\"_blank\"><img decoding=\"async\" class=\"alignnone size-medium wp-image-25159\" src=\"https:\/\/www.ospitalarioakfundazioaeuskadi.org\/wp-content\/uploads\/2021\/09\/txurdi-carnaval-2021-4-239x179-1.jpg\" alt=\" width=\" height=\"179\" title=\"\"><\/a> <a href=\"https:\/\/www.personamayor.org\/wp-content\/uploads\/txurdi-carnaval-2021-5.jpg\" rel=\"nofollow noopener\" target=\"_blank\"><img decoding=\"async\" class=\"alignnone size-medium wp-image-25162\" src=\"https:\/\/www.ospitalarioakfundazioaeuskadi.org\/wp-content\/uploads\/2021\/09\/txurdi-carnaval-2021-5-239x179-1.jpg\" alt=\" width=\" height=\"179\" title=\"\"><\/a> <a href=\"https:\/\/www.personamayor.org\/wp-content\/uploads\/txurdi-carnaval-2021-6.jpg\" rel=\"nofollow noopener\" target=\"_blank\"><img decoding=\"async\" class=\"alignnone size-medium wp-image-25165\" src=\"https:\/\/www.ospitalarioakfundazioaeuskadi.org\/wp-content\/uploads\/2021\/09\/txurdi-carnaval-2021-6-239x179-1.jpg\" alt=\" width=\" height=\"179\" title=\"\"><\/a> <a href=\"https:\/\/www.personamayor.org\/wp-content\/uploads\/txurdi-carnaval-2021-7.jpg\" rel=\"nofollow noopener\" target=\"_blank\"><img decoding=\"async\" class=\"alignnone size-medium wp-image-25168\" src=\"https:\/\/www.ospitalarioakfundazioaeuskadi.org\/wp-content\/uploads\/2021\/09\/txurdi-carnaval-2021-7-134x179-1.jpg\" alt=\" width=\" height=\"179\" title=\"\"><\/a> <a href=\"https:\/\/www.personamayor.org\/wp-content\/uploads\/txurdi-carnaval-2021-8.jpg\" rel=\"nofollow noopener\" target=\"_blank\"><img decoding=\"async\" class=\"alignnone size-medium wp-image-25171\" src=\"https:\/\/www.ospitalarioakfundazioaeuskadi.org\/wp-content\/uploads\/2021\/09\/txurdi-carnaval-2021-8-134x179-1.jpg\" alt=\" width=\" height=\"179\" title=\"\"><\/a> <a href=\"https:\/\/www.personamayor.org\/wp-content\/uploads\/txurdi-carnaval-2021-9.jpg\" rel=\"nofollow noopener\" target=\"_blank\"><img decoding=\"async\" class=\"alignnone size-medium wp-image-25174\" src=\"https:\/\/www.ospitalarioakfundazioaeuskadi.org\/wp-content\/uploads\/2021\/09\/txurdi-carnaval-2021-9-134x179-1.jpg\" alt=\" width=\" height=\"179\" title=\"\"><\/a> <a href=\"https:\/\/www.personamayor.org\/wp-content\/uploads\/txurdi-carnaval-2021-10.jpg\" rel=\"nofollow noopener\" target=\"_blank\"><img decoding=\"async\" class=\"alignnone size-medium wp-image-25177\" src=\"https:\/\/www.ospitalarioakfundazioaeuskadi.org\/wp-content\/uploads\/2021\/09\/txurdi-carnaval-2021-10-134x179-1.jpg\" alt=\" width=\" height=\"179\" title=\"\"><\/a> <a href=\"https:\/\/www.personamayor.org\/wp-content\/uploads\/txurdi-carnaval-2021-11.jpg\" rel=\"nofollow noopener\" target=\"_blank\"><img decoding=\"async\" class=\"alignnone size-medium wp-image-25180\" src=\"https:\/\/www.ospitalarioakfundazioaeuskadi.org\/wp-content\/uploads\/2021\/09\/txurdi-carnaval-2021-11-239x179-1.jpg\" alt=\" width=\" height=\"179\" title=\"\"><\/a> <a href=\"https:\/\/www.personamayor.org\/wp-content\/uploads\/txurdi-carnaval-2021-12.jpg\" rel=\"nofollow noopener\" target=\"_blank\"><img decoding=\"async\" class=\"alignnone size-medium wp-image-25183\" src=\"https:\/\/www.ospitalarioakfundazioaeuskadi.org\/wp-content\/uploads\/2021\/09\/txurdi-carnaval-2021-12-239x179-1.jpg\" alt=\" width=\" height=\"179\" title=\"\"><\/a> <a href=\"https:\/\/www.personamayor.org\/wp-content\/uploads\/txurdi-carnaval-2021-13.jpg\" rel=\"nofollow noopener\" target=\"_blank\"><img decoding=\"async\" class=\"alignnone size-medium wp-image-25186\" src=\"https:\/\/www.ospitalarioakfundazioaeuskadi.org\/wp-content\/uploads\/2021\/09\/txurdi-carnaval-2021-13-173x179-1.jpg\" alt=\" width=\" height=\"179\" title=\"\"><\/a> <a href=\"https:\/\/www.personamayor.org\/wp-content\/uploads\/txurdi-carnaval-2021-14.jpg\" rel=\"nofollow noopener\" target=\"_blank\"><img decoding=\"async\" class=\"alignnone size-medium wp-image-25189\" src=\"https:\/\/www.ospitalarioakfundazioaeuskadi.org\/wp-content\/uploads\/2021\/09\/txurdi-carnaval-2021-14-134x179-1.jpg\" alt=\" width=\" height=\"179\" title=\"\"><\/a> <a href=\"https:\/\/www.personamayor.org\/wp-content\/uploads\/txurdi-carnaval-2021-15.jpg\" rel=\"nofollow noopener\" target=\"_blank\"><img decoding=\"async\" class=\"alignnone size-medium wp-image-25192\" src=\"https:\/\/www.ospitalarioakfundazioaeuskadi.org\/wp-content\/uploads\/2021\/09\/txurdi-carnaval-2021-15-239x179-1.jpg\" alt=\" width=\" height=\"179\" title=\"\"><\/a> <a href=\"https:\/\/www.personamayor.org\/wp-content\/uploads\/txurdi-carnaval-2021-16.jpg\" rel=\"nofollow noopener\" target=\"_blank\"><img decoding=\"async\" class=\"alignnone size-medium wp-image-25195\" src=\"https:\/\/www.ospitalarioakfundazioaeuskadi.org\/wp-content\/uploads\/2021\/09\/txurdi-carnaval-2021-16-239x179-1.jpg\" alt=\" width=\" height=\"179\" title=\"\"><\/a> <a href=\"https:\/\/www.personamayor.org\/wp-content\/uploads\/txurdi-carnaval-2021-17.jpg\" rel=\"nofollow noopener\" target=\"_blank\"><img decoding=\"async\" class=\"alignnone size-medium wp-image-25198\" src=\"https:\/\/www.ospitalarioakfundazioaeuskadi.org\/wp-content\/uploads\/2021\/09\/txurdi-carnaval-2021-17-134x179-1.jpg\" alt=\" width=\" height=\"179\" title=\"\"><\/a> <a href=\"https:\/\/www.personamayor.org\/wp-content\/uploads\/txurdi-carnaval-2021-18.jpg\" rel=\"nofollow noopener\" target=\"_blank\"><img decoding=\"async\" class=\"alignnone size-medium wp-image-25201\" src=\"https:\/\/www.ospitalarioakfundazioaeuskadi.org\/wp-content\/uploads\/2021\/09\/txurdi-carnaval-2021-18-134x179-1.jpg\" alt=\" width=\" height=\"179\" title=\"\"><\/a> <a href=\"https:\/\/www.personamayor.org\/wp-content\/uploads\/txurdi-carnaval-2021-19.jpg\" rel=\"nofollow noopener\" target=\"_blank\"><img decoding=\"async\" class=\"alignnone size-medium wp-image-25204\" src=\"https:\/\/www.ospitalarioakfundazioaeuskadi.org\/wp-content\/uploads\/2021\/09\/txurdi-carnaval-2021-19-239x179-1.jpg\" alt=\" width=\" height=\"179\" title=\"\"><\/a> <a href=\"https:\/\/www.personamayor.org\/wp-content\/uploads\/txurdi-carnaval-2021-20.jpg\" rel=\"nofollow noopener\" target=\"_blank\"><img decoding=\"async\" class=\"alignnone size-medium wp-image-25207\" src=\"https:\/\/www.ospitalarioakfundazioaeuskadi.org\/wp-content\/uploads\/2021\/09\/txurdi-carnaval-2021-20-239x179-1.jpg\" alt=\" width=\" height=\"179\" title=\"\"><\/a> <a href=\"https:\/\/www.personamayor.org\/wp-content\/uploads\/txurdi-carnaval-2021-21.jpg\" rel=\"nofollow noopener\" target=\"_blank\"><img decoding=\"async\" class=\"alignnone size-medium wp-image-25210\" src=\"https:\/\/www.ospitalarioakfundazioaeuskadi.org\/wp-content\/uploads\/2021\/09\/txurdi-carnaval-2021-21-239x179-1.jpg\" alt=\" width=\" height=\"179\" title=\"\"><\/a> <a href=\"https:\/\/www.personamayor.org\/wp-content\/uploads\/txurdi-carnaval-2021-22.jpg\" rel=\"nofollow noopener\" target=\"_blank\"><img decoding=\"async\" class=\"alignnone size-medium wp-image-25213\" src=\"https:\/\/www.ospitalarioakfundazioaeuskadi.org\/wp-content\/uploads\/2021\/09\/txurdi-carnaval-2021-22-134x179-1.jpg\" alt=\" width=\" height=\"179\" title=\"\"><\/a> <a href=\"https:\/\/www.personamayor.org\/wp-content\/uploads\/txurdi-carnaval-2021-23.jpg\" rel=\"nofollow noopener\" target=\"_blank\"><img decoding=\"async\" class=\"alignnone size-medium wp-image-25216\" src=\"https:\/\/www.ospitalarioakfundazioaeuskadi.org\/wp-content\/uploads\/2021\/09\/txurdi-carnaval-2021-23-134x179-1.jpg\" alt=\" width=\" height=\"179\" title=\"\"><\/a> <a href=\"https:\/\/www.personamayor.org\/wp-content\/uploads\/txurdi-carnaval-2021-24.jpg\" rel=\"nofollow noopener\" target=\"_blank\"><img decoding=\"async\" class=\"alignnone size-medium wp-image-25219\" src=\"https:\/\/www.ospitalarioakfundazioaeuskadi.org\/wp-content\/uploads\/2021\/09\/txurdi-carnaval-2021-24-134x179-1.jpg\" alt=\" width=\" height=\"179\" title=\"\"><\/a> <a href=\"https:\/\/www.personamayor.org\/wp-content\/uploads\/txurdi-carnaval-2021-25.jpg\" rel=\"nofollow noopener\" target=\"_blank\"><img decoding=\"async\" class=\"alignnone size-medium wp-image-25222\" src=\"https:\/\/www.ospitalarioakfundazioaeuskadi.org\/wp-content\/uploads\/2021\/09\/txurdi-carnaval-2021-25-134x179-1.jpg\" alt=\" width=\" height=\"179\" title=\"\"><\/a> <a href=\"https:\/\/www.personamayor.org\/wp-content\/uploads\/txurdi-carnaval-2021-26.jpg\" rel=\"nofollow noopener\" target=\"_blank\"><img decoding=\"async\" class=\"alignnone size-medium wp-image-25225\" src=\"https:\/\/www.ospitalarioakfundazioaeuskadi.org\/wp-content\/uploads\/2021\/09\/txurdi-carnaval-2021-26-134x179-1.jpg\" alt=\" width=\" height=\"179\" title=\"\"><\/a> <a href=\"https:\/\/www.personamayor.org\/wp-content\/uploads\/txurdi-carnaval-2021-27.jpg\" rel=\"nofollow noopener\" target=\"_blank\"><img decoding=\"async\" class=\"alignnone size-medium wp-image-25228\" src=\"https:\/\/www.ospitalarioakfundazioaeuskadi.org\/wp-content\/uploads\/2021\/09\/txurdi-carnaval-2021-27-239x179-1.jpg\" alt=\" width=\" height=\"179\" title=\"\"><\/a> <a href=\"https:\/\/www.personamayor.org\/wp-content\/uploads\/txurdi-carnaval-2021-28.jpg\" rel=\"nofollow noopener\" target=\"_blank\"><img decoding=\"async\" class=\"alignnone size-medium wp-image-25231\" src=\"https:\/\/www.ospitalarioakfundazioaeuskadi.org\/wp-content\/uploads\/2021\/09\/txurdi-carnaval-2021-28-239x179-1.jpg\" alt=\" width=\" height=\"179\" title=\"\"><\/a> <a href=\"https:\/\/www.personamayor.org\/wp-content\/uploads\/txurdi-carnaval-2021-29.jpg\" rel=\"nofollow noopener\" target=\"_blank\"><img decoding=\"async\" class=\"alignnone size-medium wp-image-25234\" src=\"https:\/\/www.ospitalarioakfundazioaeuskadi.org\/wp-content\/uploads\/2021\/09\/txurdi-carnaval-2021-29-239x179-1.jpg\" alt=\" width=\" height=\"179\" title=\"\"><\/a> <a href=\"https:\/\/www.personamayor.org\/wp-content\/uploads\/txurdi-carnaval-2021-30.jpg\" rel=\"nofollow noopener\" target=\"_blank\"><img decoding=\"async\" class=\"alignnone size-medium wp-image-25237\" src=\"https:\/\/www.ospitalarioakfundazioaeuskadi.org\/wp-content\/uploads\/2021\/09\/txurdi-carnaval-2021-30-239x179-1.jpg\" alt=\" width=\" height=\"179\" title=\"\"><\/a> <a href=\"https:\/\/www.personamayor.org\/wp-content\/uploads\/txurdi-carnaval-2021-31.jpg\" rel=\"nofollow noopener\" target=\"_blank\"><img decoding=\"async\" class=\"alignnone size-medium wp-image-25240\" src=\"https:\/\/www.ospitalarioakfundazioaeuskadi.org\/wp-content\/uploads\/2021\/09\/txurdi-carnaval-2021-31-239x179-1.jpg\" alt=\" width=\" height=\"179\" title=\"\"><\/a> <a href=\"https:\/\/www.personamayor.org\/wp-content\/uploads\/txurdi-carnaval-2021-32.jpg\" rel=\"nofollow noopener\" target=\"_blank\"><img decoding=\"async\" class=\"alignnone size-medium wp-image-25243\" src=\"https:\/\/www.ospitalarioakfundazioaeuskadi.org\/wp-content\/uploads\/2021\/09\/txurdi-carnaval-2021-32-239x179-1.jpg\" alt=\" width=\" height=\"179\" title=\"\"><\/a> <a href=\"https:\/\/www.personamayor.org\/wp-content\/uploads\/txurdi-carnaval-2021-33.jpg\" rel=\"nofollow noopener\" target=\"_blank\"><img decoding=\"async\" class=\"alignnone size-medium wp-image-25246\" src=\"https:\/\/www.ospitalarioakfundazioaeuskadi.org\/wp-content\/uploads\/2021\/09\/txurdi-carnaval-2021-33-239x179-1.jpg\" alt=\" width=\" height=\"179\" title=\"\"><\/a> <a href=\"https:\/\/www.personamayor.org\/wp-content\/uploads\/txurdi-carnaval-2021-34.jpg\" rel=\"nofollow noopener\" target=\"_blank\"><img decoding=\"async\" class=\"alignnone size-medium wp-image-25249\" src=\"https:\/\/www.ospitalarioakfundazioaeuskadi.org\/wp-content\/uploads\/2021\/09\/txurdi-carnaval-2021-34-239x179-1.jpg\" alt=\" width=\" height=\"179\" title=\"\"><\/a> <a href=\"https:\/\/www.personamayor.org\/wp-content\/uploads\/txurdi-carnaval-2021-35.jpg\" rel=\"nofollow noopener\" target=\"_blank\"><img decoding=\"async\" class=\"alignnone size-medium wp-image-25252\" src=\"https:\/\/www.ospitalarioakfundazioaeuskadi.org\/wp-content\/uploads\/2021\/09\/txurdi-carnaval-2021-35-134x179-1.jpg\" alt=\" width=\" height=\"179\" title=\"\"><\/a> <a href=\"https:\/\/www.personamayor.org\/wp-content\/uploads\/txurdi-carnaval-2021-36.jpg\" rel=\"nofollow noopener\" target=\"_blank\"><img decoding=\"async\" class=\"alignnone size-medium wp-image-25255\" src=\"https:\/\/www.ospitalarioakfundazioaeuskadi.org\/wp-content\/uploads\/2021\/09\/txurdi-carnaval-2021-36-134x179-1.jpg\" alt=\" width=\" height=\"179\" title=\"\"><\/a> <a href=\"https:\/\/www.personamayor.org\/wp-content\/uploads\/txurdi-carnaval-2021-37.jpg\" rel=\"nofollow noopener\" target=\"_blank\"><img decoding=\"async\" class=\"alignnone size-medium wp-image-25258\" src=\"https:\/\/www.ospitalarioakfundazioaeuskadi.org\/wp-content\/uploads\/2021\/09\/txurdi-carnaval-2021-37-239x179-1.jpg\" alt=\" width=\" height=\"179\" title=\"\"><\/a> <a href=\"https:\/\/www.personamayor.org\/wp-content\/uploads\/txurdi-carnaval-2021-38.jpg\" rel=\"nofollow noopener\" target=\"_blank\"><img decoding=\"async\" class=\"alignnone size-medium wp-image-25261\" src=\"https:\/\/www.ospitalarioakfundazioaeuskadi.org\/wp-content\/uploads\/2021\/09\/txurdi-carnaval-2021-38-239x179-1.jpg\" alt=\" width=\" height=\"179\" title=\"\"><\/a> <a href=\"https:\/\/www.personamayor.org\/wp-content\/uploads\/txurdi-carnaval-2021-39.jpg\" rel=\"nofollow noopener\" target=\"_blank\"><img decoding=\"async\" class=\"alignnone size-medium wp-image-25264\" src=\"https:\/\/www.ospitalarioakfundazioaeuskadi.org\/wp-content\/uploads\/2021\/09\/txurdi-carnaval-2021-39-134x179-1.jpg\" alt=\" width=\" height=\"179\" title=\"\"><\/a> <a href=\"https:\/\/www.personamayor.org\/wp-content\/uploads\/txurdi-carnaval-2021-40.jpg\" rel=\"nofollow noopener\" target=\"_blank\"><img decoding=\"async\" class=\"alignnone size-medium wp-image-25267\" src=\"https:\/\/www.ospitalarioakfundazioaeuskadi.org\/wp-content\/uploads\/2021\/09\/txurdi-carnaval-2021-40-134x179-1.jpg\" alt=\" width=\" height=\"179\" title=\"\"><\/a> <a href=\"https:\/\/www.personamayor.org\/wp-content\/uploads\/txurdi-carnaval-2021-41.jpg\" rel=\"nofollow noopener\" target=\"_blank\"><img decoding=\"async\" class=\"alignnone size-medium wp-image-25270\" src=\"https:\/\/www.ospitalarioakfundazioaeuskadi.org\/wp-content\/uploads\/2021\/09\/txurdi-carnaval-2021-41-134x179-1.jpg\" alt=\" width=\" height=\"179\" title=\"\"><\/a> <a href=\"https:\/\/www.personamayor.org\/wp-content\/uploads\/txurdi-carnaval-2021-42.jpg\" rel=\"nofollow noopener\" target=\"_blank\"><img decoding=\"async\" class=\"alignnone size-medium wp-image-25273\" src=\"https:\/\/www.ospitalarioakfundazioaeuskadi.org\/wp-content\/uploads\/2021\/09\/txurdi-carnaval-2021-42-134x179-1.jpg\" alt=\" width=\" height=\"179\" title=\"\"><\/a> <a href=\"https:\/\/www.personamayor.org\/wp-content\/uploads\/txurdi-carnaval-2021-43.jpg\" rel=\"nofollow noopener\" target=\"_blank\"><img decoding=\"async\" class=\"alignnone size-medium wp-image-25276\" src=\"https:\/\/www.ospitalarioakfundazioaeuskadi.org\/wp-content\/uploads\/2021\/09\/txurdi-carnaval-2021-43-134x179-1.jpg\" alt=\" width=\" height=\"179\" title=\"\"><\/a> <a href=\"https:\/\/www.personamayor.org\/wp-content\/uploads\/txurdi-carnaval-2021-44.jpg\" rel=\"nofollow noopener\" target=\"_blank\"><img decoding=\"async\" class=\"alignnone size-medium wp-image-25279\" src=\"https:\/\/www.ospitalarioakfundazioaeuskadi.org\/wp-content\/uploads\/2021\/09\/txurdi-carnaval-2021-44-239x179-1.jpg\" alt=\" width=\" height=\"179\" title=\"\"><\/a> <a href=\"https:\/\/www.personamayor.org\/wp-content\/uploads\/txurdi-carnaval-2021-45.jpg\" rel=\"nofollow noopener\" target=\"_blank\"><img decoding=\"async\" class=\"alignnone size-medium wp-image-25282\" src=\"https:\/\/www.ospitalarioakfundazioaeuskadi.org\/wp-content\/uploads\/2021\/09\/txurdi-carnaval-2021-45-239x179-1.jpg\" alt=\" width=\" height=\"179\" title=\"\"><\/a> <a href=\"https:\/\/www.personamayor.org\/wp-content\/uploads\/txurdi-carnaval-2021-46.jpg\" rel=\"nofollow noopener\" target=\"_blank\"><img decoding=\"async\" class=\"alignnone size-medium wp-image-25285\" src=\"https:\/\/www.ospitalarioakfundazioaeuskadi.org\/wp-content\/uploads\/2021\/09\/txurdi-carnaval-2021-46-134x179-1.jpg\" alt=\" width=\" height=\"179\" title=\"\"><\/a> <a href=\"https:\/\/www.personamayor.org\/wp-content\/uploads\/txurdi-carnaval-2021-47.jpg\" rel=\"nofollow noopener\" target=\"_blank\"><img decoding=\"async\" class=\"alignnone size-medium wp-image-25288\" src=\"https:\/\/www.ospitalarioakfundazioaeuskadi.org\/wp-content\/uploads\/2021\/09\/txurdi-carnaval-2021-47-134x179-1.jpg\" alt=\" width=\" height=\"179\" title=\"\"><\/a> <a href=\"https:\/\/www.personamayor.org\/wp-content\/uploads\/txurdi-carnaval-2021-48.jpg\" rel=\"nofollow noopener\" target=\"_blank\"><img decoding=\"async\" class=\"alignnone size-medium wp-image-25291\" src=\"https:\/\/www.ospitalarioakfundazioaeuskadi.org\/wp-content\/uploads\/2021\/09\/txurdi-carnaval-2021-48-239x179-1.jpg\" alt=\" width=\" height=\"179\" title=\"\"><\/a> <a href=\"https:\/\/www.personamayor.org\/wp-content\/uploads\/txurdi-carnaval-2021-49.jpg\" rel=\"nofollow noopener\" target=\"_blank\"><img decoding=\"async\" class=\"alignnone size-medium wp-image-25294\" src=\"https:\/\/www.ospitalarioakfundazioaeuskadi.org\/wp-content\/uploads\/2021\/09\/txurdi-carnaval-2021-49-134x179-1.jpg\" alt=\" width=\" height=\"179\" title=\"\"><\/a> <a href=\"https:\/\/www.personamayor.org\/wp-content\/uploads\/txurdi-carnaval-2021-50.jpg\" rel=\"nofollow noopener\" target=\"_blank\"><img decoding=\"async\" class=\"alignnone size-medium wp-image-25297\" src=\"https:\/\/www.ospitalarioakfundazioaeuskadi.org\/wp-content\/uploads\/2021\/09\/txurdi-carnaval-2021-50-134x179-1.jpg\" alt=\" width=\" height=\"179\" title=\"\"><\/a> <a href=\"https:\/\/www.personamayor.org\/wp-content\/uploads\/txurdi-carnaval-2021-51.jpg\" rel=\"nofollow noopener\" target=\"_blank\"><img decoding=\"async\" class=\"alignnone size-medium wp-image-25300\" src=\"https:\/\/www.ospitalarioakfundazioaeuskadi.org\/wp-content\/uploads\/2021\/09\/txurdi-carnaval-2021-51-134x179-1.jpg\" alt=\" width=\" height=\"179\" title=\"\"><\/a> <a href=\"https:\/\/www.personamayor.org\/wp-content\/uploads\/txurdi-carnaval-2021-52.jpg\" rel=\"nofollow noopener\" target=\"_blank\"><img decoding=\"async\" class=\"alignnone size-medium wp-image-25303\" src=\"https:\/\/www.ospitalarioakfundazioaeuskadi.org\/wp-content\/uploads\/2021\/09\/txurdi-carnaval-2021-52-239x179-1.jpg\" alt=\" width=\" height=\"179\" title=\"\"><\/a> <a href=\"https:\/\/www.personamayor.org\/wp-content\/uploads\/txurdi-carnaval-2021-53.jpg\" rel=\"nofollow noopener\" target=\"_blank\"><img decoding=\"async\" class=\"alignnone size-medium wp-image-25306\" src=\"https:\/\/www.ospitalarioakfundazioaeuskadi.org\/wp-content\/uploads\/2021\/09\/txurdi-carnaval-2021-53-239x179-1.jpg\" alt=\" width=\" height=\"179\" title=\"\"><\/a> <a href=\"https:\/\/www.personamayor.org\/wp-content\/uploads\/txurdi-carnaval-2021-54.jpg\" rel=\"nofollow noopener\" target=\"_blank\"><img decoding=\"async\" class=\"alignnone size-medium wp-image-25309\" src=\"https:\/\/www.ospitalarioakfundazioaeuskadi.org\/wp-content\/uploads\/2021\/09\/txurdi-carnaval-2021-54-239x179-1.jpg\" alt=\" width=\" height=\"179\" title=\"\"><\/a> <a href=\"https:\/\/www.personamayor.org\/wp-content\/uploads\/txurdi-carnaval-2021-55.jpg\" rel=\"nofollow noopener\" target=\"_blank\"><img decoding=\"async\" class=\"alignnone size-medium wp-image-25312\" src=\"https:\/\/www.ospitalarioakfundazioaeuskadi.org\/wp-content\/uploads\/2021\/09\/txurdi-carnaval-2021-55-239x179-1.jpg\" alt=\" width=\" height=\"179\" title=\"\"><\/a> <a href=\"https:\/\/www.personamayor.org\/wp-content\/uploads\/txurdi-carnaval-2021-56.jpg\" rel=\"nofollow noopener\" target=\"_blank\"><img decoding=\"async\" class=\"alignnone size-medium wp-image-25315\" src=\"https:\/\/www.ospitalarioakfundazioaeuskadi.org\/wp-content\/uploads\/2021\/09\/txurdi-carnaval-2021-56-239x179-1.jpg\" alt=\" width=\" height=\"179\" title=\"\"><\/a> <a href=\"https:\/\/www.personamayor.org\/wp-content\/uploads\/txurdi-carnaval-2021-57.jpg\" rel=\"nofollow noopener\" target=\"_blank\"><img decoding=\"async\" class=\"alignnone size-medium wp-image-25318\" src=\"https:\/\/www.ospitalarioakfundazioaeuskadi.org\/wp-content\/uploads\/2021\/09\/txurdi-carnaval-2021-57-239x179-1.jpg\" alt=\" width=\" height=\"179\" title=\"\"><\/a> <a href=\"https:\/\/www.personamayor.org\/wp-content\/uploads\/txurdi-carnaval-2021-58.jpg\" rel=\"nofollow noopener\" target=\"_blank\"><img decoding=\"async\" class=\"alignnone size-medium wp-image-25321\" src=\"https:\/\/www.ospitalarioakfundazioaeuskadi.org\/wp-content\/uploads\/2021\/09\/txurdi-carnaval-2021-58-239x179-1.jpg\" alt=\" width=\" height=\"179\" title=\"\"><\/a> <a href=\"https:\/\/www.personamayor.org\/wp-content\/uploads\/txurdi-carnaval-2021-59.jpg\" rel=\"nofollow noopener\" target=\"_blank\"><img decoding=\"async\" class=\"alignnone size-medium wp-image-25324\" src=\"https:\/\/www.ospitalarioakfundazioaeuskadi.org\/wp-content\/uploads\/2021\/09\/txurdi-carnaval-2021-59-239x179-1.jpg\" alt=\" width=\" height=\"179\" title=\"\"><\/a> <a href=\"https:\/\/www.personamayor.org\/wp-content\/uploads\/txurdi-carnaval-2021-60.jpg\" rel=\"nofollow noopener\" target=\"_blank\"><img decoding=\"async\" class=\"alignnone size-medium wp-image-25327\" src=\"https:\/\/www.ospitalarioakfundazioaeuskadi.org\/wp-content\/uploads\/2021\/09\/txurdi-carnaval-2021-60-239x179-1.jpg\" alt=\" width=\" height=\"179\" title=\"\"><\/a> <a href=\"https:\/\/www.personamayor.org\/wp-content\/uploads\/txurdi-carnaval-2021-61.jpg\" rel=\"nofollow noopener\" target=\"_blank\"><img decoding=\"async\" class=\"alignnone size-medium wp-image-25330\" src=\"https:\/\/www.ospitalarioakfundazioaeuskadi.org\/wp-content\/uploads\/2021\/09\/txurdi-carnaval-2021-61-134x179-1.jpg\" alt=\" width=\" height=\"179\" title=\"\"><\/a><\/em><\/p>\n<p>&nbsp;<\/p>\n","protected":false},"excerpt":{"rendered":"<p>Este \u00faltimo a\u00f1o ha sido muy duro en la <a href=\"https:\/\/ospitalarioakfundazioaeuskadi.org\/es\/centro\/residencia-mayores-bilbao-txurdinagabarri\/\">Residencia Txurdinagabarri<\/a>, y en especial para las personas residentes, que han sido muy fuertes y valientes para sobrellevar la situaci\u00f3n, unos aut\u00e9nticos <strong>h\u00e9roes<\/strong>.<\/p>\n<div class=\"link-more\"><a href=\"https:\/\/ospitalarioakfundazioaeuskadi.org\/es\/superheroes-en-txurdinagabarri\/#more-23932\" class=\"more-link\">Seguir leyendo<span class=\"screen-reader-text\"> &ldquo;Superh\u00e9roes en Txurdinagabarri&rdquo;<\/span>&hellip;<\/a><\/div>\n","protected":false},"author":1,"featured_media":12695,"comment_status":"closed","ping_status":"closed","sticky":false,"template":"","format":"standard","meta":{"footnotes":""},"categories":[648],"tags":[702],"linea-asistencial":[980],"class_list":["post-23932","post","type-post","status-publish","format-standard","has-post-thumbnail","hentry","category-residencia-txurdinagabarri-bilbao","tag-residencia-txurdinagabarri","linea-asistencial-4-persona-mayor","entry"],"_links":{"self":[{"href":"https:\/\/ospitalarioakfundazioaeuskadi.org\/es\/wp-json\/wp\/v2\/posts\/23932","targetHints":{"allow":["GET"]}}],"collection":[{"href":"https:\/\/ospitalarioakfundazioaeuskadi.org\/es\/wp-json\/wp\/v2\/posts"}],"about":[{"href":"https:\/\/ospitalarioakfundazioaeuskadi.org\/es\/wp-json\/wp\/v2\/types\/post"}],"author":[{"embeddable":true,"href":"https:\/\/ospitalarioakfundazioaeuskadi.org\/es\/wp-json\/wp\/v2\/users\/1"}],"replies":[{"embeddable":true,"href":"https:\/\/ospitalarioakfundazioaeuskadi.org\/es\/wp-json\/wp\/v2\/comments?post=23932"}],"version-history":[{"count":1,"href":"https:\/\/ospitalarioakfundazioaeuskadi.org\/es\/wp-json\/wp\/v2\/posts\/23932\/revisions"}],"predecessor-version":[{"id":54842,"href":"https:\/\/ospitalarioakfundazioaeuskadi.org\/es\/wp-json\/wp\/v2\/posts\/23932\/revisions\/54842"}],"wp:featuredmedia":[{"embeddable":true,"href":"https:\/\/ospitalarioakfundazioaeuskadi.org\/es\/wp-json\/wp\/v2\/media\/12695"}],"wp:attachment":[{"href":"https:\/\/ospitalarioakfundazioaeuskadi.org\/es\/wp-json\/wp\/v2\/media?parent=23932"}],"wp:term":[{"taxonomy":"category","embeddable":true,"href":"https:\/\/ospitalarioakfundazioaeuskadi.org\/es\/wp-json\/wp\/v2\/categories?post=23932"},{"taxonomy":"post_tag","embeddable":true,"href":"https:\/\/ospitalarioakfundazioaeuskadi.org\/es\/wp-json\/wp\/v2\/tags?post=23932"},{"taxonomy":"linea-asistencial","embeddable":true,"href":"https:\/\/ospitalarioakfundazioaeuskadi.org\/es\/wp-json\/wp\/v2\/linea-asistencial?post=23932"}],"curies":[{"name":"wp","href":"https:\/\/api.w.org\/{rel}","templated":true}]}}