{"id":29379,"date":"2021-04-14T00:00:00","date_gmt":"2021-04-14T00:00:00","guid":{"rendered":"http:\/\/194.35.43.170\/~aitamenninueva\/formacion-online-la-rehabilitacion-de-las-afasias-evidencias-y-nuevos-modelos-abrimos-la-inscripcion\/"},"modified":"2023-02-20T21:11:04","modified_gmt":"2023-02-20T21:11:04","slug":"formacion-online-la-rehabilitacion-de-las-afasias-evidencias-y-nuevos-modelos-abrimos-la-inscripcion","status":"publish","type":"post","link":"https:\/\/ospitalarioakfundazioaeuskadi.org\/es\/formacion-online-la-rehabilitacion-de-las-afasias-evidencias-y-nuevos-modelos-abrimos-la-inscripcion\/","title":{"rendered":"Formaci\u00f3n online: &#8216;La rehabilitaci\u00f3n de las afasias. Evidencias y nuevos modelos&#8217;"},"content":{"rendered":"<p><strong>La Red Menni organiza un curso con el objetivo principal de conocer los avances, las t\u00e9cnicas de intervenci\u00f3n y las evidencias para cada semiolog\u00eda af\u00e1sica. La formaci\u00f3n se repartir\u00e1 en dos jornadas y tendr\u00e1 lugar de manera virtual las ma\u00f1anas de los s\u00e1bados 15 y 22 de mayo. Las personas interesadas pueden formalizar ya la matr\u00edcula para reservar su plaza.<\/strong><\/p>\n<p><strong>Desde el Hospital Aita Menni y la Red Menni de Da\u00f1o Cerebral seguimos contribuyendo a la formaci\u00f3n continua de los profesionales dedicados a la rehabilitaci\u00f3n<\/strong>. \u2018La rehabilitaci\u00f3n de las afasias. Evidencias y nuevos modelos\u2019 es el t\u00edtulo de nuestro pr\u00f3ximo curso.\u00a0 Se estima que tras un ictus siete de cada diez personas sufren <a href=\"https:\/\/xn--daocerebral-2db.es\/publicacion\/video-tratamiento-logopedico-de-la-afasia\/\" target=\"_blank\" rel=\"noopener nofollow\">afasia<\/a>, es decir, ven alterada su capacidad de lenguaje expresiva y\/o comprensiva.<\/p>\n<p>Nuestro curso profundizar\u00e1 en la rehabilitaci\u00f3n de las afasias, con el objetivo principal de conocer los avances, las t\u00e9cnicas de intervenci\u00f3n y las evidencias para cada semiolog\u00eda af\u00e1sica. El programa correr\u00e1 a cargo del prestigioso <a href=\"https:\/\/xn--daocerebral-2db.es\/marcelo-l-berthier-siempre-hay-posibilidades-de-mejoria-de-las-afasias\/\" target=\"_blank\" rel=\"noopener nofollow\">doctor Marcelo L. Berthier<\/a>, uno de los expertos m\u00e1s reconocidos en la materia, y se impartir\u00e1 durante las ma\u00f1anas de dos s\u00e1bados, concretamente los d\u00edas 15 y 22 de mayo. En esta ocasi\u00f3n, a causa de la pandemia, el curso se celebrar\u00e1 \u00edntegramente online.<\/p>\n<p><a href=\"https:\/\/xn--daocerebral-2db.es\/marcelo-l-berthier-siempre-hay-posibilidades-de-mejoria-de-las-afasias\/\" rel=\"nofollow noopener\" target=\"_blank\"><img loading=\"lazy\" decoding=\"async\" class=\"alignright wp-image-54561 size-medium\" title=\"Marcelo L. Berthier\" src=\"https:\/\/www.ospitalarioakfundazioaeuskadi.org\/wp-content\/uploads\/2021\/10\/Marcelo-Berthier-1-246x300-1.jpg\" alt=\" width=\"246\" height=\"300\" \/><\/a><\/p>\n<p>La formaci\u00f3n consta de dos sesiones de trabajo de 4 horas cada s\u00e1bado, con un primer bloque de presentaci\u00f3n de conocimientos te\u00f3ricos y una segunda parte de presentaci\u00f3n de casos cl\u00ednicos.<br \/>\nEl primer d\u00eda estar\u00e1 m\u00e1s centrado en las escalas y estrategias de evaluaci\u00f3n que permiten una mejor planificaci\u00f3n de los tratamientos.<\/p>\n<p>El segundo d\u00eda se centrar\u00e1 en las t\u00e9cnicas de intervenci\u00f3n abordando temas como la observaci\u00f3n-imitaci\u00f3n, las terapias grupales, el uso de la farmacoterapia y la rehabilitaci\u00f3n con ayuda de sistemas computerizados. Se realizar\u00e1 una aproximaci\u00f3n al tratamiento de semiolog\u00eda grave (perseveraciones, apraxias del habla) propia de las afasias globales y transcorticales mixtas.<\/p>\n<p>Dirigido a logopedas y profesionales sociosanitarios en general con inter\u00e9s en la neurorrehabilitaci\u00f3n, y <strong>con el aval de la <a href=\"https:\/\/www.neuro-reha.com\/\" target=\"_blank\" rel=\"noopener nofollow\">Sociedad Espa\u00f1ola de Neurorrehabilitaci\u00f3n (SENR)<\/a>,\u00a0<\/strong>este seminario web proporcionar\u00e1 a quienes participen una visi\u00f3n amplia de las afasias as\u00ed como de las novedades en investigaci\u00f3n sobre su rehabilitaci\u00f3n. P<strong>ara inscribirse simplemente hay que rellenar el formulario que se abre al clicar sobre el folleto y adjuntar el justificante de la trasferencia.<\/strong> El plazo de inscripci\u00f3n finalizar\u00e1 el d\u00eda 14 de mayo a las 12 del mediod\u00eda.<img decoding=\"async\" class=\"aligncenter wp-image-55100 size-full\" src=\"https:\/\/www.ospitalarioakfundazioaeuskadi.org\/wp-content\/uploads\/2021\/10\/Inscripcion-formacion-afasia_SENR-2.jpg\" alt=\" width=\" height=\"853\" title=\"\"><\/p>\n","protected":false},"excerpt":{"rendered":"<div class=\"entry-summary\">\nLa Red Menni organiza un curso con el objetivo principal de conocer los avances, las t\u00e9cnicas de intervenci\u00f3n y las evidencias para cada semiolog\u00eda af\u00e1sica. La formaci\u00f3n se repartir\u00e1 en dos jornadas y tendr\u00e1 lugar de manera virtual las ma\u00f1anas de los s\u00e1bados 15 y 22 de mayo. Las personas interesadas pueden formalizar ya la matr\u00edcula para reservar su plaza.\n<\/div>\n<div class=\"link-more\"><a href=\"https:\/\/ospitalarioakfundazioaeuskadi.org\/es\/formacion-online-la-rehabilitacion-de-las-afasias-evidencias-y-nuevos-modelos-abrimos-la-inscripcion\/\" class=\"more-link\">Seguir leyendo<span class=\"screen-reader-text\"> &ldquo;Formaci\u00f3n online: &#8216;La rehabilitaci\u00f3n de las afasias. Evidencias y nuevos modelos&#8217;&rdquo;<\/span>&hellip;<\/a><\/div>\n","protected":false},"author":1,"featured_media":29384,"comment_status":"closed","ping_status":"closed","sticky":false,"template":"","format":"standard","meta":{"footnotes":""},"categories":[646,1036,1009],"tags":[],"linea-asistencial":[981],"class_list":["post-29379","post","type-post","status-publish","format-standard","has-post-thumbnail","hentry","category-aita-menni","category-conocimiento","category-dano-cerebral","linea-asistencial-3-dano-cerebral","entry"],"_links":{"self":[{"href":"https:\/\/ospitalarioakfundazioaeuskadi.org\/es\/wp-json\/wp\/v2\/posts\/29379","targetHints":{"allow":["GET"]}}],"collection":[{"href":"https:\/\/ospitalarioakfundazioaeuskadi.org\/es\/wp-json\/wp\/v2\/posts"}],"about":[{"href":"https:\/\/ospitalarioakfundazioaeuskadi.org\/es\/wp-json\/wp\/v2\/types\/post"}],"author":[{"embeddable":true,"href":"https:\/\/ospitalarioakfundazioaeuskadi.org\/es\/wp-json\/wp\/v2\/users\/1"}],"replies":[{"embeddable":true,"href":"https:\/\/ospitalarioakfundazioaeuskadi.org\/es\/wp-json\/wp\/v2\/comments?post=29379"}],"version-history":[{"count":2,"href":"https:\/\/ospitalarioakfundazioaeuskadi.org\/es\/wp-json\/wp\/v2\/posts\/29379\/revisions"}],"predecessor-version":[{"id":59016,"href":"https:\/\/ospitalarioakfundazioaeuskadi.org\/es\/wp-json\/wp\/v2\/posts\/29379\/revisions\/59016"}],"wp:featuredmedia":[{"embeddable":true,"href":"https:\/\/ospitalarioakfundazioaeuskadi.org\/es\/wp-json\/wp\/v2\/media\/29384"}],"wp:attachment":[{"href":"https:\/\/ospitalarioakfundazioaeuskadi.org\/es\/wp-json\/wp\/v2\/media?parent=29379"}],"wp:term":[{"taxonomy":"category","embeddable":true,"href":"https:\/\/ospitalarioakfundazioaeuskadi.org\/es\/wp-json\/wp\/v2\/categories?post=29379"},{"taxonomy":"post_tag","embeddable":true,"href":"https:\/\/ospitalarioakfundazioaeuskadi.org\/es\/wp-json\/wp\/v2\/tags?post=29379"},{"taxonomy":"linea-asistencial","embeddable":true,"href":"https:\/\/ospitalarioakfundazioaeuskadi.org\/es\/wp-json\/wp\/v2\/linea-asistencial?post=29379"}],"curies":[{"name":"wp","href":"https:\/\/api.w.org\/{rel}","templated":true}]}}