{"id":29604,"date":"2019-01-22T00:00:00","date_gmt":"2019-01-22T00:00:00","guid":{"rendered":"http:\/\/194.35.43.170\/~aitamenninueva\/los-colegios-eskibel-y-erain-traen-de-nuevo-la-alegria-de-la-tamborrada-a-nuestro-centro-en-zuatzu\/"},"modified":"2022-10-25T13:44:18","modified_gmt":"2022-10-25T13:44:18","slug":"los-colegios-eskibel-y-erain-traen-de-nuevo-la-alegria-de-la-tamborrada-a-nuestro-centro-en-zuatzu","status":"publish","type":"post","link":"https:\/\/ospitalarioakfundazioaeuskadi.org\/es\/los-colegios-eskibel-y-erain-traen-de-nuevo-la-alegria-de-la-tamborrada-a-nuestro-centro-en-zuatzu\/","title":{"rendered":"Los colegios Eskibel y Erain traen de nuevo la alegr\u00eda de la Tamborrada a nuestro centro en Zuatzu"},"content":{"rendered":"<p><strong>Disfrutamos much\u00edsimo con los sonidos de los tambores y del entusiasmo que nos transmitieron<\/strong><\/p>\n<p>Esta Tamborrada 2019\u00a0 nuevamente las personas usuarias del\u00a0<a href=\"http:\/\/da\u00f1ocerebral.es\/la-red-menni\/la-red-menni-en-el-pais-vasco\/\" target=\"_blank\" rel=\"noopener nofollow\">Centro de D\u00eda Aita Menni en el Parque Zuatzu<\/a>\u00a0han podido sentir la emoci\u00f3n de los tambores muy de cerca, gracias a la formaci\u00f3n compuesta por el alumnado de los colegios <a href=\"http:\/\/www.eskibel.com\/\" target=\"_blank\" rel=\"noopener nofollow\">Eskibel <\/a>-con el cual mantenemos <a href=\"http:\/\/xn--daocerebral-2db.es\/interesante-colaboracion-entre-el-colegio-eskibel-y-el-centro-de-dia-de-dano-cerebral-de-san-sebastian\/\" target=\"_blank\" rel=\"noopener nofollow\">una relaci\u00f3n muy especial<\/a>&#8211; y <a href=\"http:\/\/www.erain.es\/\" target=\"_blank\" rel=\"noopener nofollow\">Erain<\/a>. Por tercer a\u00f1o consecutivo, el centro vibr\u00f3 con los sonidos de los tambores y se contagi\u00f3 de la alegr\u00eda que nos transmitieron ni\u00f1as y ni\u00f1os emulando al regimiento de granaderos de Wiesbaden, con su casaca marr\u00f3n y roja con correa blanca en el pecho, sus faldas o pantalones blancos y su gorro marr\u00f3n con pomp\u00f3n rojo.<\/p>\n<p><strong><em>\u00ab\u00a1Es el tercer a\u00f1o que vienen y estamos encantados y muy agradecidos!\u00bb<\/em><\/strong>, nos cuenta <strong>Leire Zelaia<\/strong>, terapeuta ocupacional de nuestro equipo. De camino al Centro y como novedad este a\u00f1o, la formaci\u00f3n de los colegios Eskibel y Erain desfil\u00f3 por primera vez por el pol\u00edgono empresarial\u00a0de Zuatzu ante la sorpresa de muchos profesionales que se asomaron a las ventanas para ver a ni\u00f1as y ni\u00f1os por sus calles. As\u00ed reflejaba Diario Vasco la noticia.<\/p>\n<p><a href=\"http:\/\/tamborrada.diariovasco.com\/tamborrada-zuatzu-20190118133833-nt.html\" rel=\"nofollow noopener\" target=\"_blank\"><img loading=\"lazy\" decoding=\"async\" class=\"alignright wp-image-42274 size-full\" src=\"https:\/\/www.ospitalarioakfundazioaeuskadi.org\/wp-content\/uploads\/2021\/10\/Tamborrada-Eskibel-Diario-Vasco.jpg\" alt=\"Tamborrada Eskibel Diario Vasco\" width=\"600\" height=\"505\" title=\"\"><\/a><\/p>\n<p>En el v\u00eddeo podemos ver a cantineras, gastadores, barriles y tambores, con Ignacio de Loyola Cardarelli como abanderado y Sof\u00eda Agut Marquet de tambor mayor. Con esta tamborrada txiki, ya casi tradicional en nuestro centro, desde el pasado viernes 18 comenzamos a celebrar San Sebasti\u00e1n. Eskerrik asko! Un placer recibiros de nuevo, siempre es muy emocionante. \u00a1Gracias por venir!<\/p>\n<div class=\"cookieconsent-optout-marketing\">\n<div class=\"alert alert-warning\">Este contenido est\u00e1 alojado en un proveedor externo. Si quieres verlo, debes <a href=\"javascript:Cookiebot.renew()\" style=\"cursor:pointer;text-decoration:underline;\">aceptar las cookies de la categor\u00eda \"Otras\"<\/a> en la Configuraci\u00f3n de Cookies.<\/div><\/div><iframe loading=\"lazy\" src=\"https:\/\/www.youtube.com\/embed\/Ql5I9rVi55s\" width=\"100%\" height=\"315\" frameborder=\"0\" allowfullscreen=\"allowfullscreen\"><\/iframe><\/p>\n","protected":false},"excerpt":{"rendered":"<div class=\"entry-summary\">\nEsta Tamborrada 2019\u00a0 nuevamente las personas usuarias del\u00a0Centro de D\u00eda Aita Menni en el Parque Zuatzu\u00a0han podido sentir la emoci\u00f3n de los tambores muy de cerca, gracias a la formaci\u00f3n compuesta por el alumnado de los colegios Eskibel -con el&hellip;\n<\/div>\n<div class=\"link-more\"><a href=\"https:\/\/ospitalarioakfundazioaeuskadi.org\/es\/los-colegios-eskibel-y-erain-traen-de-nuevo-la-alegria-de-la-tamborrada-a-nuestro-centro-en-zuatzu\/\" class=\"more-link\">Seguir leyendo<span class=\"screen-reader-text\"> &ldquo;Los colegios Eskibel y Erain traen de nuevo la alegr\u00eda de la Tamborrada a nuestro centro en Zuatzu&rdquo;<\/span>&hellip;<\/a><\/div>\n","protected":false},"author":1,"featured_media":29607,"comment_status":"closed","ping_status":"closed","sticky":false,"template":"","format":"standard","meta":{"footnotes":""},"categories":[1009],"tags":[],"linea-asistencial":[981],"class_list":["post-29604","post","type-post","status-publish","format-standard","has-post-thumbnail","hentry","category-dano-cerebral","linea-asistencial-3-dano-cerebral","entry"],"_links":{"self":[{"href":"https:\/\/ospitalarioakfundazioaeuskadi.org\/es\/wp-json\/wp\/v2\/posts\/29604","targetHints":{"allow":["GET"]}}],"collection":[{"href":"https:\/\/ospitalarioakfundazioaeuskadi.org\/es\/wp-json\/wp\/v2\/posts"}],"about":[{"href":"https:\/\/ospitalarioakfundazioaeuskadi.org\/es\/wp-json\/wp\/v2\/types\/post"}],"author":[{"embeddable":true,"href":"https:\/\/ospitalarioakfundazioaeuskadi.org\/es\/wp-json\/wp\/v2\/users\/1"}],"replies":[{"embeddable":true,"href":"https:\/\/ospitalarioakfundazioaeuskadi.org\/es\/wp-json\/wp\/v2\/comments?post=29604"}],"version-history":[{"count":1,"href":"https:\/\/ospitalarioakfundazioaeuskadi.org\/es\/wp-json\/wp\/v2\/posts\/29604\/revisions"}],"predecessor-version":[{"id":54981,"href":"https:\/\/ospitalarioakfundazioaeuskadi.org\/es\/wp-json\/wp\/v2\/posts\/29604\/revisions\/54981"}],"wp:featuredmedia":[{"embeddable":true,"href":"https:\/\/ospitalarioakfundazioaeuskadi.org\/es\/wp-json\/wp\/v2\/media\/29607"}],"wp:attachment":[{"href":"https:\/\/ospitalarioakfundazioaeuskadi.org\/es\/wp-json\/wp\/v2\/media?parent=29604"}],"wp:term":[{"taxonomy":"category","embeddable":true,"href":"https:\/\/ospitalarioakfundazioaeuskadi.org\/es\/wp-json\/wp\/v2\/categories?post=29604"},{"taxonomy":"post_tag","embeddable":true,"href":"https:\/\/ospitalarioakfundazioaeuskadi.org\/es\/wp-json\/wp\/v2\/tags?post=29604"},{"taxonomy":"linea-asistencial","embeddable":true,"href":"https:\/\/ospitalarioakfundazioaeuskadi.org\/es\/wp-json\/wp\/v2\/linea-asistencial?post=29604"}],"curies":[{"name":"wp","href":"https:\/\/api.w.org\/{rel}","templated":true}]}}