{"id":29670,"date":"2018-09-13T00:00:00","date_gmt":"2018-09-13T00:00:00","guid":{"rendered":"http:\/\/194.35.43.170\/~aitamenninueva\/redescubriendo-nuestra-capacidad-de-crear\/"},"modified":"2022-10-25T13:45:11","modified_gmt":"2022-10-25T13:45:11","slug":"redescubriendo-nuestra-capacidad-de-crear","status":"publish","type":"post","link":"https:\/\/ospitalarioakfundazioaeuskadi.org\/es\/redescubriendo-nuestra-capacidad-de-crear\/","title":{"rendered":"Redescubriendo nuestra capacidad de crear"},"content":{"rendered":"<p><strong>Yolanda Crespo es una de las seis personas que participan en el &#8216;Taller de creatividad gr\u00e1fica&#8217; del Centro de Neurorrehabilitaci\u00f3n Aita Menni en Bilbao. Sus trabajos dejan patente su car\u00e1cter, su humor reivindicativo y su vena creativa. <\/strong><\/p>\n<p>&nbsp;<\/p>\n<p>Cuando el Taller de creatividad gr\u00e1fica comenz\u00f3 su andadura en el Centro de Neurorrehabilitaci\u00f3n Aita Menni de Bilbao, <strong>Amaia Goiriena<\/strong>, terapeuta ocupacional, le sugiri\u00f3 a <strong>Yolanda Crespo<\/strong> que se apuntara. Y <strong>Yolanda<\/strong> no se lo pens\u00f3 dos veces. <a href=\"http:\/\/xn--daocerebral-2db.es\/?attachment_id=38723\" rel=\"nofollow noopener\" target=\"_blank\"><img loading=\"lazy\" decoding=\"async\" class=\"alignright wp-image-38723 size-medium\" src=\"https:\/\/www.ospitalarioakfundazioaeuskadi.org\/wp-content\/uploads\/2021\/10\/Carpeta-YC-300x218-1.jpg\" alt=\"Carpeta-YC\" width=\"300\" height=\"218\" title=\"\"><\/a><em>\u201cYo ya iba a hacer manualidades a un centro. Y si hubiera estudiado una carrera habr\u00eda elegido Bellas Artes, porque <strong>yo creo que todo para m\u00ed es crear<\/strong>,\u00a0<\/em><em>sea haciendo punto, cosiendo&#8230; Yo siempre he querido &#8216;ir m\u00e1s all\u00e1'\u00bb<\/em>, afirma\u00a0con rotundidad.<\/p>\n<p><strong>Yolanda Crespo<\/strong> da rienda suelta a su creatividad las tardes de los lunes. Y sus compa\u00f1eros dicen <em>\u201cque se le da bien\u201d.\u00a0<\/em>En el taller que coordina <a href=\"http:\/\/xn--daocerebral-2db.es\/taller-de-creatividad-grafica-o-como-favorecer-el-bienestar-personal-a-traves-de-la-expresion-artistica\/\" target=\"_blank\" rel=\"noopener nofollow\"><strong>Josu Urriolabeitia<\/strong><\/a> todo comienza con la entrega de una carpeta que cada persona usuaria personaliza a su gusto. Pero para ella esto es mucho m\u00e1s que un taller:\u00a0<em>\u00abEs una terapia de grupo total<\/em><em>\u00ab.<\/em><\/p>\n<p><a href=\"http:\/\/xn--daocerebral-2db.es\/?attachment_id=38790\" rel=\"nofollow noopener\" target=\"_blank\"><img loading=\"lazy\" decoding=\"async\" class=\"alignright wp-image-38790 size-full\" src=\"https:\/\/www.ospitalarioakfundazioaeuskadi.org\/wp-content\/uploads\/2021\/10\/Collage-YC1.jpg\" alt=\"Collage-YC1\" width=\"300\" height=\"320\" title=\"\"><\/a><\/p>\n<h4><strong>Una mujer de causas<\/strong><\/h4>\n<p><em>\u00abHacemos lo que nos manda Josu, \u00e9l nos marca el tema, el oto\u00f1o, por ejemplo, pero yo soy un poco rebelde. Hay tardes que traigo una idea y hago lo que se me ocurre\u00bb, <\/em>confiesa<em>.\u00a0\u00a0<\/em>Con revistas viejas, fotograf\u00edas, peri\u00f3dicos y cart\u00f3n, a los que pueden a\u00f1adirse otros materiales u objetos, las personas que acuden a estas sesiones van creando sus collages.<em> \u00abLlego a casa y lo miro todo, incluso lo que tiro a la basura, pensando si me servir\u00e1 para mi pr\u00f3xima obra\u00bb.\u00a0\u00a0<\/em><\/p>\n<p>Poes\u00eda y pl\u00e1stica. Papel, cart\u00f3n y peque\u00f1os objetos o materiales que puedan adherirse al soporte. No hay reglas. Una puntilla y composici\u00f3n en redondo sirven a <strong>Yolanda<\/strong>\u00a0para evocar c\u00f3mo se produjo su lesi\u00f3n cerebral. <em>\u00abPorque cuando todo era oscuridad y fr\u00edo, yo vi ese halo de luz\u00bb, <\/em>relata.<\/p>\n<p><img loading=\"lazy\" decoding=\"async\" class=\"alignright size-full wp-image-38721\" src=\"https:\/\/www.ospitalarioakfundazioaeuskadi.org\/wp-content\/uploads\/2021\/10\/Collage-YC.jpg\" alt=\"Collage-YC\" width=\"600\" height=\"413\" title=\"\">Define el trabajo que vemos encima con la leyenda <em>\u00abSin l\u00f3gica ninguna\u00bb<\/em> como un autorretrato. <strong>Sus collages dejan traslucir su personalidad<\/strong>, <em>\u00abtierna, un poco tontona y un algo menos pesimista de lo que cre\u00eda\u00bb<\/em>,\u00a0 subraya ella misma.<em>\u00abY el cafecito que no falte\u00bb<\/em>, sonr\u00ede, aludiendo a los peque\u00f1os placeres de la vida cotidiana que tampoco faltan nunca en sus collages<em>.<\/em><\/p>\n<p><em><img loading=\"lazy\" decoding=\"async\" class=\"alignright size-full wp-image-38746\" src=\"https:\/\/www.ospitalarioakfundazioaeuskadi.org\/wp-content\/uploads\/2021\/10\/Collage_Yolanda_Crespo.jpg\" alt=\"Collage_Yolanda_Crespo\" width=\"600\" height=\"379\" title=\"\">\u00abYo pens\u00e9 que era m\u00e1s pesimista; en el taller me he dado cuenta de que cuando alguien est\u00e1 \u2018de baj\u00f3n\u2019 tiende a utilizar colores y motivos oscuros. Yo sin embargo veo que siempre meto algo de color\u00bb, <\/em>cuenta<em>.<\/em> En sus composiciones <strong>plasma su compromiso feminista, su humor ir\u00f3nico y reivindicativo, incluso <em>\u00abun poco gamberro\u00bb<\/em><\/strong>. Como podemos observar, suele haber palabras en sus dise\u00f1os. La frase\u00a0<em>\u00abNo critiques, c\u00e1mbialo\u00bb <\/em>preside<em>\u00a0<\/em>el que vemos arriba. Se refiere a que hay que hacer <em>\u00ablo que sea\u00bb<\/em> para que las noticias de los peri\u00f3dicos sean otras.<\/p>\n<p><a href=\"http:\/\/xn--daocerebral-2db.es\/?attachment_id=38756\" rel=\"nofollow noopener\" target=\"_blank\"><img loading=\"lazy\" decoding=\"async\" class=\"alignright wp-image-38756\" src=\"https:\/\/www.ospitalarioakfundazioaeuskadi.org\/wp-content\/uploads\/2021\/10\/Collage-Yolanda-Crespo-1.jpg\" alt=\"Collage Yolanda Crespo 1\" width=\"300\" height=\"474\" title=\"\"><\/a><\/p>\n<p><em>\u00abSoy reivindicativa y luchadora\u00bb.<\/em> A menudo\u00a0<strong>Yolanda<\/strong> se posiciona contra estereotipos y normas. En ocasiones contra normas no escritas, como que las personas mayores no pueden acceder a algunas responsabilidades pol\u00edticas o vestir<em>\u00a0<\/em>o peinarse<em> \u00abcomo les d\u00e9 la gana\u00bb<\/em>, tal y como figura en este trabajo\u00a0en el que una se\u00f1ora mayor con el pelo rojo manifiesta que quiere ser presidenta del Gobierno.<\/p>\n<p>Las reflexiones de nuestra artista<strong>\u00a0<\/strong>combinan<strong>\u00a0<\/strong>aleg\u00f3ricamente\u00a0cosas grandes y peque\u00f1as. En sus collages siempre encontramos <strong>diversi\u00f3n y cr\u00edtica social<\/strong>. En el trabajo de la parte inferior <strong>Yolanda Crespo<\/strong> se pregunta \u00bfqui\u00e9n se ha comido a qui\u00e9n?, Bilbao al Guggenheim o viceversa; porque seg\u00fan ella desde la llegada del museo todo en la ciudad parece girar en torno a \u00e9l, hasta el punto de que cuesta mucho encontrar referencias a museos de otro tipo, a las calles de la ciudad o la r\u00eda.\u00a0<a href=\"https:\/\/www.ospitalarioakfundazioaeuskadi.org\/wp-content\/uploads\/2021\/10\/Collage-Yolanda-Crespo-2.jpg\"><img loading=\"lazy\" decoding=\"async\" class=\"alignright wp-image-38774\" src=\"https:\/\/www.ospitalarioakfundazioaeuskadi.org\/wp-content\/uploads\/2021\/10\/Collage-Yolanda-Crespo-2.jpg\" alt=\"Collage Yolanda Crespo 2\" width=\"300\" height=\"493\" title=\"\"><\/a><\/p>\n<p>El propio arte tampoco escapa a la perspicacia de la autora, que en otro de sus trabajos <strong>demanda la libre interpretaci\u00f3n de la palabra arte<\/strong>, ya que <em>\u00abel arte es algo diferente para cada persona. Hay quien puede encontrar arte en la forma de elaborar un champan, en la manera de jugar al f\u00fatbol, en un edificio&#8230;\u00bb.<\/em><\/p>\n<p><em><strong>\u00abCrear es importante para las personas que estamos &#8216;estropeadas'\u00bb<\/strong>, <\/em>insiste\u00a0<strong>Yolanda <\/strong>con su humor y talante positivo, <em><strong>\u00abte ayuda a descubrir muchas cosas\u00bb<\/strong>.<\/em> A la vuelta del verano continuar\u00e1 realizando collages en el\u00a0 nuevo curso del Taller de creatividad art\u00edstica. Nos despedimos anim\u00e1ndola a que se presente para concejala del Ayuntamiento de su querido Bilbao. <em>\u00abUy, pero no s\u00e9 en qu\u00e9 partido me iban a admitir\u00bb<\/em>, contesta riendo a carcajadas.<\/p>\n","protected":false},"excerpt":{"rendered":"<div class=\"entry-summary\">\n&nbsp; Cuando el Taller de creatividad gr\u00e1fica comenz\u00f3 su andadura en el Centro de Neurorrehabilitaci\u00f3n Aita Menni de Bilbao, Amaia Goiriena, terapeuta ocupacional, le sugiri\u00f3 a Yolanda Crespo que se apuntara. Y Yolanda no se lo pens\u00f3 dos veces. \u201cYo&hellip;\n<\/div>\n<div class=\"link-more\"><a href=\"https:\/\/ospitalarioakfundazioaeuskadi.org\/es\/redescubriendo-nuestra-capacidad-de-crear\/\" class=\"more-link\">Seguir leyendo<span class=\"screen-reader-text\"> &ldquo;Redescubriendo nuestra capacidad de crear&rdquo;<\/span>&hellip;<\/a><\/div>\n","protected":false},"author":1,"featured_media":29683,"comment_status":"closed","ping_status":"closed","sticky":false,"template":"","format":"standard","meta":{"footnotes":""},"categories":[1009],"tags":[],"linea-asistencial":[],"class_list":["post-29670","post","type-post","status-publish","format-standard","has-post-thumbnail","hentry","category-dano-cerebral","entry"],"_links":{"self":[{"href":"https:\/\/ospitalarioakfundazioaeuskadi.org\/es\/wp-json\/wp\/v2\/posts\/29670","targetHints":{"allow":["GET"]}}],"collection":[{"href":"https:\/\/ospitalarioakfundazioaeuskadi.org\/es\/wp-json\/wp\/v2\/posts"}],"about":[{"href":"https:\/\/ospitalarioakfundazioaeuskadi.org\/es\/wp-json\/wp\/v2\/types\/post"}],"author":[{"embeddable":true,"href":"https:\/\/ospitalarioakfundazioaeuskadi.org\/es\/wp-json\/wp\/v2\/users\/1"}],"replies":[{"embeddable":true,"href":"https:\/\/ospitalarioakfundazioaeuskadi.org\/es\/wp-json\/wp\/v2\/comments?post=29670"}],"version-history":[{"count":1,"href":"https:\/\/ospitalarioakfundazioaeuskadi.org\/es\/wp-json\/wp\/v2\/posts\/29670\/revisions"}],"predecessor-version":[{"id":54994,"href":"https:\/\/ospitalarioakfundazioaeuskadi.org\/es\/wp-json\/wp\/v2\/posts\/29670\/revisions\/54994"}],"wp:featuredmedia":[{"embeddable":true,"href":"https:\/\/ospitalarioakfundazioaeuskadi.org\/es\/wp-json\/wp\/v2\/media\/29683"}],"wp:attachment":[{"href":"https:\/\/ospitalarioakfundazioaeuskadi.org\/es\/wp-json\/wp\/v2\/media?parent=29670"}],"wp:term":[{"taxonomy":"category","embeddable":true,"href":"https:\/\/ospitalarioakfundazioaeuskadi.org\/es\/wp-json\/wp\/v2\/categories?post=29670"},{"taxonomy":"post_tag","embeddable":true,"href":"https:\/\/ospitalarioakfundazioaeuskadi.org\/es\/wp-json\/wp\/v2\/tags?post=29670"},{"taxonomy":"linea-asistencial","embeddable":true,"href":"https:\/\/ospitalarioakfundazioaeuskadi.org\/es\/wp-json\/wp\/v2\/linea-asistencial?post=29670"}],"curies":[{"name":"wp","href":"https:\/\/api.w.org\/{rel}","templated":true}]}}