{"id":29788,"date":"2018-02-20T00:00:00","date_gmt":"2018-02-20T00:00:00","guid":{"rendered":"http:\/\/194.35.43.170\/~aitamenninueva\/logopedas-de-la-red-menni-imparten-un-taller-sobre-dca-en-la-universidad-pontificia-de-salamanca\/"},"modified":"2023-01-20T09:52:38","modified_gmt":"2023-01-20T09:52:38","slug":"logopedas-de-la-red-menni-imparten-un-taller-sobre-dca-en-la-universidad-pontificia-de-salamanca","status":"publish","type":"post","link":"https:\/\/ospitalarioakfundazioaeuskadi.org\/es\/logopedas-de-la-red-menni-imparten-un-taller-sobre-dca-en-la-universidad-pontificia-de-salamanca\/","title":{"rendered":"Logopedas de la Red Menni imparten un taller sobre DCA en la Universidad Pontificia de Salamanca"},"content":{"rendered":"<p><strong> <a href=\"http:\/\/xn--daocerebral-2db.es\/logopedas-de-aita-menni-siguen-ensenando-sobre-dano-cerebral-en-la-universidad-pontificia-de-salamanca\/\" target=\"_blank\" rel=\"noopener nofollow\">Un curso m\u00e1s<\/a>, estudiantes del Grado de Logopedia conocieron las alteraciones de la comunicaci\u00f3n y la degluci\u00f3n en personas con da\u00f1o cerebral de la mano de tres de nuestras logopedas<\/strong><\/p>\n<p><strong>Maria Teresa Llorente Arcocha<\/strong>, vicedecana del Grado de Logopedia de la <a href=\"https:\/\/www.upsa.es\/estudiar\/estudios\/titulacion\/ficha.php?idTit=1015\" target=\"_blank\" rel=\"noopener nofollow\">Facultad de Ciencias de la Salud de la Universidad Pontificia<\/a>,\u00a0recibi\u00f3 el pasado viernes, d\u00eda 16, a tres de nuestras logopedas.\u00a0<strong>\u00c1ngela Fern\u00e1ndez de Corres<\/strong>,\u00a0<strong><a href=\"http:\/\/xn--daocerebral-2db.es\/tratando-de-mejorar-el-abordaje-de-la-disfagia-en-el-entorno-hospitalario-3\/\" target=\"_blank\" rel=\"noopener nofollow\">Marina Pascual<\/a><\/strong>\u00a0y <strong>Clara Delgado <\/strong>se trasladaron a Salamanca para impartir<strong>\u00a0<\/strong>un taller espec\u00edfico sobre intervenci\u00f3n logop\u00e9dica en las secuelas del da\u00f1o cerebral. De este modo, otro curso m\u00e1s, el alumnado del Grado de Logopedia ha tenido la oportunidad de conocer nuestro modelo logop\u00e9dico de atenci\u00f3n. Esta formaci\u00f3n se contempla en el convenio de colaboraci\u00f3n entre UPSA y Red Menni.<\/p>\n<p>Con gran experiencia en rehabilitaci\u00f3n dentro de la Red Menni,\u00a0<strong>\u00c1ngela Fern\u00e1ndez de Corres<\/strong> y <strong>Marina Pascual<\/strong>, logopedas del Servicio de Da\u00f1o Cerebral del Hospital Aita Menni;\u00a0y <strong>Clara Delgado<\/strong>, de la Unidad de Da\u00f1o cerebral del Hospital Beata Mar\u00eda Ana, explicaron <a href=\"http:\/\/da\u00f1ocerebral.es\/el-dano-cerebral\/\" target=\"_blank\" rel=\"noopener nofollow\">qu\u00e9 es el da\u00f1o cerebral adquirido<\/a>, sus\u00a0<a href=\"http:\/\/xn--daocerebral-2db.es\/el-dano-cerebral\/consecuencias\/\" target=\"_blank\" rel=\"noopener nofollow\">consecuencias<\/a>\u00a0y su tratamiento desde el \u00e1mbito logop\u00e9dico. \u00bfC\u00f3mo llega un paciente neurol\u00f3gico a nuestras Unidades de DCA? \u00bfC\u00f3mo se lleva a cabo el tratamiento interdisciplinar? \u00bfY la coordinaci\u00f3n con la familia? La respuesta a estas y otras preguntas y la muestra de materiales form\u00f3 parte de la exposici\u00f3n. Cap\u00edtulo aparte mereci\u00f3 la utilizaci\u00f3n de <a href=\"http:\/\/xn--daocerebral-2db.es\/publicacion\/nuevas-tecnologias-de-apoyo-a-la-comunicacion-en-el-dano-cerebral\/\" target=\"_blank\" rel=\"noopener nofollow\">sistemas alternativos de comunicaci\u00f3n<\/a>\u00a0(SAC). El taller se complet\u00f3 con la intervenci\u00f3n de las alumnas <strong>Mar\u00eda Auxiliadora Rodr\u00edguez<\/strong>, <strong>Marta Rodr\u00edguez<\/strong> y <strong>Ainhoa M\u00fajika<\/strong>, que contaron su experiencia de pr\u00e1cticas del verano pasado en nuestros centros.<\/p>\n<p>Entre las secuelas de un da\u00f1o cerebral pueden encontrarse alteraciones de la voz, el habla (<a href=\"http:\/\/xn--daocerebral-2db.es\/publicacion\/video-tecnicas-de-ayuda-para-personas-con-disartria-y-familiares\/\" target=\"_blank\" rel=\"noopener nofollow\">disartria<\/a>), el lenguaje (<a href=\"http:\/\/xn--daocerebral-2db.es\/publicacion\/video-tratamiento-logopedico-de-la-afasia\/\" target=\"_blank\" rel=\"noopener nofollow\">afasia<\/a>), la degluci\u00f3n (<a href=\"http:\/\/xn--daocerebral-2db.es\/publicacion\/video-consejos-nutricionales-para-abordar-la-disfagia-orofaringea\/\" target=\"_blank\" rel=\"noopener nofollow\">disfagia<\/a>). Dado el volumen de pacientes que necesitan este tipo de atenci\u00f3n cl\u00ednica, el nuevo convenio de colaboraci\u00f3n UPSA y Red Menni ampl\u00eda el n\u00famero de becas para estudiantes del Grado en Logopedia. A partir de ahora cuatro estudiantes, en lugar de tres, podr\u00e1n realizar pr\u00e1cticas en nuestros hospitales del <a href=\"http:\/\/da\u00f1ocerebral.es\/la-red-menni\/la-red-menni-en-el-pais-vasco\/\" target=\"_blank\" rel=\"noopener nofollow\">Pa\u00eds Vasco<\/a> y <a href=\"http:\/\/da\u00f1ocerebral.es\/la-red-menni\/la-red-menni-en-madrid\/\" target=\"_blank\" rel=\"noopener nofollow\">Madrid<\/a>.<\/p>\n<h4><strong>Intervenci\u00f3n logop\u00e9dica en el DCA en los\u00a0medios de comunicaci\u00f3n<\/strong><\/h4>\n<p><a href=\"http:\/\/www.salamanca24horas.com\/texto-diario\/mostrar\/1009016\/universidad-pontificia-imparte-taller-sobre-dano-cerebral-adquirido\" target=\"_blank\" rel=\"noopener nofollow\">\u00abUn logopeda supone un apoyo important\u00edsimo para pacientes con da\u00f1o cerebral adquirido\u00bb<\/a>, destacaba en titulares Salamanca 24 horas. <strong>\u00c1ngela\u00a0Fern\u00e1ndez de Corres<\/strong> declaraba a este medio: \u201c<em>los pacientes que son atendidos por un logopeda se sienten comprendidos y supone para ellos un apoyo emocional important\u00edsimo, porque entendemos sus afectaciones y empatizamos antes que otro profesional\u201d.<\/em><\/p>\n<p><a href=\"http:\/\/www.salamanca24horas.com\/texto-diario\/mostrar\/1009016\/universidad-pontificia-imparte-taller-sobre-dano-cerebral-adquirido\" target=\"_blank\" rel=\"noopener nofollow\"><img loading=\"lazy\" decoding=\"async\" class=\"alignleft wp-image-35943 size-full\" src=\"https:\/\/www.ospitalarioakfundazioaeuskadi.org\/wp-content\/uploads\/2021\/10\/Taller-DCA-Salamanca1.jpg\" alt=\"Taller-DCA-Salamanca1\" width=\"600\" height=\"444\" title=\"\"><\/a><\/p>\n<p><strong>Marina Pascual<\/strong> explic\u00f3 que el trabajo con las personas con DCA suele ir pasando por varias fases, desde la afectaci\u00f3n, la aceptaci\u00f3n y el progreso o estancamiento en la rehabilitaci\u00f3n, y el consiguiente ajuste. En cuanto a las dificultades de la degluci\u00f3n, record\u00f3 la reciente creaci\u00f3n de la <a href=\"http:\/\/xn--daocerebral-2db.es\/inauguracion-de-la-unidad-de-disfagia-en-el-hospital-aita-menni\/\" target=\"_blank\" rel=\"noopener nofollow\">Unidad de Disfagia<\/a> en el Centro de Neurorrehabiltiaci\u00f3n Aita Menni, de Bilbao, de la que forma parte.<\/p>\n<p>En el \u00e1mbito de la <a href=\"http:\/\/da\u00f1ocerebral.es\/el-dano-cerebral\/consejos-de-prevencion\/\" target=\"_blank\" rel=\"noopener nofollow\">prevenci\u00f3n<\/a>, Clara Delgado incidi\u00f3 en que se pueden evitar casos de DCA mediante la adopci\u00f3n de h\u00e1bitos saludables y la vigilancia de hipertensi\u00f3n, colesterol y enfermedades de riesgo como la diabetes. Tambi\u00e9n destac\u00f3 otros factores de riesgo, como el consumo de tabaco, el alcohol, las drogas, el estr\u00e9s o la vida sedentaria. Las logopedas se\u00f1alaron una mayor incidencia del DCA a partir de 60 a\u00f1os a causa de ictus mientras que la afectaci\u00f3n de personas m\u00e1s j\u00f3venes suele deberse a traumatismos.<\/p>\n<p>Un a\u00f1o m\u00e1s nuestras logopedas dejaron Salamanca con ganas de volver de nuevo y agradecidas por el trato recibido, en especial por la vicedecana del Grado de Logopedia,\u00a0<strong>Maria Teresa Llorente Arcocha.\u00a0<\/strong><\/p>\n<p>* Foto superior: <a href=\"https:\/\/www.upsa.es\/facultades\/facultad-de-ciencias-de-la-salud\" target=\"_blank\" rel=\"noopener nofollow\">Universidad Pontificia de Salamanca<\/a>. Foto inferior: <a href=\"http:\/\/www.salamanca24horas.com\/texto-diario\/mostrar\/1009016\/universidad-pontificia-imparte-taller-sobre-dano-cerebral-adquirido\" target=\"_blank\" rel=\"noopener nofollow\">Salamanca 24 horas<\/a>.\u00a0<strong>Maria Teresa Llorente Arcocha\u00a0<\/strong>con\u00a0<strong>\u00c1ngela Fern\u00e1ndez de Corres<\/strong>, <strong>Marina Pascual<\/strong>\u00a0y <strong>Clara Delgado<\/strong>.<\/p>\n","protected":false},"excerpt":{"rendered":"<div class=\"entry-summary\">\nMaria Teresa Llorente Arcocha, vicedecana del Grado de Logopedia de la Facultad de Ciencias de la Salud de la Universidad Pontificia,\u00a0recibi\u00f3 el pasado viernes, d\u00eda 16, a tres de nuestras logopedas.\u00a0\u00c1ngela Fern\u00e1ndez de Corres,\u00a0Marina Pascual\u00a0y Clara Delgado se trasladaron a&hellip;\n<\/div>\n<div class=\"link-more\"><a href=\"https:\/\/ospitalarioakfundazioaeuskadi.org\/es\/logopedas-de-la-red-menni-imparten-un-taller-sobre-dca-en-la-universidad-pontificia-de-salamanca\/\" class=\"more-link\">Seguir leyendo<span class=\"screen-reader-text\"> &ldquo;Logopedas de la Red Menni imparten un taller sobre DCA en la Universidad Pontificia de Salamanca&rdquo;<\/span>&hellip;<\/a><\/div>\n","protected":false},"author":1,"featured_media":29791,"comment_status":"closed","ping_status":"closed","sticky":false,"template":"","format":"standard","meta":{"footnotes":""},"categories":[1009],"tags":[],"linea-asistencial":[981],"class_list":["post-29788","post","type-post","status-publish","format-standard","has-post-thumbnail","hentry","category-dano-cerebral","linea-asistencial-3-dano-cerebral","entry"],"_links":{"self":[{"href":"https:\/\/ospitalarioakfundazioaeuskadi.org\/es\/wp-json\/wp\/v2\/posts\/29788","targetHints":{"allow":["GET"]}}],"collection":[{"href":"https:\/\/ospitalarioakfundazioaeuskadi.org\/es\/wp-json\/wp\/v2\/posts"}],"about":[{"href":"https:\/\/ospitalarioakfundazioaeuskadi.org\/es\/wp-json\/wp\/v2\/types\/post"}],"author":[{"embeddable":true,"href":"https:\/\/ospitalarioakfundazioaeuskadi.org\/es\/wp-json\/wp\/v2\/users\/1"}],"replies":[{"embeddable":true,"href":"https:\/\/ospitalarioakfundazioaeuskadi.org\/es\/wp-json\/wp\/v2\/comments?post=29788"}],"version-history":[{"count":2,"href":"https:\/\/ospitalarioakfundazioaeuskadi.org\/es\/wp-json\/wp\/v2\/posts\/29788\/revisions"}],"predecessor-version":[{"id":57968,"href":"https:\/\/ospitalarioakfundazioaeuskadi.org\/es\/wp-json\/wp\/v2\/posts\/29788\/revisions\/57968"}],"wp:featuredmedia":[{"embeddable":true,"href":"https:\/\/ospitalarioakfundazioaeuskadi.org\/es\/wp-json\/wp\/v2\/media\/29791"}],"wp:attachment":[{"href":"https:\/\/ospitalarioakfundazioaeuskadi.org\/es\/wp-json\/wp\/v2\/media?parent=29788"}],"wp:term":[{"taxonomy":"category","embeddable":true,"href":"https:\/\/ospitalarioakfundazioaeuskadi.org\/es\/wp-json\/wp\/v2\/categories?post=29788"},{"taxonomy":"post_tag","embeddable":true,"href":"https:\/\/ospitalarioakfundazioaeuskadi.org\/es\/wp-json\/wp\/v2\/tags?post=29788"},{"taxonomy":"linea-asistencial","embeddable":true,"href":"https:\/\/ospitalarioakfundazioaeuskadi.org\/es\/wp-json\/wp\/v2\/linea-asistencial?post=29788"}],"curies":[{"name":"wp","href":"https:\/\/api.w.org\/{rel}","templated":true}]}}