{"id":29962,"date":"2017-09-12T00:00:00","date_gmt":"2017-09-12T00:00:00","guid":{"rendered":"http:\/\/194.35.43.170\/~aitamenninueva\/aita-menni-bilbao-crea-un-grupo-propio-de-lectura-facil\/"},"modified":"2022-10-25T13:47:59","modified_gmt":"2022-10-25T13:47:59","slug":"aita-menni-bilbao-crea-un-grupo-propio-de-lectura-facil","status":"publish","type":"post","link":"https:\/\/ospitalarioakfundazioaeuskadi.org\/es\/aita-menni-bilbao-crea-un-grupo-propio-de-lectura-facil\/","title":{"rendered":"Aita Menni Bilbao crea un grupo propio de lectura f\u00e1cil"},"content":{"rendered":"<p>Nos llegan novedades en cuanto a lectura: de la mano del logopeda <strong><a href=\"https:\/\/www.youtube.com\/watch?v=tNwfjEzyf9Y&amp;index=3&amp;list=PLhLIuCRsNjFUYUBi9EWWgWO-JfjHsTeAP\" target=\"_blank\" rel=\"noopener nofollow\">\u00c1lvaro L\u00f3pez Quintana<\/a>,<\/strong> y gracias a <a href=\"http:\/\/lecturafacileuskadi.net\/\" target=\"_blank\" rel=\"noopener nofollow\">Lectura F\u00e1cil Euskadi<\/a>,\u00a0el <a href=\"http:\/\/da\u00f1ocerebral.es\/la-red-menni\/la-red-menni-en-el-pais-vasco\/\" target=\"_blank\" rel=\"noopener nofollow\">Centro de Neurorrehabiltiaci\u00f3n Aita Menni de Bilbao<\/a>\u00a0estrena un grupo propio de lectura f\u00e1cil. A partir del 21 de septiembre, un pu\u00f1ado de personas con <a href=\"http:\/\/xn--daocerebral-2db.es\/el-dano-cerebral\/\" target=\"_blank\" rel=\"noopener nofollow\">da\u00f1o cerebral<\/a> amantes de los libros se reunir\u00e1 para\u00a0disfrutar de emocionantes historias.\u00a0Porque la lectura es un derecho y un placer que nos acerca a nosotros mismos y a la sociedad.<\/p>\n<p>Tras el da\u00f1o cerebral, la comprensi\u00f3n lectora puede verse afectada debido a <a href=\"http:\/\/xn--daocerebral-2db.es\/el-dano-cerebral\/consecuencias\/\" target=\"_blank\" rel=\"noopener nofollow\">secuelas de la lesi\u00f3n<\/a> que convierten el placer de la lectura en una actividad pesada e infructuosa. Por este motivo, los materiales de lectura f\u00e1cil han tenido <a href=\"http:\/\/xn--daocerebral-2db.es\/tertulia-con-el-escritor-de-uno-de-nuestros-libros-de-lectura-facil\/\" target=\"_blank\" rel=\"noopener nofollow\">tan buena acogida en nuestros distintos centros<\/a>; son textos elaborados con especial cuidado para ser le\u00eddos y entendidos por personas con dificultades lectoras.<\/p>\n<p>En las sesiones de lectura f\u00e1cil, los libros se leen al ritmo necesario y se degustan doblemente al leerlos y comentarlos en grupo. Las citas son semanales y est\u00e1n dinamizadas por una persona experta que hace part\u00edcipes a todos los integrantes del club para que disfruten en torno a la lectura de un libro.<\/p>\n<p>Nos ilusiona la idea y \u00a1todav\u00eda nos queda alguna plaza libre! As\u00ed que, <strong>si eres una de esas personas que vibran con la lectura pero tienes dificultades para seguir disfrutando de ella, quiz\u00e1 todav\u00eda est\u00e9s a tiempo de inscribirte<\/strong> en el Grupo de Lectura F\u00e1cil de Aita Menni Bilbao. Para realizar la inscripci\u00f3n, solo hay que llamar al CENER (tel: 944 434 927) y abonar la m\u00f3dica cantidad de 35 euros. La persona de contacto es Olatz Otaola. Tambi\u00e9n se puede contactar con ella enviando un correo electr\u00f3nico a\u00a0<a href=\"mailto:mootaola.aitamenni@hospitalarias.es\">mootaola.aitamenni@hospitalarias.es<\/a>.<\/p>\n<p>&nbsp;<\/p>\n","protected":false},"excerpt":{"rendered":"<div class=\"entry-summary\">\nNos llegan novedades en cuanto a lectura: de la mano del logopeda \u00c1lvaro L\u00f3pez Quintana, y gracias a Lectura F\u00e1cil Euskadi,\u00a0el Centro de Neurorrehabiltiaci\u00f3n Aita Menni de Bilbao\u00a0estrena un grupo propio de lectura f\u00e1cil. A partir del 21 de septiembre,&hellip;\n<\/div>\n<div class=\"link-more\"><a href=\"https:\/\/ospitalarioakfundazioaeuskadi.org\/es\/aita-menni-bilbao-crea-un-grupo-propio-de-lectura-facil\/\" class=\"more-link\">Seguir leyendo<span class=\"screen-reader-text\"> &ldquo;Aita Menni Bilbao crea un grupo propio de lectura f\u00e1cil&rdquo;<\/span>&hellip;<\/a><\/div>\n","protected":false},"author":1,"featured_media":29963,"comment_status":"closed","ping_status":"closed","sticky":false,"template":"","format":"standard","meta":{"footnotes":""},"categories":[1009],"tags":[],"linea-asistencial":[981],"class_list":["post-29962","post","type-post","status-publish","format-standard","has-post-thumbnail","hentry","category-dano-cerebral","linea-asistencial-3-dano-cerebral","entry"],"_links":{"self":[{"href":"https:\/\/ospitalarioakfundazioaeuskadi.org\/es\/wp-json\/wp\/v2\/posts\/29962","targetHints":{"allow":["GET"]}}],"collection":[{"href":"https:\/\/ospitalarioakfundazioaeuskadi.org\/es\/wp-json\/wp\/v2\/posts"}],"about":[{"href":"https:\/\/ospitalarioakfundazioaeuskadi.org\/es\/wp-json\/wp\/v2\/types\/post"}],"author":[{"embeddable":true,"href":"https:\/\/ospitalarioakfundazioaeuskadi.org\/es\/wp-json\/wp\/v2\/users\/1"}],"replies":[{"embeddable":true,"href":"https:\/\/ospitalarioakfundazioaeuskadi.org\/es\/wp-json\/wp\/v2\/comments?post=29962"}],"version-history":[{"count":1,"href":"https:\/\/ospitalarioakfundazioaeuskadi.org\/es\/wp-json\/wp\/v2\/posts\/29962\/revisions"}],"predecessor-version":[{"id":55105,"href":"https:\/\/ospitalarioakfundazioaeuskadi.org\/es\/wp-json\/wp\/v2\/posts\/29962\/revisions\/55105"}],"wp:featuredmedia":[{"embeddable":true,"href":"https:\/\/ospitalarioakfundazioaeuskadi.org\/es\/wp-json\/wp\/v2\/media\/29963"}],"wp:attachment":[{"href":"https:\/\/ospitalarioakfundazioaeuskadi.org\/es\/wp-json\/wp\/v2\/media?parent=29962"}],"wp:term":[{"taxonomy":"category","embeddable":true,"href":"https:\/\/ospitalarioakfundazioaeuskadi.org\/es\/wp-json\/wp\/v2\/categories?post=29962"},{"taxonomy":"post_tag","embeddable":true,"href":"https:\/\/ospitalarioakfundazioaeuskadi.org\/es\/wp-json\/wp\/v2\/tags?post=29962"},{"taxonomy":"linea-asistencial","embeddable":true,"href":"https:\/\/ospitalarioakfundazioaeuskadi.org\/es\/wp-json\/wp\/v2\/linea-asistencial?post=29962"}],"curies":[{"name":"wp","href":"https:\/\/api.w.org\/{rel}","templated":true}]}}