{"id":30002,"date":"2017-06-15T00:00:00","date_gmt":"2017-06-15T00:00:00","guid":{"rendered":"http:\/\/194.35.43.170\/~aitamenninueva\/el-poeta-iker-latatu-continua-cumpliendo-con-su-agenda-de-autor\/"},"modified":"2022-10-25T13:48:16","modified_gmt":"2022-10-25T13:48:16","slug":"el-poeta-iker-latatu-continua-cumpliendo-con-su-agenda-de-autor","status":"publish","type":"post","link":"https:\/\/ospitalarioakfundazioaeuskadi.org\/es\/el-poeta-iker-latatu-continua-cumpliendo-con-su-agenda-de-autor\/","title":{"rendered":"El poeta Iker Latatu contin\u00faa cumpliendo con su agenda de autor"},"content":{"rendered":"<p><strong>Present\u00f3 su \u00faltimo poemario en el <a href=\"http:\/\/da\u00f1ocerebral.es\/la-red-menni\/la-red-menni-en-el-pais-vasco\/\" target=\"_blank\" rel=\"noopener nofollow\">Centro de Neurorrehabiltiaci\u00f3n Aita Menni<\/a>. D\u00edas despu\u00e9s, estuvo firmando ejemplares\u00a0en la Feria del Libro de Bilbao <\/strong><\/p>\n<p><a href=\"http:\/\/xn--daocerebral-2db.es\/iker-latatu-la-poesia-es-mi-idioma\/\" target=\"_blank\" rel=\"noopener nofollow\">Iker Latatu<\/a> no siempre puede expresarse como quisiera, y tal vez por ello se hizo poeta. Desde que tuvo el accidente y con la libertad que le concede la palabra escrita, ha publicado su quinta obra:\u00a0<a href=\"http:\/\/www.edicionesbeta.com\/libro.php?id=481\" target=\"_blank\" rel=\"noopener nofollow\">\u2018Vosotros sent\u00eds y yo escribo\u2019 (Ediciones Beta)<\/a>. En la semana de la Feria del Libro de Bilbao, quiso acercarse al Centro de Neurorrehabiltiaci\u00f3n Aita Menni para que las personas que acuden a nuestro Centro de D\u00eda de <a href=\"http:\/\/da\u00f1ocerebral.es\/el-dano-cerebral\/la-lesion-cerebral-y-sus-causas\/\" target=\"_blank\" rel=\"noopener nofollow\">Da\u00f1o Cerebral<\/a> pudieran conocer sus poemas y su trayectoria.<\/p>\n<p>Alguna lagrimilla se escap\u00f3 entre el p\u00fablico al escuchar fragmentos de sus obras en voz de la tambi\u00e9n escritora <a href=\"http:\/\/www.mirenepalacios.net\/\" target=\"_blank\" rel=\"noopener nofollow\">Miren E. Palacios<\/a>. \u00a0Y es que Iker pone el alma en cada palabra. Escribiendo compensa la <a href=\"http:\/\/xn--daocerebral-2db.es\/publicacion\/disartria-cuando-la-musculatura-que-controla-los-organos-necesarios-para-hablar-se-ve-afectada\/\" target=\"_blank\" rel=\"noopener nofollow\">disartria <\/a>con la que convive a consecuencia de la mala ca\u00edda de la bicicleta que tuvo siendo adolescente. Por esta raz\u00f3n, para las personas con da\u00f1o cerebral que reciben rehabilitaci\u00f3n en Aita Menni, fue muy valiosa su presencia en el centro: <strong>Iker Latatu<\/strong> \u00a0ha sabido sortear las dificultades con su pluma y es <strong>un gran ejemplo de desarrollo personal<\/strong>.<\/p>\n<p><img loading=\"lazy\" decoding=\"async\" class=\"alignleft size-full wp-image-32754\" src=\"https:\/\/www.ospitalarioakfundazioaeuskadi.org\/wp-content\/uploads\/2021\/10\/IKER-LATATU-CENER-AITA-MENNI.jpg\" alt=\"IKER-LATATU-CENER-AITA-MENNI\" width=\"600\" height=\"402\" title=\"\"><\/p>\n<p>&nbsp;<\/p>\n<p><em>\u00a0\u00abYo soy rom\u00e1ntico y al que no le guste que no mire\u00bb<\/em>, dice. Con el amor y desamor como temas principales, poema a poema, este bilbaino se ha ido ganando una reputaci\u00f3n literaria. As\u00ed lo demuestran las <a href=\"http:\/\/www.deia.com\/2017\/01\/16\/bizkaia\/bilbao\/el-idioma-de-iker-sigue-siendo-la-poesia\" target=\"_blank\" rel=\"noopener nofollow\">entrevistas que le han realizado algunos medios de comunicaci\u00f3n<\/a>; tambi\u00e9n en el <a href=\"http:\/\/blogs.vidasolidaria.com\/atece-bizkaia\/2017\/06\/13\/iker-latatu-poeta-y-asociado-de-atece-bizkaia-firmo-ejemplares-de-su-ultimo-libro-en-la-feria-del-libro-del-arenal\/\" target=\"_blank\" rel=\"noopener nofollow\">bolet\u00edn de ATECE BIzkaia<\/a>, entidad a la que pertenece.<\/p>\n<p>\u00c9l sabe que la constancia es la clave del \u00e9xito. \u201c<em>Y mientras t\u00fa sientas, yo seguir\u00e9 escribiendo<\/em>\u201d. Con esta declaraci\u00f3n de intenciones, c\u00f3mplice con sus lectores y llena de tes\u00f3n, Iker Latatu dedicaba su \u00faltimo t\u00edtulo a quienes se acercaron al stand de su editorial el pasado d\u00eda 9 de junio. Continuando con su agenda de escritor, Iker presentar\u00e1 su obra <strong>en las escuelas de Lanestosa (Bizkaia) el 9 de agosto a las 18,00 horas.<\/strong><\/p>\n<p>Desde aqu\u00ed le animamos a seguir plasmando sobre el papel sus sentimientos, opiniones y emociones, y le deseamos toda clase de \u00e9xitos. \u00a1\u00a1Te lo mereces, Iker!!<\/p>\n<p>&nbsp;<\/p>\n","protected":false},"excerpt":{"rendered":"<div class=\"entry-summary\">\nIker Latatu no siempre puede expresarse como quisiera, y tal vez por ello se hizo poeta. Desde que tuvo el accidente y con la libertad que le concede la palabra escrita, ha publicado su quinta obra:\u00a0\u2018Vosotros sent\u00eds y yo escribo\u2019&hellip;\n<\/div>\n<div class=\"link-more\"><a href=\"https:\/\/ospitalarioakfundazioaeuskadi.org\/es\/el-poeta-iker-latatu-continua-cumpliendo-con-su-agenda-de-autor\/\" class=\"more-link\">Seguir leyendo<span class=\"screen-reader-text\"> &ldquo;El poeta Iker Latatu contin\u00faa cumpliendo con su agenda de autor&rdquo;<\/span>&hellip;<\/a><\/div>\n","protected":false},"author":1,"featured_media":30005,"comment_status":"closed","ping_status":"closed","sticky":false,"template":"","format":"standard","meta":{"footnotes":""},"categories":[1009],"tags":[],"linea-asistencial":[981],"class_list":["post-30002","post","type-post","status-publish","format-standard","has-post-thumbnail","hentry","category-dano-cerebral","linea-asistencial-3-dano-cerebral","entry"],"_links":{"self":[{"href":"https:\/\/ospitalarioakfundazioaeuskadi.org\/es\/wp-json\/wp\/v2\/posts\/30002","targetHints":{"allow":["GET"]}}],"collection":[{"href":"https:\/\/ospitalarioakfundazioaeuskadi.org\/es\/wp-json\/wp\/v2\/posts"}],"about":[{"href":"https:\/\/ospitalarioakfundazioaeuskadi.org\/es\/wp-json\/wp\/v2\/types\/post"}],"author":[{"embeddable":true,"href":"https:\/\/ospitalarioakfundazioaeuskadi.org\/es\/wp-json\/wp\/v2\/users\/1"}],"replies":[{"embeddable":true,"href":"https:\/\/ospitalarioakfundazioaeuskadi.org\/es\/wp-json\/wp\/v2\/comments?post=30002"}],"version-history":[{"count":1,"href":"https:\/\/ospitalarioakfundazioaeuskadi.org\/es\/wp-json\/wp\/v2\/posts\/30002\/revisions"}],"predecessor-version":[{"id":55135,"href":"https:\/\/ospitalarioakfundazioaeuskadi.org\/es\/wp-json\/wp\/v2\/posts\/30002\/revisions\/55135"}],"wp:featuredmedia":[{"embeddable":true,"href":"https:\/\/ospitalarioakfundazioaeuskadi.org\/es\/wp-json\/wp\/v2\/media\/30005"}],"wp:attachment":[{"href":"https:\/\/ospitalarioakfundazioaeuskadi.org\/es\/wp-json\/wp\/v2\/media?parent=30002"}],"wp:term":[{"taxonomy":"category","embeddable":true,"href":"https:\/\/ospitalarioakfundazioaeuskadi.org\/es\/wp-json\/wp\/v2\/categories?post=30002"},{"taxonomy":"post_tag","embeddable":true,"href":"https:\/\/ospitalarioakfundazioaeuskadi.org\/es\/wp-json\/wp\/v2\/tags?post=30002"},{"taxonomy":"linea-asistencial","embeddable":true,"href":"https:\/\/ospitalarioakfundazioaeuskadi.org\/es\/wp-json\/wp\/v2\/linea-asistencial?post=30002"}],"curies":[{"name":"wp","href":"https:\/\/api.w.org\/{rel}","templated":true}]}}