{"id":30559,"date":"2015-10-20T00:00:00","date_gmt":"2015-10-20T00:00:00","guid":{"rendered":"http:\/\/194.35.43.170\/~aitamenninueva\/el-hospital-aita-menni-celebra-doblemente-el-dia-del-dano-cerebral\/"},"modified":"2023-01-19T22:38:07","modified_gmt":"2023-01-19T22:38:07","slug":"el-hospital-aita-menni-celebra-doblemente-el-dia-del-dano-cerebral","status":"publish","type":"post","link":"https:\/\/ospitalarioakfundazioaeuskadi.org\/es\/el-hospital-aita-menni-celebra-doblemente-el-dia-del-dano-cerebral\/","title":{"rendered":"El Hospital Aita Menni celebra doblemente el D\u00eda del Da\u00f1o Cerebral"},"content":{"rendered":"<p><strong>Usuarios del Centro de D\u00eda de <a title=\"Zuatzu\" href=\"http:\/\/xn--daocerebral-2db.es\/el-centro-de-dia-de-dano-cerebral-aita-menni-del-barrio-del-antiguo-se-traslada-al-parque-empresarial-zuatzu\/\" target=\"_blank\" rel=\"noopener nofollow\">Zuatzu <\/a>patinar\u00e1n con el Txuri Urdin para hacer m\u00e1s visible el da\u00f1o cerebral. El lema \u201cTambi\u00e9n contamos\u201d ser\u00e1 el mensaje que una cadena humana har\u00e1 llegar a los representantes institucionales para reclamar el derecho de las personas afectadas a ocupar un lugar en la sociedad.<\/strong><\/p><em>\u00a0<\/em> El 26 de octubre es una fecha se\u00f1alada para las Unidades de Da\u00f1o Cerebral de la Red Menni, es el <strong>D\u00eda Nacional del Da\u00f1o Cerebral Adquirido<\/strong>. Y este a\u00f1o, en el Pa\u00eds Vasco, tendremos <strong>doble celebraci\u00f3n: en Donostia-San Sebasti\u00e1n, el d\u00eda 24, y en Santurtzi (Bizkaia), el propio lunes d\u00eda 26<\/strong>.<\/p>\n<h4><strong>Rompe el hielo con el da\u00f1o cerebral<\/strong><\/h4>\n<p>El s\u00e1bado, en los proleg\u00f3menos de la quinta jornada del Campeonato Nacional de Hockey sobre Hielo, <strong>varias personas con da\u00f1o cerebral y en silla de ruedas tomar\u00e1n la pista de hielo del Txuri Urdin<\/strong>, acompa\u00f1adas por los jugadores del equipo, para dar visibilidad al da\u00f1o cerebral.<\/p>\n<p>Esta imagen in\u00e9dita la protagonizar\u00e1n deportistas del equipo donostiarra de hokey sobre hielo y tambi\u00e9n deportistas con da\u00f1o cerebral de la <a title=\"ADAM\" href=\"http:\/\/xn--daocerebral-2db.es\/la-agrupacion-deportiva-aita-menni-repasa-su-primer-ano-de-andadura-y-presenta-su-proxima-temporada\/\" target=\"_blank\" rel=\"noopener nofollow\">Agrupaci\u00f3n Deportiva Aita Menni <\/a>(ADAM). La agrupaci\u00f3n, que ya ha cumplido un a\u00f1o, tiene como finalidad promover y desarrollar la actividad deportiva entre las personas con da\u00f1o cerebral. Son grupos de personas con discapacidad que practican deporte (boccia, ciclismo y nataci\u00f3n) y entrenan regularmente. Justo antes de que comience el partido contra SAD Majadahonda, jugadores de todas las categor\u00edas del Txuri (infantiles y alevines incluidos) se har\u00e1n una foto de familia con nuestros deportistas de ADAM y con el nadador paraol\u00edmpico Richard Oribe. Tambi\u00e9n habr\u00e1 una entrega de camisetas.<\/p>\n<h4><strong>Porque \u201cTambi\u00e9n contamos\u201d<\/strong><\/h4>\n<p>El lema<strong> \u201cTambi\u00e9n contamos\u201d<\/strong> ser\u00e1 el mensaje que m\u00e1s se escuchar\u00e1 en los distintos actos que se han organizado en Bizkaia para reclamar el derecho de las personas con da\u00f1o cerebral a ocupar un lugar en la sociedad. El mismo d\u00eda 26 nos concentraremos, a las 11 de la ma\u00f1ana, en el parque de la localidad de Santurtzi.<\/p>\n<p>Todos los participantes, entre ellos personas con DCA, familiares y profesionales de ATECE, de <a title=\"Aita Menni\" href=\"http:\/\/www.aita-menni.org\/es\/\" target=\"_blank\" rel=\"noopener nofollow\">Aita Menni<\/a> y del <a href=\"http:\/\/www.ifas.bizkaia.eus\/?idioma=ca\" target=\"_blank\" rel=\"noopener nofollow\">IFAS <\/a>-entidades que prestan servicios para las personas con da\u00f1o cerebral- llevaremos una <strong>prenda azul y formaremos una cadena humana rodeando el kiosko<\/strong>. Poco a poco nos iremos pasando la <strong>bola-mensaje<\/strong> (un bal\u00f3n de kin ball) con el lema \u201cTambi\u00e9n contamos\u201d. El acto estar\u00e1 amenizado con <strong>ritmos de percusi\u00f3n<\/strong>\u00a0<strong>africana<\/strong> del grupo S\u00f6kol\u00e9.<\/p>\n<p>Sobre las 12 del mediod\u00eda, se proceder\u00e1 a la <strong>lectura del comunicado<\/strong> de este d\u00eda del Da\u00f1o Cerebral 2015. Antes de ceder la palabra a los representantes institucionales, <strong>Hugo<\/strong>, uno de los usuarios del Centro de D\u00eda Bekoetxe leer\u00e1 un texto escrito por \u00e9l. El acto finalizar\u00e1 con una degustaci\u00f3n de sardinas en el puerto.<\/p>\n<h4><strong>El 26 de octubre<\/strong><\/h4>\n<p>Desde que el a\u00f1o 2007 fuera declarado el <strong>26 de octubre como D\u00eda del Da\u00f1o Cerebral<\/strong>, en torno a esa fecha tratamos de congregar el mayor n\u00famero de personas posible (personas afectadas, as\u00ed como familiares, profesionales, alumnos de escuelas sociosanitarias en formaci\u00f3n, representantes p\u00fablicos\u2026), <strong>para hacer part\u00edcipe a la sociedad de la situaci\u00f3n en que viven las personas con da\u00f1o cerebral y sus familias, para que se les entienda y se las atienda<\/strong>.<\/p>\n<p>Los ictus, los traumatismos craneoencef\u00e1licos, los tumores cerebrales, las anoxias cerebrales y algunas patolog\u00edas infecciosas pueden originar <a title=\"DCA\" href=\"http:\/\/xn--daocerebral-2db.es\/el-dano-cerebral\/\" target=\"_blank\" rel=\"noopener nofollow\">da\u00f1o cerebral adquirido <\/a>(DCA). Las <a href=\"http:\/\/xn--daocerebral-2db.es\/el-dano-cerebral\/consecuencias\/\" target=\"_blank\" rel=\"noopener nofollow\">secuelas <\/a>de un da\u00f1o cerebral son m\u00faltiples y, dependiendo de la gravedad y de la zona afectada, se manifiestan en trastornos de la movilidad, problemas de comunicaci\u00f3n, d\u00e9ficit cognitivos y alteraciones emocionales y de la conducta. Esta combinaci\u00f3n de secuelas imposibilita la realizaci\u00f3n de alguna actividad b\u00e1sica de la vida diaria en m\u00e1s de un 60% de los casos y la discapacidad severa o total en un 45%.<a style=\"text-decoration: underline;\" title=\"View Dia Da\u00f1o Cerebral 2015 on Scribd\" href=\"https:\/\/www.scribd.com\/doc\/286118855\/Dia-Dano-Cerebral-2015\" rel=\"nofollow noopener\" target=\"_blank\">Dia Da\u00f1o Cerebral 2015<\/a> by <a style=\"text-decoration: underline;\" title=\"View Red Menni de Da\u00f1o Cerebral&#039;s profile on Scribd\" href=\"https:\/\/www.scribd.com\/Red_Menni_DC\" rel=\"nofollow noopener\" target=\"_blank\">Red Menni de Da\u00f1o Cerebral<\/a><\/p>\n<div class=\"cookieconsent-optout-marketing\">\n<div class=\"alert alert-warning\">Este contenido est\u00e1 alojado en un proveedor externo. Si quieres verlo, debes <a href=\"javascript:Cookiebot.renew()\" style=\"cursor:pointer;text-decoration:underline;\">aceptar las cookies de la categor\u00eda \"Otras\"<\/a> en la Configuraci\u00f3n de Cookies.<\/div><\/div><iframe loading=\"lazy\" id=\"doc_50133\" class=\"scribd_iframe_embed\" src=\"https:\/\/www.scribd.com\/embeds\/286118855\/content?start_page=1&amp;view_mode=scroll&amp;access_key=key-9NRrTXyqvLc3QkaX4KZ6&amp;show_recommendations=true\" width=\"100%\" height=\"600\" frameborder=\"0\" scrolling=\"no\" data-auto-height=\"false\" data-aspect-ratio=\"1.414442700156986\"><\/iframe><\/p>\n","protected":false},"excerpt":{"rendered":"<div class=\"entry-summary\">\n\u00a0 El 26 de octubre es una fecha se\u00f1alada para las Unidades de Da\u00f1o Cerebral de la Red Menni, es el D\u00eda Nacional del Da\u00f1o Cerebral Adquirido. Y este a\u00f1o, en el Pa\u00eds Vasco, tendremos doble celebraci\u00f3n: en Donostia-San Sebasti\u00e1n,&hellip;\n<\/div>\n<div class=\"link-more\"><a href=\"https:\/\/ospitalarioakfundazioaeuskadi.org\/es\/el-hospital-aita-menni-celebra-doblemente-el-dia-del-dano-cerebral\/\" class=\"more-link\">Seguir leyendo<span class=\"screen-reader-text\"> &ldquo;El Hospital Aita Menni celebra doblemente el D\u00eda del Da\u00f1o Cerebral&rdquo;<\/span>&hellip;<\/a><\/div>\n","protected":false},"author":1,"featured_media":30560,"comment_status":"closed","ping_status":"closed","sticky":false,"template":"","format":"standard","meta":{"footnotes":""},"categories":[646,1009,1030],"tags":[],"linea-asistencial":[981],"class_list":["post-30559","post","type-post","status-publish","format-standard","has-post-thumbnail","hentry","category-aita-menni","category-dano-cerebral","category-deporte-adaptado","linea-asistencial-3-dano-cerebral","entry"],"_links":{"self":[{"href":"https:\/\/ospitalarioakfundazioaeuskadi.org\/es\/wp-json\/wp\/v2\/posts\/30559","targetHints":{"allow":["GET"]}}],"collection":[{"href":"https:\/\/ospitalarioakfundazioaeuskadi.org\/es\/wp-json\/wp\/v2\/posts"}],"about":[{"href":"https:\/\/ospitalarioakfundazioaeuskadi.org\/es\/wp-json\/wp\/v2\/types\/post"}],"author":[{"embeddable":true,"href":"https:\/\/ospitalarioakfundazioaeuskadi.org\/es\/wp-json\/wp\/v2\/users\/1"}],"replies":[{"embeddable":true,"href":"https:\/\/ospitalarioakfundazioaeuskadi.org\/es\/wp-json\/wp\/v2\/comments?post=30559"}],"version-history":[{"count":2,"href":"https:\/\/ospitalarioakfundazioaeuskadi.org\/es\/wp-json\/wp\/v2\/posts\/30559\/revisions"}],"predecessor-version":[{"id":57825,"href":"https:\/\/ospitalarioakfundazioaeuskadi.org\/es\/wp-json\/wp\/v2\/posts\/30559\/revisions\/57825"}],"wp:featuredmedia":[{"embeddable":true,"href":"https:\/\/ospitalarioakfundazioaeuskadi.org\/es\/wp-json\/wp\/v2\/media\/30560"}],"wp:attachment":[{"href":"https:\/\/ospitalarioakfundazioaeuskadi.org\/es\/wp-json\/wp\/v2\/media?parent=30559"}],"wp:term":[{"taxonomy":"category","embeddable":true,"href":"https:\/\/ospitalarioakfundazioaeuskadi.org\/es\/wp-json\/wp\/v2\/categories?post=30559"},{"taxonomy":"post_tag","embeddable":true,"href":"https:\/\/ospitalarioakfundazioaeuskadi.org\/es\/wp-json\/wp\/v2\/tags?post=30559"},{"taxonomy":"linea-asistencial","embeddable":true,"href":"https:\/\/ospitalarioakfundazioaeuskadi.org\/es\/wp-json\/wp\/v2\/linea-asistencial?post=30559"}],"curies":[{"name":"wp","href":"https:\/\/api.w.org\/{rel}","templated":true}]}}