{"id":30788,"date":"2014-11-12T00:00:00","date_gmt":"2014-11-12T00:00:00","guid":{"rendered":"http:\/\/194.35.43.170\/~aitamenninueva\/las-camisetas-de-la-adam-comienzan-verse-en-piscinas-polideportivos-y-por-supuesto-en-la-calle\/"},"modified":"2022-10-25T13:54:29","modified_gmt":"2022-10-25T13:54:29","slug":"las-camisetas-de-la-adam-comienzan-verse-en-piscinas-polideportivos-y-por-supuesto-en-la-calle","status":"publish","type":"post","link":"https:\/\/ospitalarioakfundazioaeuskadi.org\/es\/las-camisetas-de-la-adam-comienzan-verse-en-piscinas-polideportivos-y-por-supuesto-en-la-calle\/","title":{"rendered":"Las camisetas de la ADAM comienzan a verse en piscinas, polideportivos y, por supuesto, \u00a1en la calle!"},"content":{"rendered":"<p><strong>No s\u00f3lo los ciclistas, nadadores y jugadores de la propia Agrupaci\u00f3n Deportiva Aita Menni, ADAM, lucen sus camisetas; numerosos colaboradores las han adquirido y comienzan a llevarlas en pruebas y entrenamientos.<\/strong><\/p>\n<p>&nbsp;<\/p>\n<p>Porque llevar la camiseta t\u00e9cnica de la ADAM significa prestar apoyo a la propia agrupaci\u00f3n y, adem\u00e1s, colaborar con el proyecto <a title=\"We are like You\" href=\"http:\/\/www.aita-menni.org\/es\/pastoral-proyectos-sociales\/proyectos-cooperacion-internacional.html\" target=\"_blank\" rel=\"noopener nofollow\">\u201cWe are like You\u201d<\/a> de salud mental en Liberia. Si quieres formar parte de este equipo solidario, puedes adquirir camisetas t\u00e9cnicas como las de nuestros deportistas: son blancas, de tejido transpirable y en su estampado destaca el coraz\u00f3n de las <a title=\"Hermanas Hospitalarias\" href=\"http:\/\/www.hospitalarias.org\/\" target=\"_blank\" rel=\"noopener nofollow\">Hermanas Hospitalarias<\/a>.<\/p>\n<p>Este fin de semana se ha celebrado la carrera popular Behobia-San Sebasti\u00e1n. Casi 30.000 personas realizaron 20 kil\u00f3metros de recorrido y, entre ellas, algunas lucieron la camiseta de la<strong> <a title=\"ADAM\" href=\"http:\/\/xn--daocerebral-2db.es\/el-hospital-aita-menni-crea-una-agrupacion-deportiva-para-potenciar-el-ejercicio-regular-de-deporte-inclusivo\/\" target=\"_blank\" rel=\"noopener nofollow\">Agrupaci\u00f3n Deportiva Aita Menni<\/a><\/strong>. Uno de estos corredores fue el director gerente del <a title=\"Hospital Aita Menni\" href=\"http:\/\/www.aita-menni.org\/es\/\" target=\"_blank\" rel=\"noopener nofollow\">Hospital Aita Menni<\/a>, <strong>Mikel Tellaeche<\/strong>, a quien vemos junto a <strong>Roberto M\u00edguez<\/strong> y otros amigos participantes en la foto inferior.<\/p>\n<p><img loading=\"lazy\" decoding=\"async\" class=\"alignright size-full wp-image-19379\" src=\"https:\/\/www.ospitalarioakfundazioaeuskadi.org\/wp-content\/uploads\/2021\/10\/bss.jpg\" alt=\"bss\" width=\"640\" height=\"480\" title=\"\"><\/p>\n<p>Si, como dicen, la Behobia-San Sebasti\u00e1n es mucho m\u00e1s que una carrera -porque es ante todo un sentimiento forjado desde hace 50 a\u00f1os en la ilusi\u00f3n, las sensaciones y el esfuerzo de miles de corredores y atletas-, <strong>la ADAM quiere ser un s\u00edmbolo del deporte inclusivo y la superaci\u00f3n<\/strong>. Con esta iniciativa el Servicio de Da\u00f1o Cerebral del Hospital Aita Menni ofrece una oportunidad de rehabilitaci\u00f3n a las personas afectadas por DCA a trav\u00e9s del deporte. Y todos podemos ayudar.<\/p>\n<p>\u00bfTe sumas? <a title=\"Pide tu camiseta\" href=\"http:\/\/www.aita-menni.org\/es\/noticias\/colabora-proyectos-sociales-aita-menni-8358.html\" target=\"_blank\" rel=\"noopener nofollow\">Pide tu camiseta de la ADAM<\/a> y, una vez la hayas recibido,\u00a0<strong>puedes enviarnos tu foto practicando deporte con ella; <\/strong>entre todos haremos m\u00e1s visible el da\u00f1o cerebral y sus posibilidades de rehabilitaci\u00f3n, y afrontaremos las dificultades que conlleva con una actitud m\u00e1s positiva.<\/p>\n<div id=\"fb-root\"><\/div>\n<p><script>\/\/ \n(function(d, s, id) { var js, fjs = d.getElementsByTagName(s)[0]; if (d.getElementById(id)) return; js = d.createElement(s); js.id = id; js.src = \"\/\/connect.facebook.net\/es_ES\/all.js#xfbml=1\"; fjs.parentNode.insertBefore(js, fjs); }(document, 'script', 'facebook-jssdk'));\n\/\/ <\/script><\/p>\n<div class=\"fb-post\" data-href=\"https:\/\/www.facebook.com\/media\/set\/?set=a.821937294524475.1073741898.135683853149826&amp;type=1\" data-width=\"466\">\n<div class=\"fb-xfbml-parse-ignore\"><a href=\"https:\/\/www.facebook.com\/media\/set\/?set=a.821937294524475.1073741898.135683853149826&amp;type=1\" rel=\"nofollow noopener\" target=\"_blank\">una publicaci\u00f3n<\/a> de <a href=\"https:\/\/www.facebook.com\/DCerebralMenni\" rel=\"nofollow noopener\" target=\"_blank\">Da\u00f1o Cerebral Aita Menni<\/a>.<\/div>\n<\/div>\n","protected":false},"excerpt":{"rendered":"<div class=\"entry-summary\">\n&nbsp; Porque llevar la camiseta t\u00e9cnica de la ADAM significa prestar apoyo a la propia agrupaci\u00f3n y, adem\u00e1s, colaborar con el proyecto \u201cWe are like You\u201d de salud mental en Liberia. Si quieres formar parte de este equipo solidario, puedes&hellip;\n<\/div>\n<div class=\"link-more\"><a href=\"https:\/\/ospitalarioakfundazioaeuskadi.org\/es\/las-camisetas-de-la-adam-comienzan-verse-en-piscinas-polideportivos-y-por-supuesto-en-la-calle\/\" class=\"more-link\">Seguir leyendo<span class=\"screen-reader-text\"> &ldquo;Las camisetas de la ADAM comienzan a verse en piscinas, polideportivos y, por supuesto, \u00a1en la calle!&rdquo;<\/span>&hellip;<\/a><\/div>\n","protected":false},"author":1,"featured_media":30791,"comment_status":"closed","ping_status":"closed","sticky":false,"template":"","format":"standard","meta":{"footnotes":""},"categories":[1009,1030],"tags":[],"linea-asistencial":[981],"class_list":["post-30788","post","type-post","status-publish","format-standard","has-post-thumbnail","hentry","category-dano-cerebral","category-deporte-adaptado","linea-asistencial-3-dano-cerebral","entry"],"_links":{"self":[{"href":"https:\/\/ospitalarioakfundazioaeuskadi.org\/es\/wp-json\/wp\/v2\/posts\/30788","targetHints":{"allow":["GET"]}}],"collection":[{"href":"https:\/\/ospitalarioakfundazioaeuskadi.org\/es\/wp-json\/wp\/v2\/posts"}],"about":[{"href":"https:\/\/ospitalarioakfundazioaeuskadi.org\/es\/wp-json\/wp\/v2\/types\/post"}],"author":[{"embeddable":true,"href":"https:\/\/ospitalarioakfundazioaeuskadi.org\/es\/wp-json\/wp\/v2\/users\/1"}],"replies":[{"embeddable":true,"href":"https:\/\/ospitalarioakfundazioaeuskadi.org\/es\/wp-json\/wp\/v2\/comments?post=30788"}],"version-history":[{"count":1,"href":"https:\/\/ospitalarioakfundazioaeuskadi.org\/es\/wp-json\/wp\/v2\/posts\/30788\/revisions"}],"predecessor-version":[{"id":40197,"href":"https:\/\/ospitalarioakfundazioaeuskadi.org\/es\/wp-json\/wp\/v2\/posts\/30788\/revisions\/40197"}],"wp:featuredmedia":[{"embeddable":true,"href":"https:\/\/ospitalarioakfundazioaeuskadi.org\/es\/wp-json\/wp\/v2\/media\/30791"}],"wp:attachment":[{"href":"https:\/\/ospitalarioakfundazioaeuskadi.org\/es\/wp-json\/wp\/v2\/media?parent=30788"}],"wp:term":[{"taxonomy":"category","embeddable":true,"href":"https:\/\/ospitalarioakfundazioaeuskadi.org\/es\/wp-json\/wp\/v2\/categories?post=30788"},{"taxonomy":"post_tag","embeddable":true,"href":"https:\/\/ospitalarioakfundazioaeuskadi.org\/es\/wp-json\/wp\/v2\/tags?post=30788"},{"taxonomy":"linea-asistencial","embeddable":true,"href":"https:\/\/ospitalarioakfundazioaeuskadi.org\/es\/wp-json\/wp\/v2\/linea-asistencial?post=30788"}],"curies":[{"name":"wp","href":"https:\/\/api.w.org\/{rel}","templated":true}]}}