{"id":30866,"date":"2017-10-09T00:00:00","date_gmt":"2017-10-09T00:00:00","guid":{"rendered":"http:\/\/194.35.43.170\/~aitamenninueva\/8216mannequin-challenge8217-para-conocer-reivindicar-11482\/"},"modified":"2022-12-09T11:32:51","modified_gmt":"2022-12-09T11:32:51","slug":"8216mannequin-challenge8217-para-conocer-reivindicar-11482","status":"publish","type":"post","link":"https:\/\/ospitalarioakfundazioaeuskadi.org\/es\/8216mannequin-challenge8217-para-conocer-reivindicar-11482\/","title":{"rendered":"Un &#8216;mannequin challenge&#8217; para dar a conocer y reivindicar los derechos de las personas con trastorno mental y sus familias"},"content":{"rendered":"<div class=\"texto wysiwyg\">\n<p>En el marco del D\u00eda Mundial de la Salud Mental, que se celebra el 10 de octubre, los <a href=\"..\/psiquiatria\/centros-rehabilitacion-psicosocial\/index.html\" target=\"_blank\" rel=\"noopener\">Centros de Rehabilitaci\u00f3n Psicosocial de Aita Menni<\/a>\u00a0grabamos un <i>mannequin challenge<\/i> para dar a conocer y reivindicar p\u00fablicamente los derechos de las personas con un trastorno mental y de sus familias. <\/p>\n<p>Bajo el lema\u00a0<b><i>\u201cSin barreras, abre tu mente. Piensa dos veces antes de juzgar, somos como t\u00fa\u201d<\/i><\/b>, buscamos concienciar a la poblaci\u00f3n general sobre el trastorno mental, luchar contra el estigma que sufren estas personas y favorecer su inclusi\u00f3n en la sociedad. <\/p>\n<p>Contra el estigma<\/p>\n<div class=\"cookieconsent-optout-marketing\">\n<div class=\"alert alert-warning\">Este contenido est\u00e1 alojado en un proveedor externo. Si quieres verlo, debes <a href=\"javascript:Cookiebot.renew()\" style=\"cursor:pointer;text-decoration:underline;\">aceptar las cookies de la categor\u00eda \"Otras\"<\/a> en la Configuraci\u00f3n de Cookies.<\/div><\/div><iframe loading=\"lazy\" width=\"100%\" height=\"301\" src=\"https:\/\/www.youtube.com\/embed\/rwDcP0fSv1U\" frameborder=\"0\"><\/iframe><\/p>\n<p>Es frecuente que las personas con alg\u00fan trastorno mental se enfrenten a reacciones de miedo y prejuicio por parte de los dem\u00e1s, que suelen basarse en una concepci\u00f3n distorsionada de lo que supone padecer un trastorno mental. El <b>estigma <\/b>es un complejo fen\u00f3meno social, que hace referencia a un conjunto de actitudes, normalmente negativas, que un grupo social mantiene con otros grupos minoritarios en funci\u00f3n de que estos presenten alg\u00fan rasgo diferencial. <\/p>\n<p>Desde la perspectiva de la <a href=\"..\/psiquiatria\/centros-rehabilitacion-psicosocial\/crps-aita-menni.html\" target=\"_blank\" rel=\"noopener\">atenci\u00f3n comunitaria<\/a>, el estigma se ha identificado como n\u00facleo b\u00e1sico de diferentes barreras sociales que dificultan la vida en la comunidad de estas personas m\u00e1s all\u00e1 de los efectos propios de su trastorno. Sabemos que la estigmatizaci\u00f3n aumenta el sufrimiento personal y la exclusi\u00f3n social, impide el acceso a la vivienda y el empleo, e incluso puede condicionar que la persona afectada no busque ayuda por miedo a que se la etiquete; constituyendo uno de los principales obst\u00e1culos para el \u00e9xito y la recuperaci\u00f3n.<\/p>\n<p>Por ello, consideramos que la lucha contra este fen\u00f3meno, a trav\u00e9s de medidas efectivas de inclusi\u00f3n acompa\u00f1adas de acciones espec\u00edficas de sensibilizaci\u00f3n, es un elemento clave para alcanzar las metas propuestas en todas las acciones relacionadas con la promoci\u00f3n de la salud mental.<\/p>\n<p>As\u00ed, este d\u00eda es para nosotros una fecha clave, en la que hacer un llamamiento a la sociedad y recordar que las personas con un trastorno mental son personas como los dem\u00e1s <b>(\u201csomos como t\u00fa\u201d)<\/b> y que la salud mental es cosa de todos.\u00a0<\/p><\/div>\n","protected":false},"excerpt":{"rendered":"<div class=\"entry-summary\">\nLos CRPS han grabado este bonito v\u00eddeo para concienciar a la poblaci\u00f3n general en el D\u00eda de la Salud Mental. Bajo el lema \u201cSin barreras, abre tu mente. Piensa dos veces antes de juzgar, somos como t\u00fa\u201d, quieren tambi\u00e9n luchar contra el estigma que sufren estas personas y favorecer su inclusi\u00f3n en la sociedad.\n<\/div>\n<div class=\"link-more\"><a href=\"https:\/\/ospitalarioakfundazioaeuskadi.org\/es\/8216mannequin-challenge8217-para-conocer-reivindicar-11482\/\" class=\"more-link\">Seguir leyendo<span class=\"screen-reader-text\"> &ldquo;Un &#8216;mannequin challenge&#8217; para dar a conocer y reivindicar los derechos de las personas con trastorno mental y sus familias&rdquo;<\/span>&hellip;<\/a><\/div>\n","protected":false},"author":1,"featured_media":0,"comment_status":"closed","ping_status":"closed","sticky":false,"template":"","format":"standard","meta":{"footnotes":""},"categories":[1046,1025,1026,1027],"tags":[],"linea-asistencial":[979],"class_list":["post-30866","post","type-post","status-publish","format-standard","hentry","category-crps-arrasate-mondragon","category-crps-beasain","category-crps-irun","category-crps-maldatxo","linea-asistencial-1-salud-mental","entry"],"_links":{"self":[{"href":"https:\/\/ospitalarioakfundazioaeuskadi.org\/es\/wp-json\/wp\/v2\/posts\/30866","targetHints":{"allow":["GET"]}}],"collection":[{"href":"https:\/\/ospitalarioakfundazioaeuskadi.org\/es\/wp-json\/wp\/v2\/posts"}],"about":[{"href":"https:\/\/ospitalarioakfundazioaeuskadi.org\/es\/wp-json\/wp\/v2\/types\/post"}],"author":[{"embeddable":true,"href":"https:\/\/ospitalarioakfundazioaeuskadi.org\/es\/wp-json\/wp\/v2\/users\/1"}],"replies":[{"embeddable":true,"href":"https:\/\/ospitalarioakfundazioaeuskadi.org\/es\/wp-json\/wp\/v2\/comments?post=30866"}],"version-history":[{"count":1,"href":"https:\/\/ospitalarioakfundazioaeuskadi.org\/es\/wp-json\/wp\/v2\/posts\/30866\/revisions"}],"predecessor-version":[{"id":53437,"href":"https:\/\/ospitalarioakfundazioaeuskadi.org\/es\/wp-json\/wp\/v2\/posts\/30866\/revisions\/53437"}],"wp:attachment":[{"href":"https:\/\/ospitalarioakfundazioaeuskadi.org\/es\/wp-json\/wp\/v2\/media?parent=30866"}],"wp:term":[{"taxonomy":"category","embeddable":true,"href":"https:\/\/ospitalarioakfundazioaeuskadi.org\/es\/wp-json\/wp\/v2\/categories?post=30866"},{"taxonomy":"post_tag","embeddable":true,"href":"https:\/\/ospitalarioakfundazioaeuskadi.org\/es\/wp-json\/wp\/v2\/tags?post=30866"},{"taxonomy":"linea-asistencial","embeddable":true,"href":"https:\/\/ospitalarioakfundazioaeuskadi.org\/es\/wp-json\/wp\/v2\/linea-asistencial?post=30866"}],"curies":[{"name":"wp","href":"https:\/\/api.w.org\/{rel}","templated":true}]}}