{"id":30867,"date":"2017-10-10T00:00:00","date_gmt":"2017-10-10T00:00:00","guid":{"rendered":"http:\/\/194.35.43.170\/~aitamenninueva\/8220estamos-asistiendo-psiquiatrizacion-sufrimiento-cotidiano8221-11498\/"},"modified":"2022-12-09T11:30:22","modified_gmt":"2022-12-09T11:30:22","slug":"8220estamos-asistiendo-psiquiatrizacion-sufrimiento-cotidiano8221-11498","status":"publish","type":"post","link":"https:\/\/ospitalarioakfundazioaeuskadi.org\/es\/8220estamos-asistiendo-psiquiatrizacion-sufrimiento-cotidiano8221-11498\/","title":{"rendered":"\u00abEstamos asistiendo a una psiquiatrizaci\u00f3n del sufrimiento cotidiano\u00bb"},"content":{"rendered":"<div class=\"texto wysiwyg\">\n<p><span>Foto: Redacci\u00f3n M\u00e9dica<\/span><\/p>\n<p><a href=\"http:\/\/radiopopular.com\/estamos-asistiendo-a-una-psiquiatrizacion-del-sufrimiento-cotidiano-doctor-ignacio-quemada\/\" target=\"_blank\" rel=\"noopener nofollow\">\u00abEstamos asistiendo a una psiquiatrizaci\u00f3n del sufrimiento cotidiano\u00bb, <\/a>entrevista de Radio Popular al dr. Quemada, director m\u00e9dico de Aita Menni y organizador de la reuni\u00f3n anual de la Sociedad Vasco-Navarra de Psiquiatr\u00eda.\u00a0<\/p>\n<p>En este mismo contexto, la revista &#8216;Redacci\u00f3n M\u00e9dica&#8217; habl\u00f3 con el doctor Quemada sobre los <a href=\"https:\/\/www.redaccionmedica.com\/secciones\/psiquiatria\/la-psiquiatria-se-enfrenta-a-problemas-emergentes-1319\" target=\"_blank\" rel=\"noopener nofollow\">problemas emergentes a los que se enfrenta la Psiquiatr\u00eda<\/a>.\u00a0<\/p>\n<p>La XVI reuni\u00f3n ha tenido lugar en el Colegio de M\u00e9dicos de Bilbao y en ella participaron, adem\u00e1s, <a href=\"instancias-judiciales-estan-deseando-proyectos-11495.html\" target=\"_blank\" rel=\"noopener\">I\u00f1aki Madariaga<\/a>, responsable de la UPL del HAM, y el psiquiatra J<a href=\"http:\/\/www.personamayor.org\/javier-pastor-las-residencias-de-mayores-deben-crear-el-ambiente-terapeutico-que-prevenga-la-enfermedad-mental\/\" target=\"_blank\" rel=\"noopener nofollow\">avier Pastor<\/a>, que desempe\u00f1a su labor en las residencias de Aita Menni.\u00a0<\/p><\/div>\n","protected":false},"excerpt":{"rendered":"<div class=\"entry-summary\">\nFoto: Redacci\u00f3n M\u00e9dica \u00abEstamos asistiendo a una psiquiatrizaci\u00f3n del sufrimiento cotidiano\u00bb, entrevista de Radio Popular al dr. Quemada, director m\u00e9dico de Aita Menni y organizador de la reuni\u00f3n anual de la Sociedad Vasco-Navarra de Psiquiatr\u00eda.\u00a0 En este mismo contexto, la&hellip;\n<\/div>\n<div class=\"link-more\"><a href=\"https:\/\/ospitalarioakfundazioaeuskadi.org\/es\/8220estamos-asistiendo-psiquiatrizacion-sufrimiento-cotidiano8221-11498\/\" class=\"more-link\">Seguir leyendo<span class=\"screen-reader-text\"> &ldquo;\u00abEstamos asistiendo a una psiquiatrizaci\u00f3n del sufrimiento cotidiano\u00bb&rdquo;<\/span>&hellip;<\/a><\/div>\n","protected":false},"author":1,"featured_media":25581,"comment_status":"closed","ping_status":"closed","sticky":false,"template":"","format":"standard","meta":{"footnotes":""},"categories":[1041,1036],"tags":[],"linea-asistencial":[979],"class_list":["post-30867","post","type-post","status-publish","format-standard","has-post-thumbnail","hentry","category-calidad","category-conocimiento","linea-asistencial-1-salud-mental","entry"],"_links":{"self":[{"href":"https:\/\/ospitalarioakfundazioaeuskadi.org\/es\/wp-json\/wp\/v2\/posts\/30867","targetHints":{"allow":["GET"]}}],"collection":[{"href":"https:\/\/ospitalarioakfundazioaeuskadi.org\/es\/wp-json\/wp\/v2\/posts"}],"about":[{"href":"https:\/\/ospitalarioakfundazioaeuskadi.org\/es\/wp-json\/wp\/v2\/types\/post"}],"author":[{"embeddable":true,"href":"https:\/\/ospitalarioakfundazioaeuskadi.org\/es\/wp-json\/wp\/v2\/users\/1"}],"replies":[{"embeddable":true,"href":"https:\/\/ospitalarioakfundazioaeuskadi.org\/es\/wp-json\/wp\/v2\/comments?post=30867"}],"version-history":[{"count":1,"href":"https:\/\/ospitalarioakfundazioaeuskadi.org\/es\/wp-json\/wp\/v2\/posts\/30867\/revisions"}],"predecessor-version":[{"id":53436,"href":"https:\/\/ospitalarioakfundazioaeuskadi.org\/es\/wp-json\/wp\/v2\/posts\/30867\/revisions\/53436"}],"wp:featuredmedia":[{"embeddable":true,"href":"https:\/\/ospitalarioakfundazioaeuskadi.org\/es\/wp-json\/wp\/v2\/media\/25581"}],"wp:attachment":[{"href":"https:\/\/ospitalarioakfundazioaeuskadi.org\/es\/wp-json\/wp\/v2\/media?parent=30867"}],"wp:term":[{"taxonomy":"category","embeddable":true,"href":"https:\/\/ospitalarioakfundazioaeuskadi.org\/es\/wp-json\/wp\/v2\/categories?post=30867"},{"taxonomy":"post_tag","embeddable":true,"href":"https:\/\/ospitalarioakfundazioaeuskadi.org\/es\/wp-json\/wp\/v2\/tags?post=30867"},{"taxonomy":"linea-asistencial","embeddable":true,"href":"https:\/\/ospitalarioakfundazioaeuskadi.org\/es\/wp-json\/wp\/v2\/linea-asistencial?post=30867"}],"curies":[{"name":"wp","href":"https:\/\/api.w.org\/{rel}","templated":true}]}}