{"id":30989,"date":"2014-09-13T00:00:00","date_gmt":"2014-09-13T00:00:00","guid":{"rendered":"http:\/\/194.35.43.170\/~aitamenninueva\/agrupacion-deportiva-aita-menni-realidad-8486\/"},"modified":"2022-10-25T13:54:33","modified_gmt":"2022-10-25T13:54:33","slug":"agrupacion-deportiva-aita-menni-realidad-8486","status":"publish","type":"post","link":"https:\/\/ospitalarioakfundazioaeuskadi.org\/es\/agrupacion-deportiva-aita-menni-realidad-8486\/","title":{"rendered":"La Agrupaci\u00f3n Deportiva Aita Menni \u00a1\u00a1ya es una realidad!!"},"content":{"rendered":"<div class=\"texto wysiwyg\">\n<p>Previamente, en las sedes de Arrasate, Bilbao, Gernika y Donostia-San Sebasti\u00e1n, fisioterapeutas y monitores hab\u00edan formado grupos de personas con distintas capacidades que quisieran realizar alg\u00fan tipo de pr\u00e1ctica deportiva en equipo y entrenar con regularidad. <\/p>\n<p>Una vez reunidos todos en Arrasate-Mondrag\u00f3n, el director-gerente del Hospital, Mikel Tellaeche,\u00a0 les ofreci\u00f3 unas palabras de bienvenida en las que record\u00f3 el lema de la ADAM: \u201cWe are like you\u201d. Despu\u00e9s, una vez formalizada la ficha, fotograf\u00eda incluida, los deportistas salieron al patio para dar comienzo a la primera partida de boccia. Mientras, el equipo de ciclismo probaba en el eslalon triciclos y handbikes. <\/p>\n<p><img decoding=\"async\" src=\"https:\/\/www.ospitalarioakfundazioaeuskadi.org\/wp-content\/uploads\/2021\/10\/collage2-0-1.jpg\" alt=\"Boccia\" title=\"\"><\/p>\n<p><strong>Proyecto a largo plazo<\/strong><\/p>\n<p>La finalidad de la Agrupaci\u00f3n Deportiva Aita Menni consiste en promover y desarrollar en el Pa\u00eds Vasco la actividad deportiva entre las personas con da\u00f1o cerebral y otras discapacidades de origen neurol\u00f3gico. Es un proyecto a largo plazo, en el que est\u00e1n involucrados muchos profesionales, y que inicialmente contempla, adem\u00e1s de boccia y ciclismo adaptado, la pr\u00e1ctica de nataci\u00f3n. A partir de ahora, sus miembros podr\u00e1n federarse y participar si lo desean en las distintas competiciones oficiales.<\/p>\n<p>Los talleres predeportivos que se vienen desarrollando en los centros de d\u00eda de da\u00f1o cerebral que gestionamos son los precursores de la ADAM. En estos talleres terap\u00e9uticos se promueven actividades f\u00edsicas y juegos basados en diferentes deportes, siempre encaminados a beneficiar en m\u00faltiples aspectos a las personas que participan. Existe evidencia de que la actividad f\u00edsica y el ejercicio pueden mejorar la condici\u00f3n de las personas que han sufrido un da\u00f1o cerebral. De igual modo, se ha comprobado que la vida sedentaria no favorece el desarrollo de la autonom\u00eda y aumenta el riesgo de sufrir un accidente cerebrovascular.<\/p>\n<p><strong>C\u00f3mo colaborar<\/strong><\/p>\n<p>La Agrupaci\u00f3n Deportiva Aita Menni se sustentar\u00e1 mediante patrocinios y aportaciones de empresas as\u00ed como con las cuotas de sus socios. Para colaborar en la financiaci\u00f3n, quien lo desee puede <a href=\"https:\/\/ospitalarioakfundazioaeuskadi.org\/es\/colabora-proyectos-sociales-aita-menni-8358\/\" title=\"camisetas t\u00e9cnicas\" target=\"_blank\" rel=\"noopener\">adquirir camisetas t\u00e9cnicas<\/a> como las de nuestros deportistas y, a la vez, apoyar el <a href=\"..\/pastoral-proyectos-sociales\/proyectos-cooperacion-internacional.html\">Proyecto \u00a0\u201cWe are like you\u201d de salud mental en Liberia<\/a>\u00a0(\u00c1frica). <\/p>\n<p>Las camisetas, disponibles en las tallas S-M-L-XL-XXL, tienen un precio de 35 euros, de los cuales 15 se reparten entre ambos proyectos y el resto corresponden al coste de la prenda. Para adquirirlas hay que contactar con Amaia Jauregi en el 943 794 411 o enviar un mail a\u00a0<a href=\"mailto:ajauregui@aita-menni.org\">ajauregui.aitamenni@hospitalarias.es<\/a>.\u00a0<\/p>\n<p><a href=\"https:\/\/ospitalarioakfundazioaeuskadi.org\/es\/colabora-proyectos-sociales-aita-menni-8358\/\" target=\"_blank\" rel=\"noopener\"><img decoding=\"async\" src=\"https:\/\/www.ospitalarioakfundazioaeuskadi.org\/wp-content\/uploads\/2021\/10\/collagecamiseta-0-1.jpg\" alt=\"Camiseta\" title=\"\"><\/a><\/p>\n<p> <a title=\"View Agrupaci\u00f3n Deportiva Aita Menni on Scribd\" href=\"http:\/\/es.scribd.com\/doc\/240139689\/Agrupacion-Deportiva-Aita-Menni\" style=\"text-decoration: underline;\" rel=\"nofollow noopener\" target=\"_blank\">Agrupaci\u00f3n Deportiva Aita Menni<\/a> by <a title=\"View Red Menni de Da\u00f1o Cerebral&#039;s profile on Scribd\" href=\"http:\/\/www.scribd.com\/Red_Menni_DC\" style=\"text-decoration: underline;\" rel=\"nofollow noopener\" target=\"_blank\">Red Menni de Da\u00f1o Cerebral<\/a><\/p>\n<div class=\"cookieconsent-optout-marketing\">\n<div class=\"alert alert-warning\">Este contenido est\u00e1 alojado en un proveedor externo. Si quieres verlo, debes <a href=\"javascript:Cookiebot.renew()\" style=\"cursor:pointer;text-decoration:underline;\">aceptar las cookies de la categor\u00eda \"Otras\"<\/a> en la Configuraci\u00f3n de Cookies.<\/div><\/div><iframe loading=\"lazy\" class=\"scribd_iframe_embed\" src=\"https:\/\/www.scribd.com\/embeds\/240139689\/content?start_page=1&amp;view_mode=scroll&amp;access_key=key-xXqC9lNfetbit7O1bBDW&amp;show_recommendations=false\" data-auto-height=\"false\" data-aspect-ratio=\"1.4160125588697017\" id=\"doc_82272\" width=\"100%\" height=\"600\" frameborder=\"0\"><\/iframe><\/div>\n","protected":false},"excerpt":{"rendered":"<div class=\"entry-summary\">\nM\u00e1s de treinta componentes de la ADAM se dieron cita el d\u00eda 11 de septiembre en el Hospital Aita Menni para formalizar la entidad\n<\/div>\n<div class=\"link-more\"><a href=\"https:\/\/ospitalarioakfundazioaeuskadi.org\/es\/agrupacion-deportiva-aita-menni-realidad-8486\/\" class=\"more-link\">Seguir leyendo<span class=\"screen-reader-text\"> &ldquo;La Agrupaci\u00f3n Deportiva Aita Menni \u00a1\u00a1ya es una realidad!!&rdquo;<\/span>&hellip;<\/a><\/div>\n","protected":false},"author":1,"featured_media":27122,"comment_status":"closed","ping_status":"closed","sticky":false,"template":"","format":"standard","meta":{"footnotes":""},"categories":[1030],"tags":[],"linea-asistencial":[],"class_list":["post-30989","post","type-post","status-publish","format-standard","has-post-thumbnail","hentry","category-deporte-adaptado","entry"],"_links":{"self":[{"href":"https:\/\/ospitalarioakfundazioaeuskadi.org\/es\/wp-json\/wp\/v2\/posts\/30989","targetHints":{"allow":["GET"]}}],"collection":[{"href":"https:\/\/ospitalarioakfundazioaeuskadi.org\/es\/wp-json\/wp\/v2\/posts"}],"about":[{"href":"https:\/\/ospitalarioakfundazioaeuskadi.org\/es\/wp-json\/wp\/v2\/types\/post"}],"author":[{"embeddable":true,"href":"https:\/\/ospitalarioakfundazioaeuskadi.org\/es\/wp-json\/wp\/v2\/users\/1"}],"replies":[{"embeddable":true,"href":"https:\/\/ospitalarioakfundazioaeuskadi.org\/es\/wp-json\/wp\/v2\/comments?post=30989"}],"version-history":[{"count":1,"href":"https:\/\/ospitalarioakfundazioaeuskadi.org\/es\/wp-json\/wp\/v2\/posts\/30989\/revisions"}],"predecessor-version":[{"id":40213,"href":"https:\/\/ospitalarioakfundazioaeuskadi.org\/es\/wp-json\/wp\/v2\/posts\/30989\/revisions\/40213"}],"wp:featuredmedia":[{"embeddable":true,"href":"https:\/\/ospitalarioakfundazioaeuskadi.org\/es\/wp-json\/wp\/v2\/media\/27122"}],"wp:attachment":[{"href":"https:\/\/ospitalarioakfundazioaeuskadi.org\/es\/wp-json\/wp\/v2\/media?parent=30989"}],"wp:term":[{"taxonomy":"category","embeddable":true,"href":"https:\/\/ospitalarioakfundazioaeuskadi.org\/es\/wp-json\/wp\/v2\/categories?post=30989"},{"taxonomy":"post_tag","embeddable":true,"href":"https:\/\/ospitalarioakfundazioaeuskadi.org\/es\/wp-json\/wp\/v2\/tags?post=30989"},{"taxonomy":"linea-asistencial","embeddable":true,"href":"https:\/\/ospitalarioakfundazioaeuskadi.org\/es\/wp-json\/wp\/v2\/linea-asistencial?post=30989"}],"curies":[{"name":"wp","href":"https:\/\/api.w.org\/{rel}","templated":true}]}}