{"id":30998,"date":"2021-04-15T00:00:00","date_gmt":"2021-04-15T00:00:00","guid":{"rendered":"http:\/\/194.35.43.170\/~aitamenninueva\/aita-menni-asociacion-nacional-personas-14298\/"},"modified":"2022-10-25T11:40:47","modified_gmt":"2022-10-25T11:40:47","slug":"aita-menni-asociacion-nacional-personas-14298","status":"publish","type":"post","link":"https:\/\/ospitalarioakfundazioaeuskadi.org\/es\/aita-menni-asociacion-nacional-personas-14298\/","title":{"rendered":"Aita Menni y la Asociaci\u00f3n Nacional de Personas con Epilepsia suscriben un convenio de colaboraci\u00f3n"},"content":{"rendered":"<div class=\"texto wysiwyg\">\n<p>La epilepsia se caracteriza por convulsiones recurrentes, episodios breves de movimientos involuntarios que pueden afectar a una parte del cuerpo o a su totalidad y que, a veces, se acompa\u00f1an de p\u00e9rdida de la consciencia.\u00a0No se trata de una enfermedad en s\u00ed misma sino de un s\u00edntoma que puede denotar muchas enfermedades. La Sociedad Espa\u00f1ola de Neurolog\u00eda (SEN) estima que en Espa\u00f1a padecen epilepsia 400.000 personas y que cada a\u00f1o detectan entre 12.400 y 22.000 nuevos casos.<\/p>\n<p>El Hospital Aita Menni y la <a href=\"https:\/\/www.anpeepilepsia.org\/\" target=\"_blank\" rel=\"noopener nofollow\">Asociaci\u00f3n Nacional de Personas con Epilepsia (ANPE)<\/a> han suscrito un convenio de colaboraci\u00f3n. ANPE tiene como objetivo mejorar la calidad de vida de las personas con epilepsia en Espa\u00f1a, promoviendo y fomentando la atenci\u00f3n, investigaci\u00f3n, informaci\u00f3n y derechos de las mismas, as\u00ed como la erradicaci\u00f3n del estigma.<\/p>\n<p>Con la firma de este acuerdo \u2013suscrito por parte de nuestro director gerente, <b>Mikel Tellaeche<\/b>, y la presidenta de ANPE, <b>Isabel Madrid<\/b>-, se refleja el deseo de ambas partes de establecer una estrecha colaboraci\u00f3n al objeto de impulsar el cumplimiento de los fines que ambas entidades tienen encomendados, en la certeza de que esta colaboraci\u00f3n, al permitir un mejor aprovechamiento de los recursos disponibles y una mayor eficacia en su gesti\u00f3n, ayudar\u00e1 a obtener mejores resultados en distintos programas y acciones, que redundar\u00e1n en beneficio de las instituciones y el colectivo objeto de atenci\u00f3n e intervenci\u00f3n y, por tanto, de la comunidad en general.<\/p>\n<p>El acuerdo se basa en el apoyo b\u00edopsicosocial educativo y laboral, de asesoramiento y b\u00fasqueda de recursos necesarios para para mejorar el bienestar y calidad de vida, las condiciones de salud, atenci\u00f3n, integraci\u00f3n e inserci\u00f3n social de las personas con epilepsia, de sus familiares y de su entorno.<\/p><\/div>\n","protected":false},"excerpt":{"rendered":"<div class=\"entry-summary\">\nPermitir\u00e1 un mejor aprovechamiento de los recursos disponibles y redundar\u00e1 en beneficio del colectivo objeto de atenci\u00f3n. El acuerdo se basa en el apoyo, asesoramiento y b\u00fasqueda de recursos necesarios para la mejora de las condiciones de salud, asistencia, integraci\u00f3n e inserci\u00f3n b\u00edopsicosocial de las personas con epilepsia que forman parte de ANPE.\n<\/div>\n<div class=\"link-more\"><a href=\"https:\/\/ospitalarioakfundazioaeuskadi.org\/es\/aita-menni-asociacion-nacional-personas-14298\/\" class=\"more-link\">Seguir leyendo<span class=\"screen-reader-text\"> &ldquo;Aita Menni y la Asociaci\u00f3n Nacional de Personas con Epilepsia suscriben un convenio de colaboraci\u00f3n&rdquo;<\/span>&hellip;<\/a><\/div>\n","protected":false},"author":1,"featured_media":26800,"comment_status":"closed","ping_status":"closed","sticky":false,"template":"","format":"standard","meta":{"footnotes":""},"categories":[646,1036],"tags":[],"linea-asistencial":[],"class_list":["post-30998","post","type-post","status-publish","format-standard","has-post-thumbnail","hentry","category-aita-menni","category-conocimiento","entry"],"_links":{"self":[{"href":"https:\/\/ospitalarioakfundazioaeuskadi.org\/es\/wp-json\/wp\/v2\/posts\/30998","targetHints":{"allow":["GET"]}}],"collection":[{"href":"https:\/\/ospitalarioakfundazioaeuskadi.org\/es\/wp-json\/wp\/v2\/posts"}],"about":[{"href":"https:\/\/ospitalarioakfundazioaeuskadi.org\/es\/wp-json\/wp\/v2\/types\/post"}],"author":[{"embeddable":true,"href":"https:\/\/ospitalarioakfundazioaeuskadi.org\/es\/wp-json\/wp\/v2\/users\/1"}],"replies":[{"embeddable":true,"href":"https:\/\/ospitalarioakfundazioaeuskadi.org\/es\/wp-json\/wp\/v2\/comments?post=30998"}],"version-history":[{"count":1,"href":"https:\/\/ospitalarioakfundazioaeuskadi.org\/es\/wp-json\/wp\/v2\/posts\/30998\/revisions"}],"predecessor-version":[{"id":42316,"href":"https:\/\/ospitalarioakfundazioaeuskadi.org\/es\/wp-json\/wp\/v2\/posts\/30998\/revisions\/42316"}],"wp:featuredmedia":[{"embeddable":true,"href":"https:\/\/ospitalarioakfundazioaeuskadi.org\/es\/wp-json\/wp\/v2\/media\/26800"}],"wp:attachment":[{"href":"https:\/\/ospitalarioakfundazioaeuskadi.org\/es\/wp-json\/wp\/v2\/media?parent=30998"}],"wp:term":[{"taxonomy":"category","embeddable":true,"href":"https:\/\/ospitalarioakfundazioaeuskadi.org\/es\/wp-json\/wp\/v2\/categories?post=30998"},{"taxonomy":"post_tag","embeddable":true,"href":"https:\/\/ospitalarioakfundazioaeuskadi.org\/es\/wp-json\/wp\/v2\/tags?post=30998"},{"taxonomy":"linea-asistencial","embeddable":true,"href":"https:\/\/ospitalarioakfundazioaeuskadi.org\/es\/wp-json\/wp\/v2\/linea-asistencial?post=30998"}],"curies":[{"name":"wp","href":"https:\/\/api.w.org\/{rel}","templated":true}]}}