{"id":31047,"date":"2017-06-01T00:00:00","date_gmt":"2017-06-01T00:00:00","guid":{"rendered":"http:\/\/194.35.43.170\/~aitamenninueva\/aita-menni-entidad-colaboradora-master-11269\/"},"modified":"2023-02-20T20:40:15","modified_gmt":"2023-02-20T20:40:15","slug":"aita-menni-entidad-colaboradora-master-11269","status":"publish","type":"post","link":"https:\/\/ospitalarioakfundazioaeuskadi.org\/es\/aita-menni-entidad-colaboradora-master-11269\/","title":{"rendered":"Aita Menni, entidad colaboradora en el M\u00e1ster en Gesti\u00f3n Sanitaria de la Universidad de Deusto"},"content":{"rendered":"<div class=\"texto wysiwyg\">\n<p><span>El m\u00e1ster cuenta con el apoyo y la experiencia atesorada por las entidades que colaboran en el mismo.\u00a0<\/span><\/p>\n<p><strong>Xabier Altuna,\u00a0<\/strong>\u00a0Director Financiero del Hospital Aita Menni, acudi\u00f3 en representaci\u00f3n de nuestro centro a la presentaci\u00f3n de la\u00a0<strong>III edici\u00f3n del M\u00e1ster de Gesti\u00f3n Sanitaria<\/strong>\u00a0de la Universidad de Deusto,\u00a0que tuvo lugar el d\u00eda 25 de mayo. En el acto coincidi\u00f3 con otros profesionales de la gesti\u00f3n sanitaria, concretamente de la Cl\u00ednica Asunci\u00f3n, Instituto Cl\u00ednico Quir\u00fargico de Oftalmolog\u00eda, Igurco-Servicios Sociosanitarios, Grupo IMQ, Grupo Quir\u00f3n, Grupo Vithas, San Juan de Dios, Onkologikoa, Mutualia, Fundaci\u00f3n Matia y Servicios Sociales Integrados.\u00a0<span>Hermanas Hospitalarias <a href=\"..\/investigacion-docencia\/convenios-academicos-cientificos.html\" target=\"_blank\" rel=\"noopener\">Aita Menni colabora con la Universidad de Deusto como entidad docente<\/a> en este postgrado;\u00a0<\/span>ambas instituciones mantienen asimismo un acuerdo para la rotaci\u00f3n de estudiantes que hayan cursado este mag\u00edster al igual que en las titulaciones de Psicolog\u00eda Cl\u00ednica, M\u00e1ster\u00a0en Psicolog\u00eda Cl\u00ednica y especialidad en Neuropsicolog\u00eda. \u00a0<\/p>\n<p>Reconocidas organizaciones sanitarias y sociosanitarias del \u00e1mbito privado se unen a este m\u00e1ster, que busca complementar la formaci\u00f3n y capacitaci\u00f3n de j\u00f3venes profesionales con nuevos conocimientos y habilidades directivas, enfocadas al desarrollo profesional en el sector sanitario y sociosanitario, de tal forma que se conviertan en los futuros gestores del sistema.\u00a0<span><strong>Se prev\u00e9 que el segmento de la gesti\u00f3n sanitaria sea un segmento de demanda de empleo, ya que en un plazo medio de 15 a\u00f1os se jubilar\u00e1n alrededor del 50% de las personas que ocupan puestos directivos en centros sanitarios.\u00a0<\/strong><\/span><\/p>\n<p><span>En este contexto<strong> resulta necesario ofrecer una formaci\u00f3n enfocada hacia un sector que est\u00e1 en plena transformaci\u00f3n<\/strong>, en el que, en muchos casos, deben gestionarse no solo hospitales u otras organizaciones sanitarias, sino tambi\u00e9n dispositivos integrados, redes de organizaciones y sistemas sociosanitarios. M\u00e1s all\u00e1 de las competencias cl\u00e1sicas de gesti\u00f3n, <strong>cada vez se hace precisa una mayor capacidad de liderazgo y gesti\u00f3n de equipos, sin olvidar que las competencias de gesti\u00f3n son necesarias tambi\u00e9n para l\u00edderes cl\u00ednicos, en su mayor\u00eda profesionales de la medicina y de la enfermer\u00eda.<\/strong><\/span><\/p>\n<p>La conferencia inaugural de esta tercera edici\u00f3n fue impartida por <strong>Rub\u00e9n Llop<\/strong>, profesor de Deusto Business School, y vers\u00f3 sobre <strong>liderazgo, humanismo y transformaci\u00f3n<\/strong>. A continuaci\u00f3n, en el mismo edificio de La Comercial de Deusto, se celebr\u00f3 un <strong>debate en torno a la necesidad de la profesionalizaci\u00f3n y desarrollo de la gesti\u00f3n sanitaria<\/strong>.\u00a0<\/p><\/div>\n","protected":false},"excerpt":{"rendered":"<div class=\"entry-summary\">\nProfesionales con gran experiencia de nuestro centro colaboran como docentes en este posgrado. La instituci\u00f3n tambi\u00e9n ofrece pr\u00e1cticas a estudiantes del mag\u00edster.\n<\/div>\n<div class=\"link-more\"><a href=\"https:\/\/ospitalarioakfundazioaeuskadi.org\/es\/aita-menni-entidad-colaboradora-master-11269\/\" class=\"more-link\">Seguir leyendo<span class=\"screen-reader-text\"> &ldquo;Aita Menni, entidad colaboradora en el M\u00e1ster en Gesti\u00f3n Sanitaria de la Universidad de Deusto&rdquo;<\/span>&hellip;<\/a><\/div>\n","protected":false},"author":1,"featured_media":25393,"comment_status":"closed","ping_status":"closed","sticky":false,"template":"","format":"standard","meta":{"footnotes":""},"categories":[1041,1036],"tags":[],"linea-asistencial":[],"class_list":["post-31047","post","type-post","status-publish","format-standard","has-post-thumbnail","hentry","category-calidad","category-conocimiento","entry"],"_links":{"self":[{"href":"https:\/\/ospitalarioakfundazioaeuskadi.org\/es\/wp-json\/wp\/v2\/posts\/31047","targetHints":{"allow":["GET"]}}],"collection":[{"href":"https:\/\/ospitalarioakfundazioaeuskadi.org\/es\/wp-json\/wp\/v2\/posts"}],"about":[{"href":"https:\/\/ospitalarioakfundazioaeuskadi.org\/es\/wp-json\/wp\/v2\/types\/post"}],"author":[{"embeddable":true,"href":"https:\/\/ospitalarioakfundazioaeuskadi.org\/es\/wp-json\/wp\/v2\/users\/1"}],"replies":[{"embeddable":true,"href":"https:\/\/ospitalarioakfundazioaeuskadi.org\/es\/wp-json\/wp\/v2\/comments?post=31047"}],"version-history":[{"count":2,"href":"https:\/\/ospitalarioakfundazioaeuskadi.org\/es\/wp-json\/wp\/v2\/posts\/31047\/revisions"}],"predecessor-version":[{"id":58983,"href":"https:\/\/ospitalarioakfundazioaeuskadi.org\/es\/wp-json\/wp\/v2\/posts\/31047\/revisions\/58983"}],"wp:featuredmedia":[{"embeddable":true,"href":"https:\/\/ospitalarioakfundazioaeuskadi.org\/es\/wp-json\/wp\/v2\/media\/25393"}],"wp:attachment":[{"href":"https:\/\/ospitalarioakfundazioaeuskadi.org\/es\/wp-json\/wp\/v2\/media?parent=31047"}],"wp:term":[{"taxonomy":"category","embeddable":true,"href":"https:\/\/ospitalarioakfundazioaeuskadi.org\/es\/wp-json\/wp\/v2\/categories?post=31047"},{"taxonomy":"post_tag","embeddable":true,"href":"https:\/\/ospitalarioakfundazioaeuskadi.org\/es\/wp-json\/wp\/v2\/tags?post=31047"},{"taxonomy":"linea-asistencial","embeddable":true,"href":"https:\/\/ospitalarioakfundazioaeuskadi.org\/es\/wp-json\/wp\/v2\/linea-asistencial?post=31047"}],"curies":[{"name":"wp","href":"https:\/\/api.w.org\/{rel}","templated":true}]}}