{"id":31063,"date":"2017-04-25T00:00:00","date_gmt":"2017-04-25T00:00:00","guid":{"rendered":"http:\/\/194.35.43.170\/~aitamenninueva\/aita-menni-honra-santo-fundador-11167\/"},"modified":"2022-10-25T13:49:20","modified_gmt":"2022-10-25T13:49:20","slug":"aita-menni-honra-santo-fundador-11167","status":"publish","type":"post","link":"https:\/\/ospitalarioakfundazioaeuskadi.org\/es\/aita-menni-honra-santo-fundador-11167\/","title":{"rendered":"Aita Menni honra al santo fundador"},"content":{"rendered":"<div class=\"texto wysiwyg\">\n<p>Los \u00faltimos d\u00edas han sido especiales en los centros de Aita Menni. Pacientes, familias, hermanas y colaboradores hemos participado en los actos de celebraci\u00f3n que han tenido lugar con motivo de la festividad de San Benito Menni. El <a href=\"https:\/\/www.ospitalarioakfundazioaeuskadi.org\/archivos\/201704\/festividad-san-benito-menni-deunaren-ospakizuna-1.pdf\" target=\"_blank\" rel=\"noopener\">programa de actos<\/a> de la <strong>\u2018Semana de la Hospitalidad\u2019<\/strong> comenz\u00f3 en <strong>Mondrag\u00f3n <\/strong>el pasado d\u00eda 18 con la creaci\u00f3n del Mural de los Valores y la Hospitalidad. A partir de entonces los actos se extendieron a centros y templos de <strong>Bergara, Gesalibar, San Sebasti\u00e1n, Durango, Soraluze, Eskoriatza, O\u00f1ate, Bilbao, Beasain, Villabona\u2026 <\/strong><\/p>\n<p><strong><img decoding=\"async\" src=\"https:\/\/www.ospitalarioakfundazioaeuskadi.org\/wp-content\/uploads\/2021\/10\/img-20170421-wa0007-0-1.jpg\" alt=\"\" title=\"\"><\/strong><\/p>\n<p><span>Catedral del Buen Pastor. Participaron el acto &#8216;Camino de Hospitalidad&#8217; el\u00a0Centro de D\u00eda de Da\u00f1o Cerebral Zuatzu y los CRPS de Ir\u00fan y Maldatxo<\/span><\/p>\n<p><a href=\"..\/aita-menni\/aita-menni.html\" target=\"_blank\" rel=\"noopener\">Hospital Aita Menni<\/a>, Hospital de D\u00eda de Arrasate, centros de d\u00eda de <a href=\"http:\/\/www.personamayor.org\/\" target=\"_blank\" rel=\"noopener nofollow\">personas mayores<\/a>, de <a href=\"\/es\/que-hacemos\/dano-cerebral\/\" target=\"_blank\" rel=\"noopener\">da\u00f1o cerebral<\/a>, de <a href=\"..\/psiquiatria\/centros-rehabilitacion-psicosocial\/index.html\" target=\"_blank\" rel=\"noopener\">rehabilitaci\u00f3n psicosocial <\/a>se han sumado a los actos religiosos en recuerdo de San Benito Menni. En ellos se han creado murales gr\u00e1ficos sobre la vida del santo que han formado parte del citado mural. Las charlas sobre su trayectoria y su legado se han acompa\u00f1ado de animadas citas gastron\u00f3micas para personas usuarias y profesionales. Y como no pod\u00eda ser de otro modo, el deporte y la m\u00fasica tambi\u00e9n han estado presentes. Concurridos conciertos, como el <strong>Triduo en honor a San Benito Menni<\/strong>, el de <strong><a href=\"juan-carlos-irizar-dirige-coro-8262.html\" target=\"_blank\" rel=\"noopener\">Juan Carlos Irizar<\/a><\/strong> en Villabona o el del acordeonista <strong>Juanjo Iturrioz<\/strong> en Beasain, han contribuido al \u00e9xito del programa.<\/p>\n<p>Menci\u00f3n aparte merece la colecci\u00f3n de bons\u00e1is de <strong>Jes\u00fas M\u00aa Arizmendiarrieta <\/strong>que se expuso en la recepci\u00f3n del Hospital Aita Menni. Olivos, olmos, manzanos, cerezos, hayas, robles, quejigos, pinos, bojes, sabinas e incluso un arce rojo japon\u00e9s. Como <strong>contribuci\u00f3n a esta \u2018Semana de la Hospitalidad\u2019 y en memoria de Jos\u00e9 M\u00aa Narvaiza<\/strong>, el amigo que le inculc\u00f3 la afici\u00f3n por el cultivo de los \u00e1rboles en miniatura, nuestro responsable de Recursos Humanos quiso compartir con todo el mundo algunos ejemplares de los m\u00e1s de cien que conforman su jard\u00edn japon\u00e9s.\u00a0<\/p>\n<p><img decoding=\"async\" src=\"https:\/\/www.ospitalarioakfundazioaeuskadi.org\/wp-content\/uploads\/2021\/10\/20170424_san_benito_menni-28-0-1.jpg\" alt=\"\" title=\"\"><\/p>\n<p>Homenaje por 25 a\u00f1os de colaboraci\u00f3n<\/p>\n<p>Un a\u00f1o m\u00e1s, coincidiendo con la festividad del santo patr\u00f3n, el Hospital Aita Menni quiso entregar una distinci\u00f3n a las personas colaboradoras que han cumplido 25 a\u00f1os de servicio en instituci\u00f3n. <strong>Ana M\u00aa Santor, Milagros G\u00f3mez, Kontxi Aldabe, Arrate Axpe, Jes\u00fas Moraza, Merche Sagarna, M\u00aa Jos\u00e9 Ijurra, Alfonso S\u00e1ez de Ibarra, I\u00f1igo Urrutikoetxea, Izaskun Arrese, Josune Azkoaga, M\u00aa Paz Carriet, Espe Alonso, Arantza Beitia, Carmen Gonz\u00e1lez, Iratxe Lizarralde, M\u00f3nica Etxebarria, I\u00f1aki Arizmendiarrieta, M\u00aa \u00e1ngeles Cuesta y Manoli L\u00f3pez<\/strong> fueron las personas homenajeadas.\u00a0<\/p>\n<p><a href=\"https:\/\/drive.google.com\/open?id=0B11sK1a9W22makQzZmswTnN2SUU\" target=\"_blank\" rel=\"noopener nofollow\"><img decoding=\"async\" src=\"https:\/\/www.ospitalarioakfundazioaeuskadi.org\/wp-content\/uploads\/2021\/10\/disticiones-25-anos-aita-menni-0-1.jpg\" alt=\"\" title=\"\"><\/a><\/p>\n<p><p class=\"MsoNormal titulo2\"><strong>Celebraci\u00f3n accesible e inclusiva<\/strong><\/p>\n<p>La misma tarde del d\u00eda 24, desde las 15:00 horas hasta las 17:30, <strong>las personas con enfermedad mental y discapacidad intelectual del Hospital Aita Menni organizaron una gran diversidad de actividades <\/strong>para participar en la festividad de San Benito Menni, mediante un programa de fiestas accesible, inclusivo y participativo para todo el mundo.<\/p>\n<p>El equipo de f\u00fatbol sala <a href=\"..\/pastoral-proyectos-sociales\/agrupacion-deportiva-aita-menni.html\" target=\"_blank\" rel=\"noopener\">ADAM <\/a>dio comienzo a la fiesta. Bajo un sol de justicia, sus integrantes disputaron un <strong>partido amistoso<\/strong>. Por primera vez, <strong>nuestros deportistas se encargaron tambi\u00e9n de organizar el encuentro<\/strong>: la selecci\u00f3n de jugadores y jugadoras, la conformaci\u00f3n de los equipos, organizaci\u00f3n de equipaciones y distribuci\u00f3n, preparaci\u00f3n de materiales para el partido, arbitraje, comentaristas, etc. Cantidad de p\u00fablico sigui\u00f3 el encuentro, animando como grandes seguidores, dando fuerzas y \u00e1nimos. <\/p>\n<p><a href=\"https:\/\/drive.google.com\/open?id=0B11sK1a9W22makQzZmswTnN2SUU\" target=\"_blank\" rel=\"noopener nofollow\"><img decoding=\"async\" src=\"https:\/\/www.ospitalarioakfundazioaeuskadi.org\/wp-content\/uploads\/2021\/10\/fiesta-san-benito-menni-17-1-0-1.jpg\" alt=\"\" title=\"\"><\/a><\/p>\n<p>Durante toda la tarde, el <strong>mercadillo solidario<\/strong> recaud\u00f3 fondos para el proyecto <a href=\"http:\/\/www.wearelikeyou.org\/\" target=\"_blank\" rel=\"noopener nofollow\">We Are Like You <\/a>que las Hermanas Hospitalarias tienen en Monrovia (Liberia). Se pusieron a la venta <strong>art\u00edculos que pacientes<\/strong> de distintos dispositivos de la Red Benito Menni (Hospital Aita Menni, Hospital de D\u00eda Arrasate-Mondrag\u00f3n y CRPS de Arrasate-Mondrag\u00f3n) <strong>han ido realizando en las actividades terap\u00e9uticas y talleres pre-ocupacionales<\/strong>. De nuevo los y las pacientes\u00a0<span>participaron de forma activa atendiendo\u00a0los puestos como dependientes, tomando decisiones y respondiendo a todas las preguntas de las personas interesadas en adquirir alg\u00fan producto<\/span><span>.<\/span><\/p>\n<p>A las 15:30 y durante la siguiente hora, la celebraci\u00f3n continu\u00f3 con un Gran Prix Benito Menni. Consisti\u00f3 en un concurso por equipos de pruebas y preguntas. 5 grupos heterog\u00e9neo &#8211; personas mayores, personas con movilidad reducida, pacientes de la Unidad de Psiquiatr\u00eda Legal, Media Estancia, Larga Estancia y Unidad de Discapacidad Intelectual-, se esforzaron para lograr la puntuaci\u00f3n m\u00e1xima en cada una de las pruebas. <\/p>\n<p>Finalmente, la fiesta termin\u00f3 con buenos pasos de baile, karaoke y merienda. O mejor dicho, con mucha diversi\u00f3n y disfrute, sensaciones de logro y sentido de competencia.<\/p>\n<p>150 aniversario de la llegada del padre Menni\u00a0<\/p>\n<p>Fue un 6 de abril de 1867 cuando Benito Menni llegaba a Barcelona con la misi\u00f3n de restablecer \u201c<em>en su propia cuna<\/em>\u201d la, entonces extinta, Orden de San Juan de Dios. Su venida no tardar\u00eda en dar fruto. En diciembre de ese mismo a\u00f1o inauguraba en la capital catalana la casa-asilo, considerada el primer hospital pedi\u00e1trico de Espa\u00f1a y tercero de Europa. \u00a0A\u00f1os m\u00e1s tarde fundar\u00eda la congregaci\u00f3n de las <a href=\"http:\/\/www.hospitalarias.org\/\" target=\"_blank\" rel=\"noopener nofollow\">Hermanas Hospitalarias del Sagrado Coraz\u00f3n de Jes\u00fas<\/a> y en 1898 el centro nuestro que en Mondrag\u00f3n hoy lleva su nombre.<\/p>\n<p>Para conmemorar la gran obra hospitalaria de Aita Menni y su compromiso con las personas enfermas, varios de nuestros centros han iniciado el \u00ab<strong>Camino de la Hospitalidad<\/strong>\u00ab. Han querido representar este camino que sigui\u00f3 el padre Menni desde Mil\u00e1n a Barcelona y desde Barcelona a Ciempozuelos, donde, en 1881, junto con\u00a0<a id=\"tabsF2\"><\/a><strong>Mar\u00eda Josefa Recio<\/strong> y <strong>Mar\u00eda Angustias Gim\u00e9nez,<\/strong>\u00a0fundar\u00eda la congregaci\u00f3n de Hermanas Hospitalarias. Emprender la ruta no solo pretende conocer mejor la vida del fundador sino tambi\u00e9n fomentar entre nuestras personas usuarias la actividad f\u00edsica, ya que cada hora de ejercicio equivale a 3 Km diarios recorridos. Para seguir el camino de San Benito han realizado un mural con todas las paradas, altitudes y fotos relevantes de las localidades a su paso. Sin duda, otra bonita y activa forma de recordar su inmensa labor.\u00a0<\/p>\n<p><strong>La noticia en:<\/strong><\/p>\n<p><a href=\"http:\/\/www.mondraberri.com\/mondraberri\/contenidos.item.action?id=6944947&amp;menuId=6640453&amp;onlypath=true\" target=\"_blank\" rel=\"noopener nofollow\">Mondra Berri<\/a><\/p>\n<p><a href=\"http:\/\/goiena.eus\/arrasate\/1493210038157\" target=\"_blank\" rel=\"noopener nofollow\">Goiena<\/a><\/p><\/div>\n","protected":false},"excerpt":{"rendered":"<div class=\"entry-summary\">\nCon actos muy diversos se ha festejado en los distintos centros el d\u00eda de San Benito Menni. Celebraciones religiosas, conciertos y hasta una exposici\u00f3n de bonsais han conformado el programa de este a\u00f1o, en el que se cumple el 150 aniversario de la llegada del padre Menni a Espa\u00f1a.\n<\/div>\n<div class=\"link-more\"><a href=\"https:\/\/ospitalarioakfundazioaeuskadi.org\/es\/aita-menni-honra-santo-fundador-11167\/\" class=\"more-link\">Seguir leyendo<span class=\"screen-reader-text\"> &ldquo;Aita Menni honra al santo fundador&rdquo;<\/span>&hellip;<\/a><\/div>\n","protected":false},"author":1,"featured_media":25350,"comment_status":"closed","ping_status":"closed","sticky":false,"template":"","format":"standard","meta":{"footnotes":""},"categories":[646,1030,1008],"tags":[],"linea-asistencial":[],"class_list":["post-31063","post","type-post","status-publish","format-standard","has-post-thumbnail","hentry","category-aita-menni","category-deporte-adaptado","category-hospital-aita-menni","entry"],"_links":{"self":[{"href":"https:\/\/ospitalarioakfundazioaeuskadi.org\/es\/wp-json\/wp\/v2\/posts\/31063","targetHints":{"allow":["GET"]}}],"collection":[{"href":"https:\/\/ospitalarioakfundazioaeuskadi.org\/es\/wp-json\/wp\/v2\/posts"}],"about":[{"href":"https:\/\/ospitalarioakfundazioaeuskadi.org\/es\/wp-json\/wp\/v2\/types\/post"}],"author":[{"embeddable":true,"href":"https:\/\/ospitalarioakfundazioaeuskadi.org\/es\/wp-json\/wp\/v2\/users\/1"}],"replies":[{"embeddable":true,"href":"https:\/\/ospitalarioakfundazioaeuskadi.org\/es\/wp-json\/wp\/v2\/comments?post=31063"}],"version-history":[{"count":1,"href":"https:\/\/ospitalarioakfundazioaeuskadi.org\/es\/wp-json\/wp\/v2\/posts\/31063\/revisions"}],"predecessor-version":[{"id":40221,"href":"https:\/\/ospitalarioakfundazioaeuskadi.org\/es\/wp-json\/wp\/v2\/posts\/31063\/revisions\/40221"}],"wp:featuredmedia":[{"embeddable":true,"href":"https:\/\/ospitalarioakfundazioaeuskadi.org\/es\/wp-json\/wp\/v2\/media\/25350"}],"wp:attachment":[{"href":"https:\/\/ospitalarioakfundazioaeuskadi.org\/es\/wp-json\/wp\/v2\/media?parent=31063"}],"wp:term":[{"taxonomy":"category","embeddable":true,"href":"https:\/\/ospitalarioakfundazioaeuskadi.org\/es\/wp-json\/wp\/v2\/categories?post=31063"},{"taxonomy":"post_tag","embeddable":true,"href":"https:\/\/ospitalarioakfundazioaeuskadi.org\/es\/wp-json\/wp\/v2\/tags?post=31063"},{"taxonomy":"linea-asistencial","embeddable":true,"href":"https:\/\/ospitalarioakfundazioaeuskadi.org\/es\/wp-json\/wp\/v2\/linea-asistencial?post=31063"}],"curies":[{"name":"wp","href":"https:\/\/api.w.org\/{rel}","templated":true}]}}