{"id":31137,"date":"2018-11-20T00:00:00","date_gmt":"2018-11-20T00:00:00","guid":{"rendered":"http:\/\/194.35.43.170\/~aitamenninueva\/aita-menni-presente-reunion-anual-12534\/"},"modified":"2022-12-08T22:14:59","modified_gmt":"2022-12-08T22:14:59","slug":"aita-menni-presente-reunion-anual-12534","status":"publish","type":"post","link":"https:\/\/ospitalarioakfundazioaeuskadi.org\/es\/aita-menni-presente-reunion-anual-12534\/","title":{"rendered":"Aita Menni, presente en la reuni\u00f3n anual de la Sociedad Vasco-Navarra de Psiquiatr\u00eda"},"content":{"rendered":"<div class=\"texto wysiwyg\">\n<p>Profesionales de la Psiquiatr\u00eda de Euskadi y Navarra mantuvieron el pasado d\u00eda 15 en Donostia su reuni\u00f3n anual. D<span>e nuevo, <b>el Hospital Aita Menni estuvo representado en este importante foro cient\u00edfico<\/b> en el que se\u00a0<\/span><span>analizaron varios aspectos de la actualidad de la salud mental y se profundiz\u00f3 en algunos problemas emergentes de nuestra sociedad a los que desde esta especialidad m\u00e9dica se ha de dar respuesta. El lema de e<\/span><span>sta\u00a0<\/span><a href=\"https:\/\/www.comgi.eus\/es_xvii_reunion_anual_sociedad_vasco-navarra_de_psiquiatria.aspx?feven=2018%2F11%2F15\" target=\"_blank\" rel=\"noopener nofollow\">XVII Reuni\u00f3n Anual<\/a><span>, que\u00a0<\/span><span>se celebr\u00f3 en la sede del Colegio Oficial de M\u00e9dicos de Gipuzkoa,\u00a0<\/span><span>fue <\/span><span>\u201c<b>Psiquiatria en transici\u00f3n: tendiendo puentes<\/b>\u201d.\u00a0<\/span><\/p>\n<p><span>El doctor\u00a0<\/span><b>Jos\u00e9 Ignacio Quemada<\/b><span>, responsable de la\u00a0<\/span><a href=\"..\/dano-cerebral\/menni-pais-vasco.html\" target=\"_blank\" rel=\"noopener\">Unidad de Da\u00f1o Cerebral\u00a0<\/a><span>del Hospital Aita Menni, fue el moderador del simposio &#8216;Integrando la transici\u00f3n en la pr\u00e1ctica&#8217;, que abri\u00f3 el evento.\u00a0<\/span><span><b>Rafael Segarra<\/b>,\u00a0<\/span><span>responsable de la Unidad de Primeros Episodios Psic\u00f3ticos del Hospital Universitario de Cruces, fue uno de los ponentes de este primer simposio, en el que present\u00f3 el panorama nacional de atenci\u00f3n a los primeros episodios psic\u00f3ticos, incidiendo en la <b>detecci\u00f3n precoz de la psicosis<\/b>, como primera manifestaci\u00f3n cl\u00ednica\u00a0de una enfermedad que se hace cr\u00f3nica, para su mejor pron\u00f3stico. En este mismo\u00a0<\/span><span>espacio el\u00a0<\/span><span>psiquiatra de la OSI de Araba\u00a0<\/span><b>I\u00f1aki Zorrilla<\/b><span>\u00a0<\/span><span>habl\u00f3 sobre trastornos afectivos y la <b>necesidad de que investigaci\u00f3n y pr\u00e1ctica\u00a0cl\u00ednica real vayan juntas<\/b>, haciendo especial hincapi\u00e9\u00a0en el tambi\u00e9n necesario aumento de las inversiones en el campo de la investigaci\u00f3n.<\/span><span>\u00a0\u00a0<\/span><\/p><\/div>\n","protected":false},"excerpt":{"rendered":"<div class=\"entry-summary\">\nEl doctor Jos\u00e9 Ignacio Quemada fue el moderador del primer simposio. En el encuentro se analizaron varios aspectos de la actualidad de la salud mental y se profundiz\u00f3 en algunos problemas emergentes de nuestra sociedad a los que la Psiquiatr\u00eda ha de dar respuesta.\n<\/div>\n<div class=\"link-more\"><a href=\"https:\/\/ospitalarioakfundazioaeuskadi.org\/es\/aita-menni-presente-reunion-anual-12534\/\" class=\"more-link\">Seguir leyendo<span class=\"screen-reader-text\"> &ldquo;Aita Menni, presente en la reuni\u00f3n anual de la Sociedad Vasco-Navarra de Psiquiatr\u00eda&rdquo;<\/span>&hellip;<\/a><\/div>\n","protected":false},"author":1,"featured_media":26098,"comment_status":"closed","ping_status":"closed","sticky":false,"template":"","format":"standard","meta":{"footnotes":""},"categories":[646],"tags":[],"linea-asistencial":[],"class_list":["post-31137","post","type-post","status-publish","format-standard","has-post-thumbnail","hentry","category-aita-menni","entry"],"_links":{"self":[{"href":"https:\/\/ospitalarioakfundazioaeuskadi.org\/es\/wp-json\/wp\/v2\/posts\/31137","targetHints":{"allow":["GET"]}}],"collection":[{"href":"https:\/\/ospitalarioakfundazioaeuskadi.org\/es\/wp-json\/wp\/v2\/posts"}],"about":[{"href":"https:\/\/ospitalarioakfundazioaeuskadi.org\/es\/wp-json\/wp\/v2\/types\/post"}],"author":[{"embeddable":true,"href":"https:\/\/ospitalarioakfundazioaeuskadi.org\/es\/wp-json\/wp\/v2\/users\/1"}],"replies":[{"embeddable":true,"href":"https:\/\/ospitalarioakfundazioaeuskadi.org\/es\/wp-json\/wp\/v2\/comments?post=31137"}],"version-history":[{"count":1,"href":"https:\/\/ospitalarioakfundazioaeuskadi.org\/es\/wp-json\/wp\/v2\/posts\/31137\/revisions"}],"predecessor-version":[{"id":53363,"href":"https:\/\/ospitalarioakfundazioaeuskadi.org\/es\/wp-json\/wp\/v2\/posts\/31137\/revisions\/53363"}],"wp:featuredmedia":[{"embeddable":true,"href":"https:\/\/ospitalarioakfundazioaeuskadi.org\/es\/wp-json\/wp\/v2\/media\/26098"}],"wp:attachment":[{"href":"https:\/\/ospitalarioakfundazioaeuskadi.org\/es\/wp-json\/wp\/v2\/media?parent=31137"}],"wp:term":[{"taxonomy":"category","embeddable":true,"href":"https:\/\/ospitalarioakfundazioaeuskadi.org\/es\/wp-json\/wp\/v2\/categories?post=31137"},{"taxonomy":"post_tag","embeddable":true,"href":"https:\/\/ospitalarioakfundazioaeuskadi.org\/es\/wp-json\/wp\/v2\/tags?post=31137"},{"taxonomy":"linea-asistencial","embeddable":true,"href":"https:\/\/ospitalarioakfundazioaeuskadi.org\/es\/wp-json\/wp\/v2\/linea-asistencial?post=31137"}],"curies":[{"name":"wp","href":"https:\/\/api.w.org\/{rel}","templated":true}]}}