{"id":31140,"date":"2017-05-31T00:00:00","date_gmt":"2017-05-31T00:00:00","guid":{"rendered":"http:\/\/194.35.43.170\/~aitamenninueva\/aita-menni-promueve-formacion-profesionales-11249\/"},"modified":"2023-01-20T09:28:30","modified_gmt":"2023-01-20T09:28:30","slug":"aita-menni-promueve-formacion-profesionales-11249","status":"publish","type":"post","link":"https:\/\/ospitalarioakfundazioaeuskadi.org\/es\/aita-menni-promueve-formacion-profesionales-11249\/","title":{"rendered":"Aita Menni promueve la formaci\u00f3n de sus profesionales sobre los problemas al final de la vida"},"content":{"rendered":"<div class=\"texto wysiwyg\">\n<p>Integrantes del <a href=\"https:\/\/ospitalarioakfundazioaeuskadi.org\/es\/hospitalidad\/bioetica\/\" target=\"_blank\" rel=\"noopener\">CEA <\/a>con el doctor Saralegui, primero por la izquierda.<\/p>\n<p>Ante el <strong>envejecimiento de la poblaci\u00f3n <\/strong>y la <strong>cronificaci\u00f3n<\/strong> de un buen n\u00famero de enfermedades, el documento que recoge las voluntades anticipadas (testamento\u00a0vital o instrucciones previas) se muestra cada vez m\u00e1s \u00fatil: ayuda a conocer los deseos de los pacientes y a respetarlos cuando la enfermedad o la vejez impiden expresarlos.<\/p>\n<p>Piense, reflexione&#8230; \u00bfC\u00f3mo imagina su salud en el futuro? \u00bfQu\u00e9 es para usted calidad de vida? \u00bfQu\u00e9 cuidados le gustar\u00eda recibir en la fase terminal? \u00bfQuisiera donar sus \u00f3rganos? Cuando el pron\u00f3stico anuncia pr\u00f3ximo el final de la vida, nuestro\u00a0<a href=\"https:\/\/ospitalarioakfundazioaeuskadi.org\/es\/hospitalidad\/bioetica\/\" target=\"_blank\" rel=\"noopener\">Comit\u00e9 de \u00c9tica Asistencial<\/a>\u00a0(CEA) tiene entre sus objetivos atender con dignidad a las personas en este proceso y garantizar sus derechos.\u00a0\u00a0<strong>I\u00f1aki Saralegui<\/strong>, experto en\u00a0<span style=\"background-color: #ffffff;\">temas relacionados con esta realidad, se acerc\u00f3 hasta el Hospital Aita Menni invitado por el CEA para impartir una sesi\u00f3n de formaci\u00f3n de 4 horas sobre &#8216;Voluntades anticipadas&#8217;.\u00a0<\/span><\/p>\n<p><strong>Planificaci\u00f3n de cuidados y tratamientos<\/strong><\/p>\n<p><span style=\"background-color: #ffffff;\">\u00bfParticipa\u00a0en la toma de decisiones que afectan a su salud o prefiere que decidan por usted\u00a0su familia o el personal sanitario? \u00bfSi llegado un momento no puede expresarse, qui\u00e9n quiere que lo haga por usted? La mayor\u00eda de las personas que se congregaron en la sala docente conoc\u00edan bien el significado que encierra el concepto de planificaci\u00f3n anticipada y que da respuesta en cada caso a preguntas de este tipo. La mayor\u00eda tambi\u00e9n se mostr\u00f3 de acuerdo\u00a0en que disponer por escrito y registrados los deseos personales -emocionales y espirituales- sobre la manera en que una persona quiere vivir el final de su vida ayuda en la toma de decisiones a familiares y profesionales. Sin duda favorece las relaciones entre todos en la complicada etapa en la que\u00a0se acerca la muerte, una palabra que a veces incluso cuesta utilizar.<\/span><\/p>\n<p><img decoding=\"async\" src=\"https:\/\/www.ospitalarioakfundazioaeuskadi.org\/wp-content\/uploads\/2021\/09\/charla-ultimas-voluntades-0.jpg\" alt=\"\" title=\"\"><\/p>\n<p><strong>Prepararse para esta demanda\u00a0<\/strong><\/p>\n<p>Hablar de la muerte con personas mayores o gravemente enfermas no es f\u00e1cil. Sin embargo, Saralegui en \u00c1lava\u00a0ya ha realizado\u00a0m\u00e1s de mil entrevistas. El programa de Osakidetza que coordina, con el doble objetivo de <strong>informar a la ciudadan\u00eda y formar a personas facilitadoras <\/strong>-normalmente profesionales del \u00e1mbito\u00a0del Trabajo Social, Medicina o Enfermer\u00eda-, fue incluido dentro de las Buenas Pr\u00e1cticas del Sistema Nacional de Salud. Mediante esta interesante labor comunitaria se trata de conseguir que aumente hasta un 15% en 2020 el porcentaje de personas que hayan registrado el documento de voluntades anticipadas (DVA). <em>\u00abEl DVA facilita la expresi\u00f3n de dudas y temores, fomenta la participaci\u00f3n, disminuye las decisiones err\u00f3neas\u00a0<\/em><em>y alivia el estr\u00e9s y la carga de las decisiones\u00bb,<\/em>\u00a0insisti\u00f3\u00a0<strong>I\u00f1aki Saralegui<\/strong>, a la par que recomend\u00f3 apoyarse en la figura de la persona facilitadora de voluntades anticipadas y no plantearse la conversaci\u00f3n con el paciente con el objetivo de que firme el DVA, sino <strong>propiciar<\/strong>\u00a0<strong>la deliberaci\u00f3n sobre sus valores y creencias<\/strong>. Un\u00a0<strong>cuestionario\u00a0de reflexi\u00f3n<\/strong>\u00a0como el que puede descargarse en este <a href=\"https:\/\/www.ospitalarioakfundazioaeuskadi.org\/archivos\/201705\/reflexione_voluntades-anticipadas-1.pdf\" target=\"_blank\" rel=\"noopener\">enlace<\/a> puede ayudar a\u00a0tratar la planificaci\u00f3n anticipada dentro de la relaci\u00f3n cl\u00ednica.<\/p>\n<p>Pero la planificaci\u00f3n va m\u00e1s all\u00e1. \u00bfQui\u00e9n decidir\u00e1 por m\u00ed? Es muy importante nombrar a alguien que llegado el momento ejerza como representante. La persona o personas depositarias de esa confianza han de conocer sus valores, saber cu\u00e1les son las cosas que hacen que para el paciente la vida merezca la pena, cu\u00e1les son sus temores. El hecho de poner por escrito sus opciones en escenarios concretos (ej. rechazo o aceptaci\u00f3n de tratamiento que prolongue el proceso de morir en tramo terminal) aclarar\u00e1 muchas dudas.<\/p>\n<p><img decoding=\"async\" src=\"https:\/\/www.ospitalarioakfundazioaeuskadi.org\/wp-content\/uploads\/2021\/09\/dva-ventajas-1-0.jpg\" alt=\"\" title=\"\"><\/p>\n<p><strong>Cada persona puede redactar a su gusto su\u00a0<a href=\"http:\/\/www.euskadi.eus\/gobierno-vasco\/-\/informacion\/registro-vasco-de-voluntades-anticipadas\/\" target=\"_blank\" rel=\"noopener nofollow\">documento de voluntades anticipadas<\/a>\u00a0si bien para que tenga validez, quien lo suscribe ha de ser mayor de edad y ha de registrarlo<\/strong>. Si lo desea podr\u00e1 a revocarlo, ampliarlo o renovarlo. El documento ser\u00e1 utilizado en caso de necesidad e interpretado por su representante, siempre de acuerdo al ordenamiento jur\u00eddico vigente. Para m\u00e1s informaci\u00f3n, Saralegui sugiere consultar, por ejemplo, la &#8216;<a href=\"https:\/\/www.juntadeandalucia.es\/salud\/rv2\/pdf\/guia_rva_nueva_v2.pdf\" target=\"_blank\" rel=\"noopener nofollow\">Gu\u00eda para hacer la Voluntad Anticipada&#8217; de la Junta de Andaluc\u00eda<\/a>.<\/p>\n<p>El doctor Saralegui se remont\u00f3 al\u00a0<a href=\"http:\/\/www.coe.int\/en\/web\/conventions\/full-list\/-\/conventions\/treaty\/164\" target=\"_blank\" rel=\"noopener nofollow\">Convenio sobre Derechos Humanos y Biomedicina<\/a>, suscrito en Oviedo por 21 pa\u00edses en 1997, para subrayar la importancia de las voluntades anticipadas en el tiempo. Este acuerdo, impulsado por el\u00a0Consejo de Europa, defiende los valores humanos frente a los desarrollos cient\u00edficos. El ponente record\u00f3 que la\u00a0<a href=\"https:\/\/www.boe.es\/diario_boe\/txt.php?id=BOE-A-1986-10499\" target=\"_blank\" rel=\"noopener nofollow\">Ley General de Sanidad de 1986<\/a>\u00a0ya recog\u00eda el derecho a decidir del paciente sobre su tratamiento m\u00e9dico. El marco jur\u00eddico se completa en nuestro entorno con la\u00a0<a href=\"https:\/\/www.boe.es\/buscar\/pdf\/2002\/BOE-A-2002-22188-consolidado.pdf\" target=\"_blank\" rel=\"noopener nofollow\">Ley 41\/2002 del Pa\u00eds Vasco<\/a>, reguladora de la autonom\u00eda del paciente y de los derechos y obligaciones en materia de informaci\u00f3n y documentaci\u00f3n cl\u00ednica.<\/p>\n<\/div>\n","protected":false},"excerpt":{"rendered":"<div class=\"entry-summary\">\nReflexionamos sobre la preparaci\u00f3n del final de la vida con I\u00f1aki Saralegui. Experto en planificaci\u00f3n anticipada y m\u00e9dico intensivista del Hospital de Santiago en Vitoria, acudi\u00f3 a nuestro centro invitado por el Comit\u00e9 de \u00c9tica Asistencial.\n<\/div>\n<div class=\"link-more\"><a href=\"https:\/\/ospitalarioakfundazioaeuskadi.org\/es\/aita-menni-promueve-formacion-profesionales-11249\/\" class=\"more-link\">Seguir leyendo<span class=\"screen-reader-text\"> &ldquo;Aita Menni promueve la formaci\u00f3n de sus profesionales sobre los problemas al final de la vida&rdquo;<\/span>&hellip;<\/a><\/div>\n","protected":false},"author":1,"featured_media":25379,"comment_status":"closed","ping_status":"closed","sticky":false,"template":"","format":"standard","meta":{"footnotes":""},"categories":[1040,1036],"tags":[],"linea-asistencial":[],"class_list":["post-31140","post","type-post","status-publish","format-standard","has-post-thumbnail","hentry","category-bioetica","category-conocimiento","entry"],"_links":{"self":[{"href":"https:\/\/ospitalarioakfundazioaeuskadi.org\/es\/wp-json\/wp\/v2\/posts\/31140","targetHints":{"allow":["GET"]}}],"collection":[{"href":"https:\/\/ospitalarioakfundazioaeuskadi.org\/es\/wp-json\/wp\/v2\/posts"}],"about":[{"href":"https:\/\/ospitalarioakfundazioaeuskadi.org\/es\/wp-json\/wp\/v2\/types\/post"}],"author":[{"embeddable":true,"href":"https:\/\/ospitalarioakfundazioaeuskadi.org\/es\/wp-json\/wp\/v2\/users\/1"}],"replies":[{"embeddable":true,"href":"https:\/\/ospitalarioakfundazioaeuskadi.org\/es\/wp-json\/wp\/v2\/comments?post=31140"}],"version-history":[{"count":4,"href":"https:\/\/ospitalarioakfundazioaeuskadi.org\/es\/wp-json\/wp\/v2\/posts\/31140\/revisions"}],"predecessor-version":[{"id":57945,"href":"https:\/\/ospitalarioakfundazioaeuskadi.org\/es\/wp-json\/wp\/v2\/posts\/31140\/revisions\/57945"}],"wp:featuredmedia":[{"embeddable":true,"href":"https:\/\/ospitalarioakfundazioaeuskadi.org\/es\/wp-json\/wp\/v2\/media\/25379"}],"wp:attachment":[{"href":"https:\/\/ospitalarioakfundazioaeuskadi.org\/es\/wp-json\/wp\/v2\/media?parent=31140"}],"wp:term":[{"taxonomy":"category","embeddable":true,"href":"https:\/\/ospitalarioakfundazioaeuskadi.org\/es\/wp-json\/wp\/v2\/categories?post=31140"},{"taxonomy":"post_tag","embeddable":true,"href":"https:\/\/ospitalarioakfundazioaeuskadi.org\/es\/wp-json\/wp\/v2\/tags?post=31140"},{"taxonomy":"linea-asistencial","embeddable":true,"href":"https:\/\/ospitalarioakfundazioaeuskadi.org\/es\/wp-json\/wp\/v2\/linea-asistencial?post=31140"}],"curies":[{"name":"wp","href":"https:\/\/api.w.org\/{rel}","templated":true}]}}